{"id":65602,"date":"2024-12-16T07:47:54","date_gmt":"2024-12-16T07:47:54","guid":{"rendered":"https:\/\/www.diarionoti7.com.mx\/?p=65602"},"modified":"2024-12-16T17:49:18","modified_gmt":"2024-12-16T17:49:18","slug":"fortalece-seph-compromiso-de-julio-menchaca-de-formar-profesionistas-con-educacion-de-excelencia","status":"publish","type":"post","link":"https:\/\/www.diarionoti7.com.mx\/?p=65602","title":{"rendered":"Fortalece SEPH Compromiso de Julio Menchaca de Formar Profesionistas Con Educaci\u00f3n de Excelencia"},"content":{"rendered":"\t\t<div data-elementor-type=\"wp-post\" data-elementor-id=\"65602\" class=\"elementor elementor-65602\">\n\t\t\t\t\t\t\t\t\t<section class=\"elementor-section elementor-top-section elementor-element elementor-element-c09b8f0 elementor-section-boxed elementor-section-height-default elementor-section-height-default\" data-id=\"c09b8f0\" data-element_type=\"section\">\n\t\t\t\t\t\t<div class=\"elementor-container elementor-column-gap-default\">\n\t\t\t\t\t<div class=\"elementor-column elementor-col-100 elementor-top-column elementor-element elementor-element-955a561\" data-id=\"955a561\" data-element_type=\"column\">\n\t\t\t<div class=\"elementor-widget-wrap elementor-element-populated\">\n\t\t\t\t\t\t\t\t<div class=\"elementor-element elementor-element-0ce869c elementor-widget elementor-widget-text-editor\" data-id=\"0ce869c\" data-element_type=\"widget\" data-widget_type=\"text-editor.default\">\n\t\t\t\t<div class=\"elementor-widget-container\">\n\t\t\t<style>\/*! elementor - v3.10.2 - 29-01-2023 *\/\n.elementor-widget-text-editor.elementor-drop-cap-view-stacked .elementor-drop-cap{background-color:#818a91;color:#fff}.elementor-widget-text-editor.elementor-drop-cap-view-framed .elementor-drop-cap{color:#818a91;border:3px solid;background-color:transparent}.elementor-widget-text-editor:not(.elementor-drop-cap-view-default) .elementor-drop-cap{margin-top:8px}.elementor-widget-text-editor:not(.elementor-drop-cap-view-default) .elementor-drop-cap-letter{width:1em;height:1em}.elementor-widget-text-editor .elementor-drop-cap{float:left;text-align:center;line-height:1;font-size:50px}.elementor-widget-text-editor .elementor-drop-cap-letter{display:inline-block}<\/style>\t\t\t\t<p><strong>-El titular de la secretar\u00eda entreg\u00f3 t\u00edtulos a egresadas y egresados de ITESHU.<\/strong><\/p><p><strong>Pachuca, Hgo., 15 de diciembre de 2024.- <\/strong>\u201cCon esta ceremonia de entrega de t\u00edtulos profesionales, se cumple el compromiso con la sociedad hidalguense del gobierno encabezado por Julio Menchaca, de formar profesionistas con una educaci\u00f3n de relevancia y excelencia, confirmando as\u00ed que estamos transformando a nuestra entidad, principalmente con educaci\u00f3n\u201d, afirm\u00f3 el titular de la Secretar\u00eda de Educaci\u00f3n P\u00fablica de Hidalgo (SEPH), Natividad Castrej\u00f3n Valdez.<\/p><p>Al entregar 325 t\u00edtulos a egresadas y egresados que concluyeron su educaci\u00f3n profesional en el Instituto Tecnol\u00f3gico Superior de Huichapan (ITESHU), el secretario, indic\u00f3:<\/p><p>\u201cHoy reciben un documento que acredita el haber terminado una carrera, y que, sin duda, representa los retos y desaf\u00edos que enfrentaron para alcanzar esta importante meta, confirmando que, habiendo probado la adversidad, han desarrollado competencias y capacidades para hacer realidad sus proyectos de vida\u201d.<\/p><p>La directora general de ITESHU, Imelda P\u00e9rez Espinoza, destac\u00f3 que con esta entrega se detona el desarrollo social de la regi\u00f3n:<\/p><p>\u201cRecuerden que la graduaci\u00f3n no es el final de este aprendizaje, es solo el fin de un comienzo, es integral a nuestras vidas, mientras vivimos debemos de aprender, pues cuando dejamos de aprender hemos dejado de vivir, ustedes nunca dejar\u00e1n de existir para esta instituci\u00f3n\u201d.<\/p><p>En representaci\u00f3n de sus compa\u00f1eros, la egresada de Arquitectura, Zeltzin Julieta Zanabria Yerena, dijo que est\u00e1n en un momento que marca el final de una etapa y el inicio de una nueva aventura llena de desaf\u00edos y oportunidades que los har\u00e1n crecer como profesionistas y como personas.<\/p><p>\u201cComo arquitectos e ingenieros, estamos llamados a resolver problemas y construir soluciones, pero m\u00e1s all\u00e1 de eso tambi\u00e9n estamos construy\u00e9ndonos a nosotros mismos\u201d, expres\u00f3.<\/p><p>Cabe destacar que las egresadas y egresados pertenecen a los programas educativos de: Arquitectura, Gastronom\u00eda, as\u00ed como las ingenier\u00edas en Administraci\u00f3n, Sistemas Computacionales, Mecatr\u00f3nica, Industrial, Gesti\u00f3n Empresarial, Innovaci\u00f3n Agr\u00edcola Sustentable, Energ\u00edas Renovables y la Maestr\u00eda en Ingenier\u00eda Mecatr\u00f3nica.<\/p><p>En el evento estuvieron presentes mun\u00edcipes, como Yeymi Yadira Sol\u00eds Zavala de Huichapan y, Eligio Figueroa Ch\u00e1vez, de Chapantongo; el subsecretario de Desarrollo Social y Humano de la Secretar\u00eda del Bienestar e Inclusi\u00f3n Social (Sebiso), David Robles Hern\u00e1ndez, as\u00ed como la directora general de Profesiones, Flor Guadalupe Hern\u00e1ndez Ibarra, entre otros funcionarios.<\/p>\t\t\t\t\t\t<\/div>\n\t\t\t\t<\/div>\n\t\t\t\t\t<\/div>\n\t\t<\/div>\n\t\t\t\t\t\t\t<\/div>\n\t\t<\/section>\n\t\t\t\t\t\t\t<\/div>\n\t\t","protected":false},"excerpt":{"rendered":"<p>-El titular de la secretar\u00eda entreg\u00f3 t\u00edtulos a egresadas y egresados de ITESHU. Pachuca, Hgo., 15 de diciembre de 2024.- \u201cCon esta ceremonia de entrega de t\u00edtulos profesionales, se cumple el compromiso con la sociedad hidalguense del gobierno encabezado por Julio Menchaca, de formar profesionistas con una educaci\u00f3n de relevancia y excelencia, confirmando as\u00ed que [&hellip;]<\/p>\n","protected":false},"author":1,"featured_media":65605,"comment_status":"closed","ping_status":"closed","sticky":false,"template":"","format":"standard","meta":[],"categories":[4],"tags":[],"_links":{"self":[{"href":"https:\/\/www.diarionoti7.com.mx\/index.php?rest_route=\/wp\/v2\/posts\/65602"}],"collection":[{"href":"https:\/\/www.diarionoti7.com.mx\/index.php?rest_route=\/wp\/v2\/posts"}],"about":[{"href":"https:\/\/www.diarionoti7.com.mx\/index.php?rest_route=\/wp\/v2\/types\/post"}],"author":[{"embeddable":true,"href":"https:\/\/www.diarionoti7.com.mx\/index.php?rest_route=\/wp\/v2\/users\/1"}],"replies":[{"embeddable":true,"href":"https:\/\/www.diarionoti7.com.mx\/index.php?rest_route=%2Fwp%2Fv2%2Fcomments&post=65602"}],"version-history":[{"count":4,"href":"https:\/\/www.diarionoti7.com.mx\/index.php?rest_route=\/wp\/v2\/posts\/65602\/revisions"}],"predecessor-version":[{"id":65608,"href":"https:\/\/www.diarionoti7.com.mx\/index.php?rest_route=\/wp\/v2\/posts\/65602\/revisions\/65608"}],"wp:featuredmedia":[{"embeddable":true,"href":"https:\/\/www.diarionoti7.com.mx\/index.php?rest_route=\/wp\/v2\/media\/65605"}],"wp:attachment":[{"href":"https:\/\/www.diarionoti7.com.mx\/index.php?rest_route=%2Fwp%2Fv2%2Fmedia&parent=65602"}],"wp:term":[{"taxonomy":"category","embeddable":true,"href":"https:\/\/www.diarionoti7.com.mx\/index.php?rest_route=%2Fwp%2Fv2%2Fcategories&post=65602"},{"taxonomy":"post_tag","embeddable":true,"href":"https:\/\/www.diarionoti7.com.mx\/index.php?rest_route=%2Fwp%2Fv2%2Ftags&post=65602"}],"curies":[{"name":"wp","href":"https:\/\/api.w.org\/{rel}","templated":true}]}}