{"id":65296,"date":"2024-12-13T07:59:08","date_gmt":"2024-12-13T07:59:08","guid":{"rendered":"https:\/\/www.diarionoti7.com.mx\/?p=65296"},"modified":"2024-12-13T18:00:43","modified_gmt":"2024-12-13T18:00:43","slug":"concluye-con-exito-la-termonebulizacion-en-el-litoral-de-la-presa-endho","status":"publish","type":"post","link":"https:\/\/www.diarionoti7.com.mx\/?p=65296","title":{"rendered":"Concluye Con \u00c9xito la Termonebulizaci\u00f3n en el Litoral de la Presa Endh\u00f3"},"content":{"rendered":"\t\t<div data-elementor-type=\"wp-post\" data-elementor-id=\"65296\" class=\"elementor elementor-65296\">\n\t\t\t\t\t\t\t\t\t<section class=\"elementor-section elementor-top-section elementor-element elementor-element-c09b8f0 elementor-section-boxed elementor-section-height-default elementor-section-height-default\" data-id=\"c09b8f0\" data-element_type=\"section\">\n\t\t\t\t\t\t<div class=\"elementor-container elementor-column-gap-default\">\n\t\t\t\t\t<div class=\"elementor-column elementor-col-100 elementor-top-column elementor-element elementor-element-955a561\" data-id=\"955a561\" data-element_type=\"column\">\n\t\t\t<div class=\"elementor-widget-wrap elementor-element-populated\">\n\t\t\t\t\t\t\t\t<div class=\"elementor-element elementor-element-0ce869c elementor-widget elementor-widget-text-editor\" data-id=\"0ce869c\" data-element_type=\"widget\" data-widget_type=\"text-editor.default\">\n\t\t\t\t<div class=\"elementor-widget-container\">\n\t\t\t<style>\/*! elementor - v3.10.2 - 29-01-2023 *\/\n.elementor-widget-text-editor.elementor-drop-cap-view-stacked .elementor-drop-cap{background-color:#818a91;color:#fff}.elementor-widget-text-editor.elementor-drop-cap-view-framed .elementor-drop-cap{color:#818a91;border:3px solid;background-color:transparent}.elementor-widget-text-editor:not(.elementor-drop-cap-view-default) .elementor-drop-cap{margin-top:8px}.elementor-widget-text-editor:not(.elementor-drop-cap-view-default) .elementor-drop-cap-letter{width:1em;height:1em}.elementor-widget-text-editor .elementor-drop-cap{float:left;text-align:center;line-height:1;font-size:50px}.elementor-widget-text-editor .elementor-drop-cap-letter{display:inline-block}<\/style>\t\t\t\t<p><strong>-Brigadas de Semarnath y la Defensa contin\u00faan con las labores para atender la proliferaci\u00f3n de lirio acu\u00e1tico y mosco C\u00falex<\/strong><\/p><p><strong>Pachuca, Hgo., 12 de diciembre de 2024.- <\/strong>La Secretar\u00eda de Medio Ambiente y Recursos Naturales de Hidalgo (Semarnath) informa que, tras siete d\u00edas de trabajo intensivo, se ha concluido con \u00e9xito la termonebulizaci\u00f3n en el litoral de la presa Endh\u00f3.<\/p><p>Este operativo tuvo como principal objetivo reducir la densidad de moscos adultos presente en el lirio acu\u00e1tico, contribuyendo al bienestar y salud de las comunidades cercanas.<\/p><p>Las jornadas de trabajo se llevaron a cabo en horarios matutinos y vespertinos, bajo la coordinaci\u00f3n del personal t\u00e9cnico de la Semarnath. En este esfuerzo conjunto participaron la Secretar\u00eda de la Defensa Nacional (Defensa), los municipios de Tula, Tepetil\u00e1n, as\u00ed como el \u00e1rea de Vectores del Sector Salud y delegados de diversas comunidades aleda\u00f1as.<\/p><p>Las localidades beneficiadas por esta acci\u00f3n incluyeron Michimaloya, Michimaltongo, El Retiro, Xijay de Cuauht\u00e9moc, San Pedro Nextlalpan, La Loma, La Ermita, Benito Ju\u00e1rez, La Curva, San Francisco Bojay Pueblo y el Comisariado Ejidal de Santa Ana Ahuehuepan.<\/p><p>Adicionalmente, se informa que contin\u00faan los trabajos de control del lirio acu\u00e1tico en la presa Endh\u00f3, una labor que es realizada por 40 brigadistas de incendios forestales, 17 brigadistas de Tecocomulco, 20 brigadistas de Recursos Naturales y Materiales y 42 elementos del Ej\u00e9rcito Mexicano de la Secretar\u00eda de la Defensa Nacional.<\/p><p>Esta estrategia forma parte del compromiso del gobernador Julio Menchaca, con acciones concretas para mitigar riesgos ambientales y proteger la salud p\u00fablica en la regi\u00f3n. Con ello, se refuerza la colaboraci\u00f3n interinstitucional y comunitaria para atender los desaf\u00edos ambientales de manera efectiva.<\/p>\t\t\t\t\t\t<\/div>\n\t\t\t\t<\/div>\n\t\t\t\t\t<\/div>\n\t\t<\/div>\n\t\t\t\t\t\t\t<\/div>\n\t\t<\/section>\n\t\t\t\t<section class=\"elementor-section elementor-top-section elementor-element elementor-element-864b999 elementor-section-boxed elementor-section-height-default elementor-section-height-default\" data-id=\"864b999\" data-element_type=\"section\">\n\t\t\t\t\t\t<div class=\"elementor-container elementor-column-gap-default\">\n\t\t\t\t\t<div class=\"elementor-column elementor-col-100 elementor-top-column elementor-element elementor-element-476de06\" data-id=\"476de06\" data-element_type=\"column\">\n\t\t\t<div class=\"elementor-widget-wrap elementor-element-populated\">\n\t\t\t\t\t\t\t\t<div class=\"elementor-element elementor-element-64fa18a elementor-aspect-ratio-169 elementor-widget elementor-widget-video\" data-id=\"64fa18a\" data-element_type=\"widget\" data-settings=\"{&quot;youtube_url&quot;:&quot;https:\\\/\\\/youtu.be\\\/gPXPYN9qVn0&quot;,&quot;video_type&quot;:&quot;youtube&quot;,&quot;controls&quot;:&quot;yes&quot;,&quot;aspect_ratio&quot;:&quot;169&quot;}\" data-widget_type=\"video.default\">\n\t\t\t\t<div class=\"elementor-widget-container\">\n\t\t\t<style>\/*! elementor - v3.10.2 - 29-01-2023 *\/\n.elementor-widget-video .elementor-widget-container{overflow:hidden;transform:translateZ(0)}.elementor-widget-video .elementor-open-inline .elementor-custom-embed-image-overlay{position:absolute;top:0;left:0;width:100%;height:100%;background-size:cover;background-position:50%}.elementor-widget-video .elementor-custom-embed-image-overlay{cursor:pointer;text-align:center}.elementor-widget-video .elementor-custom-embed-image-overlay:hover .elementor-custom-embed-play i{opacity:1}.elementor-widget-video .elementor-custom-embed-image-overlay img{display:block;width:100%}.elementor-widget-video .e-hosted-video .elementor-video{-o-object-fit:cover;object-fit:cover}.e-con-inner>.elementor-widget-video,.e-con>.elementor-widget-video{width:var(--container-widget-width);--flex-grow:var(--container-widget-flex-grow)}<\/style>\t\t<div class=\"elementor-wrapper elementor-fit-aspect-ratio elementor-open-inline\">\n\t\t\t<div class=\"elementor-video\"><\/div>\t\t<\/div>\n\t\t\t\t<\/div>\n\t\t\t\t<\/div>\n\t\t\t\t\t<\/div>\n\t\t<\/div>\n\t\t\t\t\t\t\t<\/div>\n\t\t<\/section>\n\t\t\t\t\t\t\t<\/div>\n\t\t","protected":false},"excerpt":{"rendered":"<p>-Brigadas de Semarnath y la Defensa contin\u00faan con las labores para atender la proliferaci\u00f3n de lirio acu\u00e1tico y mosco C\u00falex Pachuca, Hgo., 12 de diciembre de 2024.- La Secretar\u00eda de Medio Ambiente y Recursos Naturales de Hidalgo (Semarnath) informa que, tras siete d\u00edas de trabajo intensivo, se ha concluido con \u00e9xito la termonebulizaci\u00f3n en el [&hellip;]<\/p>\n","protected":false},"author":1,"featured_media":65299,"comment_status":"closed","ping_status":"closed","sticky":false,"template":"","format":"standard","meta":[],"categories":[9,22],"tags":[],"_links":{"self":[{"href":"https:\/\/www.diarionoti7.com.mx\/index.php?rest_route=\/wp\/v2\/posts\/65296"}],"collection":[{"href":"https:\/\/www.diarionoti7.com.mx\/index.php?rest_route=\/wp\/v2\/posts"}],"about":[{"href":"https:\/\/www.diarionoti7.com.mx\/index.php?rest_route=\/wp\/v2\/types\/post"}],"author":[{"embeddable":true,"href":"https:\/\/www.diarionoti7.com.mx\/index.php?rest_route=\/wp\/v2\/users\/1"}],"replies":[{"embeddable":true,"href":"https:\/\/www.diarionoti7.com.mx\/index.php?rest_route=%2Fwp%2Fv2%2Fcomments&post=65296"}],"version-history":[{"count":7,"href":"https:\/\/www.diarionoti7.com.mx\/index.php?rest_route=\/wp\/v2\/posts\/65296\/revisions"}],"predecessor-version":[{"id":65305,"href":"https:\/\/www.diarionoti7.com.mx\/index.php?rest_route=\/wp\/v2\/posts\/65296\/revisions\/65305"}],"wp:featuredmedia":[{"embeddable":true,"href":"https:\/\/www.diarionoti7.com.mx\/index.php?rest_route=\/wp\/v2\/media\/65299"}],"wp:attachment":[{"href":"https:\/\/www.diarionoti7.com.mx\/index.php?rest_route=%2Fwp%2Fv2%2Fmedia&parent=65296"}],"wp:term":[{"taxonomy":"category","embeddable":true,"href":"https:\/\/www.diarionoti7.com.mx\/index.php?rest_route=%2Fwp%2Fv2%2Fcategories&post=65296"},{"taxonomy":"post_tag","embeddable":true,"href":"https:\/\/www.diarionoti7.com.mx\/index.php?rest_route=%2Fwp%2Fv2%2Ftags&post=65296"}],"curies":[{"name":"wp","href":"https:\/\/api.w.org\/{rel}","templated":true}]}}