{"id":64475,"date":"2024-12-04T08:57:43","date_gmt":"2024-12-04T08:57:43","guid":{"rendered":"https:\/\/www.diarionoti7.com.mx\/?p=64475"},"modified":"2024-12-04T19:00:05","modified_gmt":"2024-12-04T19:00:05","slug":"con-apoyos-directos-a-sectores-de-la-poblacion-menchaca-salazar-cumple-el-compromiso-de-mantener-cercania-con-la-gente","status":"publish","type":"post","link":"https:\/\/www.diarionoti7.com.mx\/?p=64475","title":{"rendered":"Con apoyos directos a sectores de la poblaci\u00f3n, Menchaca Salazar cumple el compromiso de mantener cercan\u00eda con la gente"},"content":{"rendered":"\t\t<div data-elementor-type=\"wp-post\" data-elementor-id=\"64475\" class=\"elementor elementor-64475\">\n\t\t\t\t\t\t\t\t\t<section class=\"elementor-section elementor-top-section elementor-element elementor-element-c09b8f0 elementor-section-boxed elementor-section-height-default elementor-section-height-default\" data-id=\"c09b8f0\" data-element_type=\"section\">\n\t\t\t\t\t\t<div class=\"elementor-container elementor-column-gap-default\">\n\t\t\t\t\t<div class=\"elementor-column elementor-col-100 elementor-top-column elementor-element elementor-element-955a561\" data-id=\"955a561\" data-element_type=\"column\">\n\t\t\t<div class=\"elementor-widget-wrap elementor-element-populated\">\n\t\t\t\t\t\t\t\t<div class=\"elementor-element elementor-element-0ce869c elementor-widget elementor-widget-text-editor\" data-id=\"0ce869c\" data-element_type=\"widget\" data-widget_type=\"text-editor.default\">\n\t\t\t\t<div class=\"elementor-widget-container\">\n\t\t\t<style>\/*! elementor - v3.10.2 - 29-01-2023 *\/\n.elementor-widget-text-editor.elementor-drop-cap-view-stacked .elementor-drop-cap{background-color:#818a91;color:#fff}.elementor-widget-text-editor.elementor-drop-cap-view-framed .elementor-drop-cap{color:#818a91;border:3px solid;background-color:transparent}.elementor-widget-text-editor:not(.elementor-drop-cap-view-default) .elementor-drop-cap{margin-top:8px}.elementor-widget-text-editor:not(.elementor-drop-cap-view-default) .elementor-drop-cap-letter{width:1em;height:1em}.elementor-widget-text-editor .elementor-drop-cap{float:left;text-align:center;line-height:1;font-size:50px}.elementor-widget-text-editor .elementor-drop-cap-letter{display:inline-block}<\/style>\t\t\t\t<p><strong>*Pacula Recibe m\u00e1s 48 millones de pesos de inversiones en Pavimentaci\u00f3n de carretera San Francisco, carretera principal a Pacula y\u00a0\u00a0 l\u00ednea de conducci\u00f3n de agua potable \u00a0<\/strong><\/p><p><strong>Pacula, Hgo., 3 de diciembre de 2024.- <\/strong>Como parte de las Rutas de la Transformaci\u00f3n, el gobernador de Hidalgo, Julio Menchaca Salazar, asisti\u00f3 con la Feria de Servicios al municipio de Pacula, desde donde realiz\u00f3 la entrega de Diagn\u00f3sticos de Potencial Tur\u00edstico Regional a los ayuntamientos de Pacula, Jacala de Ledezma, Pisaflores, Chapulhuac\u00e1n y La Misi\u00f3n.<\/p><p>En su mensaje, el mandatario asegur\u00f3 que, mediante estas giras de trabajo, misma que ya han recorrido el territorio estatal en tres ocasiones, se cumple con el compromiso de mantener un gobierno cercano a las necesidades de la poblaci\u00f3n de cada regi\u00f3n de la entidad, y enfatiz\u00f3 que el presupuesto se enfoca en atender a todos los sectores, pero con \u00e9nfasis en los m\u00e1s vulnerables.<\/p><p>Dentro de las obras concluidas en Pacula, destac\u00f3 la pavimentaci\u00f3n hidr\u00e1ulica del acceso a la localidad de San Francisco y la construcci\u00f3n de la l\u00ednea de conducci\u00f3n de agua potable derivaci\u00f3n La Puerta-Jiliapan, Los Fresnos, Canoas y Jiliapan, acciones que suman 21 millones 489 mil pesos de inversi\u00f3n.<\/p><p>A lo anterior se a\u00f1aden m\u00e1s de 17 millones de pesos para la pr\u00f3xima pavimentaci\u00f3n de la carretera principal de Pacula a la Estancia en los tramos Puerto Jilialpan a la Mohonera, la pavimentaci\u00f3n hidr\u00e1ulica del boulevard Vicente-Pacula, as\u00ed como la construcci\u00f3n del sistema de agua potable a Milpas Viejas, con una inversi\u00f3n estatal de 10 millones de pesos.<\/p><p>En el evento, el gobernador atestigu\u00f3 la entrega de los programas \u201cApoyo para el Bienestar y Desarrollo\u201d, \u201cBienestar de Madres Solteras\u201d y \u201cFomento al Desarrollo de la Participaci\u00f3n Social\u201d, para 203 personas originarias de Pacula, Jacala, Zimap\u00e1n y La Misi\u00f3n, contando con un techo presupuestal de un mill\u00f3n 798 mil 400 pesos.<\/p><p>Adem\u00e1s, entreg\u00f3 est\u00edmulos de los programas \u201cMujer de Ma\u00edz\u201d, \u201cHilos de Identidad\u201d y \u201cEco-Estufas del Bienestar\u201d, que representan 731 mil 194 pesos, en beneficio de 65 personas.<\/p><p>Jos\u00e9 Christian Buend\u00eda Andrade, alcalde de Pacula, agradeci\u00f3 que este municipio forme parte de las pol\u00edticas p\u00fablicas de la actual administraci\u00f3n estatal, pues hac\u00eda m\u00e1s de 12 a\u00f1os que un gobernador no visitaba esta demarcaci\u00f3n.<\/p><p>La titular de la Secretar\u00eda de Cultura, Neyda Naranjo Baltazar, realiz\u00f3 la clausura del \u201cProyecto 84: transformando a trav\u00e9s del arte\u201d que, por primera vez, permiti\u00f3 acercar la oferta cultural a los 84 municipios mediante 168 talleres de artes visuales a ni\u00f1as y ni\u00f1os, por medio de un recurso de 976 mil 408 pesos.<\/p><p>La secretaria de Turismo, Elizabeth Quintanar G\u00f3mez, explic\u00f3 que los Diagn\u00f3sticos de Potencial Tur\u00edstico entregados permitir\u00e1n a los distintos ayuntamientos encontrar las debilidades y las fortalezas del turismo comunitario dentro de sus propios contextos.<\/p><p>En tanto, el secretario de Infraestructura P\u00fablica y Desarrollo Urbano Sostenible, Alejandro S\u00e1nchez Garc\u00eda, inform\u00f3 que, en la regi\u00f3n conformada por Jacala, Pacula, La Misi\u00f3n, Chapulhuac\u00e1n y Pisaflores se invierten m\u00e1s de 200 millones de pesos.<\/p><p>Ricardo G\u00f3mez Moreno, secretario de Bienestar e Inclusi\u00f3n Social, a\u00f1adi\u00f3 que en esta regi\u00f3n se han entregado m\u00e1s de 3 millones de pesos para atender a los sectores m\u00e1s vulnerables.<\/p><p>Finalmente, el comisionado estatal para el Desarrollo Sostenible de los Pueblos Ind\u00edgenas, Prisco Manuel Guti\u00e9rrez, explic\u00f3 que los est\u00edmulos entregados van encaminados a reducir los riesgos de enfermedades pulmonares, impulsar el talento y generar autonom\u00eda econ\u00f3mica de mujeres y personas artesanas.<\/p>\t\t\t\t\t\t<\/div>\n\t\t\t\t<\/div>\n\t\t\t\t\t<\/div>\n\t\t<\/div>\n\t\t\t\t\t\t\t<\/div>\n\t\t<\/section>\n\t\t\t\t<section class=\"elementor-section elementor-top-section elementor-element elementor-element-b73ab59 elementor-section-boxed elementor-section-height-default elementor-section-height-default\" data-id=\"b73ab59\" data-element_type=\"section\">\n\t\t\t\t\t\t<div class=\"elementor-container elementor-column-gap-default\">\n\t\t\t\t\t<div class=\"elementor-column elementor-col-50 elementor-top-column elementor-element elementor-element-31e6e83\" data-id=\"31e6e83\" data-element_type=\"column\">\n\t\t\t<div class=\"elementor-widget-wrap elementor-element-populated\">\n\t\t\t\t\t\t\t\t<div class=\"elementor-element elementor-element-d29a1cf elementor-aspect-ratio-169 elementor-widget elementor-widget-video\" data-id=\"d29a1cf\" data-element_type=\"widget\" data-settings=\"{&quot;youtube_url&quot;:&quot;https:\\\/\\\/youtu.be\\\/-wGtEtytT84&quot;,&quot;video_type&quot;:&quot;youtube&quot;,&quot;controls&quot;:&quot;yes&quot;,&quot;aspect_ratio&quot;:&quot;169&quot;}\" data-widget_type=\"video.default\">\n\t\t\t\t<div class=\"elementor-widget-container\">\n\t\t\t<style>\/*! elementor - v3.10.2 - 29-01-2023 *\/\n.elementor-widget-video .elementor-widget-container{overflow:hidden;transform:translateZ(0)}.elementor-widget-video .elementor-open-inline .elementor-custom-embed-image-overlay{position:absolute;top:0;left:0;width:100%;height:100%;background-size:cover;background-position:50%}.elementor-widget-video .elementor-custom-embed-image-overlay{cursor:pointer;text-align:center}.elementor-widget-video .elementor-custom-embed-image-overlay:hover .elementor-custom-embed-play i{opacity:1}.elementor-widget-video .elementor-custom-embed-image-overlay img{display:block;width:100%}.elementor-widget-video .e-hosted-video .elementor-video{-o-object-fit:cover;object-fit:cover}.e-con-inner>.elementor-widget-video,.e-con>.elementor-widget-video{width:var(--container-widget-width);--flex-grow:var(--container-widget-flex-grow)}<\/style>\t\t<div class=\"elementor-wrapper elementor-fit-aspect-ratio elementor-open-inline\">\n\t\t\t<div class=\"elementor-video\"><\/div>\t\t<\/div>\n\t\t\t\t<\/div>\n\t\t\t\t<\/div>\n\t\t\t\t\t<\/div>\n\t\t<\/div>\n\t\t\t\t<div class=\"elementor-column elementor-col-50 elementor-top-column elementor-element elementor-element-150fd93\" data-id=\"150fd93\" data-element_type=\"column\">\n\t\t\t<div class=\"elementor-widget-wrap elementor-element-populated\">\n\t\t\t\t\t\t\t\t<div class=\"elementor-element elementor-element-7fd6acf elementor-aspect-ratio-169 elementor-widget elementor-widget-video\" data-id=\"7fd6acf\" data-element_type=\"widget\" data-settings=\"{&quot;youtube_url&quot;:&quot;https:\\\/\\\/youtu.be\\\/5xrN1WmXxdw&quot;,&quot;video_type&quot;:&quot;youtube&quot;,&quot;controls&quot;:&quot;yes&quot;,&quot;aspect_ratio&quot;:&quot;169&quot;}\" data-widget_type=\"video.default\">\n\t\t\t\t<div class=\"elementor-widget-container\">\n\t\t\t\t\t<div class=\"elementor-wrapper elementor-fit-aspect-ratio elementor-open-inline\">\n\t\t\t<div class=\"elementor-video\"><\/div>\t\t<\/div>\n\t\t\t\t<\/div>\n\t\t\t\t<\/div>\n\t\t\t\t\t<\/div>\n\t\t<\/div>\n\t\t\t\t\t\t\t<\/div>\n\t\t<\/section>\n\t\t\t\t\t\t\t<\/div>\n\t\t","protected":false},"excerpt":{"rendered":"<p>*Pacula Recibe m\u00e1s 48 millones de pesos de inversiones en Pavimentaci\u00f3n de carretera San Francisco, carretera principal a Pacula y\u00a0\u00a0 l\u00ednea de conducci\u00f3n de agua potable \u00a0 Pacula, Hgo., 3 de diciembre de 2024.- Como parte de las Rutas de la Transformaci\u00f3n, el gobernador de Hidalgo, Julio Menchaca Salazar, asisti\u00f3 con la Feria de Servicios [&hellip;]<\/p>\n","protected":false},"author":1,"featured_media":64478,"comment_status":"closed","ping_status":"closed","sticky":false,"template":"","format":"standard","meta":[],"categories":[7],"tags":[],"_links":{"self":[{"href":"https:\/\/www.diarionoti7.com.mx\/index.php?rest_route=\/wp\/v2\/posts\/64475"}],"collection":[{"href":"https:\/\/www.diarionoti7.com.mx\/index.php?rest_route=\/wp\/v2\/posts"}],"about":[{"href":"https:\/\/www.diarionoti7.com.mx\/index.php?rest_route=\/wp\/v2\/types\/post"}],"author":[{"embeddable":true,"href":"https:\/\/www.diarionoti7.com.mx\/index.php?rest_route=\/wp\/v2\/users\/1"}],"replies":[{"embeddable":true,"href":"https:\/\/www.diarionoti7.com.mx\/index.php?rest_route=%2Fwp%2Fv2%2Fcomments&post=64475"}],"version-history":[{"count":4,"href":"https:\/\/www.diarionoti7.com.mx\/index.php?rest_route=\/wp\/v2\/posts\/64475\/revisions"}],"predecessor-version":[{"id":64481,"href":"https:\/\/www.diarionoti7.com.mx\/index.php?rest_route=\/wp\/v2\/posts\/64475\/revisions\/64481"}],"wp:featuredmedia":[{"embeddable":true,"href":"https:\/\/www.diarionoti7.com.mx\/index.php?rest_route=\/wp\/v2\/media\/64478"}],"wp:attachment":[{"href":"https:\/\/www.diarionoti7.com.mx\/index.php?rest_route=%2Fwp%2Fv2%2Fmedia&parent=64475"}],"wp:term":[{"taxonomy":"category","embeddable":true,"href":"https:\/\/www.diarionoti7.com.mx\/index.php?rest_route=%2Fwp%2Fv2%2Fcategories&post=64475"},{"taxonomy":"post_tag","embeddable":true,"href":"https:\/\/www.diarionoti7.com.mx\/index.php?rest_route=%2Fwp%2Fv2%2Ftags&post=64475"}],"curies":[{"name":"wp","href":"https:\/\/api.w.org\/{rel}","templated":true}]}}