{"id":64460,"date":"2024-12-04T08:49:33","date_gmt":"2024-12-04T08:49:33","guid":{"rendered":"https:\/\/www.diarionoti7.com.mx\/?p=64460"},"modified":"2024-12-04T18:51:30","modified_gmt":"2024-12-04T18:51:30","slug":"intensifican-acciones-en-la-presa-endho","status":"publish","type":"post","link":"https:\/\/www.diarionoti7.com.mx\/?p=64460","title":{"rendered":"Intensifican Acciones en la Presa Endh\u00f3"},"content":{"rendered":"\t\t<div data-elementor-type=\"wp-post\" data-elementor-id=\"64460\" class=\"elementor elementor-64460\">\n\t\t\t\t\t\t\t\t\t<section class=\"elementor-section elementor-top-section elementor-element elementor-element-c09b8f0 elementor-section-boxed elementor-section-height-default elementor-section-height-default\" data-id=\"c09b8f0\" data-element_type=\"section\">\n\t\t\t\t\t\t<div class=\"elementor-container elementor-column-gap-default\">\n\t\t\t\t\t<div class=\"elementor-column elementor-col-100 elementor-top-column elementor-element elementor-element-955a561\" data-id=\"955a561\" data-element_type=\"column\">\n\t\t\t<div class=\"elementor-widget-wrap elementor-element-populated\">\n\t\t\t\t\t\t\t\t<div class=\"elementor-element elementor-element-0ce869c elementor-widget elementor-widget-text-editor\" data-id=\"0ce869c\" data-element_type=\"widget\" data-widget_type=\"text-editor.default\">\n\t\t\t\t<div class=\"elementor-widget-container\">\n\t\t\t<style>\/*! elementor - v3.10.2 - 29-01-2023 *\/\n.elementor-widget-text-editor.elementor-drop-cap-view-stacked .elementor-drop-cap{background-color:#818a91;color:#fff}.elementor-widget-text-editor.elementor-drop-cap-view-framed .elementor-drop-cap{color:#818a91;border:3px solid;background-color:transparent}.elementor-widget-text-editor:not(.elementor-drop-cap-view-default) .elementor-drop-cap{margin-top:8px}.elementor-widget-text-editor:not(.elementor-drop-cap-view-default) .elementor-drop-cap-letter{width:1em;height:1em}.elementor-widget-text-editor .elementor-drop-cap{float:left;text-align:center;line-height:1;font-size:50px}.elementor-widget-text-editor .elementor-drop-cap-letter{display:inline-block}<\/style>\t\t\t\t<p><strong>-Beneficiadas las comunidades de Tepetitl\u00e1n y Tula<\/strong><\/p><p><strong>-Se cubren 50 kil\u00f3metros de ribera y se realizan jornadas para combatir la proliferaci\u00f3n del mosco c\u00falex <\/strong><\/p><p><strong>Pachuca, Hgo., 3 de diciembre de 2024.- <\/strong>En el marco del Programa de Intervenci\u00f3n Integral en la Presa Endh\u00f3, el gobierno Hidalgo, encabezado por Julio Menchaca Salazar, ha intensificado los esfuerzos para atender de manera prioritaria los desaf\u00edos ambientales en esta regi\u00f3n.<\/p><p>A trav\u00e9s de la Secretar\u00eda de Medio Ambiente y Recursos Naturales de Hidalgo (Semarnath) y en colaboraci\u00f3n con la Secretar\u00eda de la Defensa Nacional (SEDENA), se han puesto en marcha acciones estrat\u00e9gicas en los puntos cr\u00edticos de intervenci\u00f3n: Michimaloya en Tula de Allende, y San Pedro Nextlalpan y El Retiro en Tepetitl\u00e1n.\u00a0<\/p><p>Con un despliegue de 84 brigadistas de Semarnath, reforzados por 22 efectivos de la SEDENA, las labores se enfocaron en el control manual del lirio acu\u00e1tico, una especie invasora que afecta la calidad del agua y genera problemas ambientales.<\/p><p>Este m\u00e9todo es indispensable en \u00e1reas inaccesibles para la maquinaria especializada, a trav\u00e9s de una intervenci\u00f3n eficaz.\u00a0 En breve, se fortalecer\u00e1 la trituraci\u00f3n mec\u00e1nica con un n\u00famero mayor de m\u00e1quinas, adem\u00e1s de que se prev\u00e9 en el mediano plazo, realizar el aprovechamiento de lirio acu\u00e1tico.<\/p><p>De manera complementaria, se est\u00e1n llevando a cabo jornadas de fumigaci\u00f3n en escuelas, iglesias y espacios p\u00fablicos de las comunidades cercanas, en coordinaci\u00f3n con la SEDENA, para combatir la proliferaci\u00f3n del mosco c\u00falex.<\/p><p>Asimismo, se iniciar\u00e1 la fumigaci\u00f3n de los puntos cr\u00edticos del embalse, para cubrir un total de 50 kil\u00f3metros de ribera, con el objetivo de contribuir a reducir riesgos sanitarios de las familias ribere\u00f1as.\u00a0<\/p><p>De esa forma, esta administraci\u00f3n reitera su compromiso con las comunidades de Tepetitl\u00e1n y Tula, priorizando soluciones integrales para atender los problemas ambientales, que contribuyan a reducir los riesgos a la salud p\u00fablica.<\/p><p>Acciones que reflejan el inter\u00e9s por fortalecer el bienestar de la poblaci\u00f3n y la conservaci\u00f3n de nuestros recursos naturales, con las que Hidalgo avanza hacia un modelo de gesti\u00f3n ambiental integral que promueve la sostenibilidad y la calidad de vida de sus habitantes.\u00a0<\/p>\t\t\t\t\t\t<\/div>\n\t\t\t\t<\/div>\n\t\t\t\t\t<\/div>\n\t\t<\/div>\n\t\t\t\t\t\t\t<\/div>\n\t\t<\/section>\n\t\t\t\t<section class=\"elementor-section elementor-top-section elementor-element elementor-element-ae31a22 elementor-section-boxed elementor-section-height-default elementor-section-height-default\" data-id=\"ae31a22\" data-element_type=\"section\">\n\t\t\t\t\t\t<div class=\"elementor-container elementor-column-gap-default\">\n\t\t\t\t\t<div class=\"elementor-column elementor-col-100 elementor-top-column elementor-element elementor-element-44b96ca\" data-id=\"44b96ca\" data-element_type=\"column\">\n\t\t\t<div class=\"elementor-widget-wrap elementor-element-populated\">\n\t\t\t\t\t\t\t\t<div class=\"elementor-element elementor-element-e73856e elementor-aspect-ratio-169 elementor-widget elementor-widget-video\" data-id=\"e73856e\" data-element_type=\"widget\" data-settings=\"{&quot;youtube_url&quot;:&quot;https:\\\/\\\/youtu.be\\\/SFy5CnhWpSM&quot;,&quot;video_type&quot;:&quot;youtube&quot;,&quot;controls&quot;:&quot;yes&quot;,&quot;aspect_ratio&quot;:&quot;169&quot;}\" data-widget_type=\"video.default\">\n\t\t\t\t<div class=\"elementor-widget-container\">\n\t\t\t<style>\/*! elementor - v3.10.2 - 29-01-2023 *\/\n.elementor-widget-video .elementor-widget-container{overflow:hidden;transform:translateZ(0)}.elementor-widget-video .elementor-open-inline .elementor-custom-embed-image-overlay{position:absolute;top:0;left:0;width:100%;height:100%;background-size:cover;background-position:50%}.elementor-widget-video .elementor-custom-embed-image-overlay{cursor:pointer;text-align:center}.elementor-widget-video .elementor-custom-embed-image-overlay:hover .elementor-custom-embed-play i{opacity:1}.elementor-widget-video .elementor-custom-embed-image-overlay img{display:block;width:100%}.elementor-widget-video .e-hosted-video .elementor-video{-o-object-fit:cover;object-fit:cover}.e-con-inner>.elementor-widget-video,.e-con>.elementor-widget-video{width:var(--container-widget-width);--flex-grow:var(--container-widget-flex-grow)}<\/style>\t\t<div class=\"elementor-wrapper elementor-fit-aspect-ratio elementor-open-inline\">\n\t\t\t<div class=\"elementor-video\"><\/div>\t\t<\/div>\n\t\t\t\t<\/div>\n\t\t\t\t<\/div>\n\t\t\t\t\t<\/div>\n\t\t<\/div>\n\t\t\t\t\t\t\t<\/div>\n\t\t<\/section>\n\t\t\t\t\t\t\t<\/div>\n\t\t","protected":false},"excerpt":{"rendered":"<p>-Beneficiadas las comunidades de Tepetitl\u00e1n y Tula -Se cubren 50 kil\u00f3metros de ribera y se realizan jornadas para combatir la proliferaci\u00f3n del mosco c\u00falex Pachuca, Hgo., 3 de diciembre de 2024.- En el marco del Programa de Intervenci\u00f3n Integral en la Presa Endh\u00f3, el gobierno Hidalgo, encabezado por Julio Menchaca Salazar, ha intensificado los esfuerzos [&hellip;]<\/p>\n","protected":false},"author":1,"featured_media":64462,"comment_status":"closed","ping_status":"closed","sticky":false,"template":"","format":"standard","meta":[],"categories":[7],"tags":[],"_links":{"self":[{"href":"https:\/\/www.diarionoti7.com.mx\/index.php?rest_route=\/wp\/v2\/posts\/64460"}],"collection":[{"href":"https:\/\/www.diarionoti7.com.mx\/index.php?rest_route=\/wp\/v2\/posts"}],"about":[{"href":"https:\/\/www.diarionoti7.com.mx\/index.php?rest_route=\/wp\/v2\/types\/post"}],"author":[{"embeddable":true,"href":"https:\/\/www.diarionoti7.com.mx\/index.php?rest_route=\/wp\/v2\/users\/1"}],"replies":[{"embeddable":true,"href":"https:\/\/www.diarionoti7.com.mx\/index.php?rest_route=%2Fwp%2Fv2%2Fcomments&post=64460"}],"version-history":[{"count":7,"href":"https:\/\/www.diarionoti7.com.mx\/index.php?rest_route=\/wp\/v2\/posts\/64460\/revisions"}],"predecessor-version":[{"id":64468,"href":"https:\/\/www.diarionoti7.com.mx\/index.php?rest_route=\/wp\/v2\/posts\/64460\/revisions\/64468"}],"wp:featuredmedia":[{"embeddable":true,"href":"https:\/\/www.diarionoti7.com.mx\/index.php?rest_route=\/wp\/v2\/media\/64462"}],"wp:attachment":[{"href":"https:\/\/www.diarionoti7.com.mx\/index.php?rest_route=%2Fwp%2Fv2%2Fmedia&parent=64460"}],"wp:term":[{"taxonomy":"category","embeddable":true,"href":"https:\/\/www.diarionoti7.com.mx\/index.php?rest_route=%2Fwp%2Fv2%2Fcategories&post=64460"},{"taxonomy":"post_tag","embeddable":true,"href":"https:\/\/www.diarionoti7.com.mx\/index.php?rest_route=%2Fwp%2Fv2%2Ftags&post=64460"}],"curies":[{"name":"wp","href":"https:\/\/api.w.org\/{rel}","templated":true}]}}