{"id":64289,"date":"2024-12-03T08:42:34","date_gmt":"2024-12-03T08:42:34","guid":{"rendered":"https:\/\/www.diarionoti7.com.mx\/?p=64289"},"modified":"2024-12-03T18:43:40","modified_gmt":"2024-12-03T18:43:40","slug":"trabaja-la-ssh-por-servicios-libres-de-desigualdad-y-discriminacion","status":"publish","type":"post","link":"https:\/\/www.diarionoti7.com.mx\/?p=64289","title":{"rendered":"Trabaja la SSH Por Servicios Libres de Desigualdad y Discriminaci\u00f3n"},"content":{"rendered":"\t\t<div data-elementor-type=\"wp-post\" data-elementor-id=\"64289\" class=\"elementor elementor-64289\">\n\t\t\t\t\t\t\t\t\t<section class=\"elementor-section elementor-top-section elementor-element elementor-element-c09b8f0 elementor-section-boxed elementor-section-height-default elementor-section-height-default\" data-id=\"c09b8f0\" data-element_type=\"section\">\n\t\t\t\t\t\t<div class=\"elementor-container elementor-column-gap-default\">\n\t\t\t\t\t<div class=\"elementor-column elementor-col-100 elementor-top-column elementor-element elementor-element-955a561\" data-id=\"955a561\" data-element_type=\"column\">\n\t\t\t<div class=\"elementor-widget-wrap elementor-element-populated\">\n\t\t\t\t\t\t\t\t<div class=\"elementor-element elementor-element-0ce869c elementor-widget elementor-widget-text-editor\" data-id=\"0ce869c\" data-element_type=\"widget\" data-widget_type=\"text-editor.default\">\n\t\t\t\t<div class=\"elementor-widget-container\">\n\t\t\t<style>\/*! elementor - v3.10.2 - 29-01-2023 *\/\n.elementor-widget-text-editor.elementor-drop-cap-view-stacked .elementor-drop-cap{background-color:#818a91;color:#fff}.elementor-widget-text-editor.elementor-drop-cap-view-framed .elementor-drop-cap{color:#818a91;border:3px solid;background-color:transparent}.elementor-widget-text-editor:not(.elementor-drop-cap-view-default) .elementor-drop-cap{margin-top:8px}.elementor-widget-text-editor:not(.elementor-drop-cap-view-default) .elementor-drop-cap-letter{width:1em;height:1em}.elementor-widget-text-editor .elementor-drop-cap{float:left;text-align:center;line-height:1;font-size:50px}.elementor-widget-text-editor .elementor-drop-cap-letter{display:inline-block}<\/style>\t\t\t\t<p><strong>-La dependencia atiende de manera integral a las personas con limitaciones f\u00edsicas<\/strong><\/p><p><strong>Pachuca, Hgo., 2 de diciembre de 2024.- <\/strong>En el D\u00eda Internacional de las Personas con Discapacidad, que se conmemora este 3 de diciembre, la Secretar\u00eda de Salud de Hidalgo (SSH), reitera el compromiso del gobierno estatal para brindar espacios que garanticen la accesibilidad y el trato digno e igualitario para este sector de la sociedad.<\/p><p>De acuerdo al Censo de Poblaci\u00f3n y Vivienda 2020 del INEGI, en la entidad, m\u00e1s de 300 mil personas viven con alguna limitaci\u00f3n f\u00edsica. La gran mayor\u00eda, corresponde al aspecto motriz, es decir, involucra el sistema musculoesquel\u00e9tico e impide o dificulta el movimiento.<\/p><p>Siendo la dificultad para caminar, subir o bajar escaleras la discapacidad m\u00e1s frecuente (53.3%), seguida de los problemas de visi\u00f3n, incluso con el uso de lentes (39.6%).<\/p><p>En t\u00e9rminos absolutos, se estima que 74 mil 106 personas enfrentan dificultades para moverse y 74 mil 924 presentan problemas para ver, aun con la ayuda de lentes correctivos.<\/p><p>La SSH, como \u00f3rgano certificador, gestiona y valida que los entornos laborales y educativos realicen las adecuaciones necesarias en su infraestructura para facilitar el acceso y movilidad dentro de sus instalaciones.<\/p><p>De igual manera, en coordinaci\u00f3n con diversos sectores, fomenta espacios m\u00e1s inclusivos, libres de discriminaci\u00f3n, donde se garantice el respeto irrestricto a sus derechos.<\/p><p>En esta fecha, que surge para crear conciencia y sensibilizar a la sociedad sobre los retos y barreras que d\u00eda a d\u00eda enfrentan quienes padecen alguna limitaci\u00f3n f\u00edsica.<\/p><p>La dependencia estatal hace un llamado a la ciudadan\u00eda para que participen activamente en eliminar las barreras sociales, la falta de accesibilidad, el estigma y la discriminaci\u00f3n, promoviendo, adem\u00e1s, la inclusi\u00f3n y el respeto por igual.<\/p>\t\t\t\t\t\t<\/div>\n\t\t\t\t<\/div>\n\t\t\t\t\t<\/div>\n\t\t<\/div>\n\t\t\t\t\t\t\t<\/div>\n\t\t<\/section>\n\t\t\t\t\t\t\t<\/div>\n\t\t","protected":false},"excerpt":{"rendered":"<p>-La dependencia atiende de manera integral a las personas con limitaciones f\u00edsicas Pachuca, Hgo., 2 de diciembre de 2024.- En el D\u00eda Internacional de las Personas con Discapacidad, que se conmemora este 3 de diciembre, la Secretar\u00eda de Salud de Hidalgo (SSH), reitera el compromiso del gobierno estatal para brindar espacios que garanticen la accesibilidad [&hellip;]<\/p>\n","protected":false},"author":1,"featured_media":64291,"comment_status":"closed","ping_status":"closed","sticky":false,"template":"","format":"standard","meta":[],"categories":[5],"tags":[],"_links":{"self":[{"href":"https:\/\/www.diarionoti7.com.mx\/index.php?rest_route=\/wp\/v2\/posts\/64289"}],"collection":[{"href":"https:\/\/www.diarionoti7.com.mx\/index.php?rest_route=\/wp\/v2\/posts"}],"about":[{"href":"https:\/\/www.diarionoti7.com.mx\/index.php?rest_route=\/wp\/v2\/types\/post"}],"author":[{"embeddable":true,"href":"https:\/\/www.diarionoti7.com.mx\/index.php?rest_route=\/wp\/v2\/users\/1"}],"replies":[{"embeddable":true,"href":"https:\/\/www.diarionoti7.com.mx\/index.php?rest_route=%2Fwp%2Fv2%2Fcomments&post=64289"}],"version-history":[{"count":4,"href":"https:\/\/www.diarionoti7.com.mx\/index.php?rest_route=\/wp\/v2\/posts\/64289\/revisions"}],"predecessor-version":[{"id":64294,"href":"https:\/\/www.diarionoti7.com.mx\/index.php?rest_route=\/wp\/v2\/posts\/64289\/revisions\/64294"}],"wp:featuredmedia":[{"embeddable":true,"href":"https:\/\/www.diarionoti7.com.mx\/index.php?rest_route=\/wp\/v2\/media\/64291"}],"wp:attachment":[{"href":"https:\/\/www.diarionoti7.com.mx\/index.php?rest_route=%2Fwp%2Fv2%2Fmedia&parent=64289"}],"wp:term":[{"taxonomy":"category","embeddable":true,"href":"https:\/\/www.diarionoti7.com.mx\/index.php?rest_route=%2Fwp%2Fv2%2Fcategories&post=64289"},{"taxonomy":"post_tag","embeddable":true,"href":"https:\/\/www.diarionoti7.com.mx\/index.php?rest_route=%2Fwp%2Fv2%2Ftags&post=64289"}],"curies":[{"name":"wp","href":"https:\/\/api.w.org\/{rel}","templated":true}]}}