{"id":64202,"date":"2024-12-02T08:29:16","date_gmt":"2024-12-02T08:29:16","guid":{"rendered":"https:\/\/www.diarionoti7.com.mx\/?p=64202"},"modified":"2024-12-02T17:31:45","modified_gmt":"2024-12-02T17:31:45","slug":"primera-reunion-extraordinaria-del-sistema-nacional-de-movilidad-y-seguridad-vial","status":"publish","type":"post","link":"https:\/\/www.diarionoti7.com.mx\/?p=64202","title":{"rendered":"Primera Reuni\u00f3n Extraordinaria del Sistema Nacional de Movilidad y Seguridad Vial"},"content":{"rendered":"\t\t<div data-elementor-type=\"wp-post\" data-elementor-id=\"64202\" class=\"elementor elementor-64202\">\n\t\t\t\t\t\t\t\t\t<section class=\"elementor-section elementor-top-section elementor-element elementor-element-c09b8f0 elementor-section-boxed elementor-section-height-default elementor-section-height-default\" data-id=\"c09b8f0\" data-element_type=\"section\">\n\t\t\t\t\t\t<div class=\"elementor-container elementor-column-gap-default\">\n\t\t\t\t\t<div class=\"elementor-column elementor-col-100 elementor-top-column elementor-element elementor-element-955a561\" data-id=\"955a561\" data-element_type=\"column\">\n\t\t\t<div class=\"elementor-widget-wrap elementor-element-populated\">\n\t\t\t\t\t\t\t\t<div class=\"elementor-element elementor-element-0ce869c elementor-widget elementor-widget-text-editor\" data-id=\"0ce869c\" data-element_type=\"widget\" data-widget_type=\"text-editor.default\">\n\t\t\t\t<div class=\"elementor-widget-container\">\n\t\t\t<style>\/*! elementor - v3.10.2 - 29-01-2023 *\/\n.elementor-widget-text-editor.elementor-drop-cap-view-stacked .elementor-drop-cap{background-color:#818a91;color:#fff}.elementor-widget-text-editor.elementor-drop-cap-view-framed .elementor-drop-cap{color:#818a91;border:3px solid;background-color:transparent}.elementor-widget-text-editor:not(.elementor-drop-cap-view-default) .elementor-drop-cap{margin-top:8px}.elementor-widget-text-editor:not(.elementor-drop-cap-view-default) .elementor-drop-cap-letter{width:1em;height:1em}.elementor-widget-text-editor .elementor-drop-cap{float:left;text-align:center;line-height:1;font-size:50px}.elementor-widget-text-editor .elementor-drop-cap-letter{display:inline-block}<\/style>\t\t\t\t<p><strong>*E<\/strong><strong>n la primera sesi\u00f3n extraordinaria del Sistema Nacional de Movilidad y Seguridad Vial se analizaron proyectos del nuevo gobierno de M\u00e9xico que ser\u00e1n prioritarios, destacando aquellos que buscan mejorar la infraestructura y la seguridad vial, as\u00ed como promover el uso del transporte p\u00fablico.<\/strong><\/p><p><strong>\u00a0<\/strong><strong>Tlaxcala, 29 de noviembre 2024.- <\/strong>La movilidad y seguridad vial son pilares para el desarrollo sostenible; la capacidad de movernos de manera segura y eficiente impactan en la calidad de vida, el crecimiento econ\u00f3mico y la protecci\u00f3n del medio ambiente de nuestro pa\u00eds, afirm\u00f3 Tania Carro Toledo, subsecretaria de Comunicaciones y Transportes de la SICT.<\/p><p>\u00a0Al inaugurar la primera sesi\u00f3n extraordinaria del Sistema Nacional de Movilidad y Seguridad Vial, acompa\u00f1ada por la gobernadora de Tlaxcala, Lorena Cu\u00e9llar Cisneros, la subsecretaria Tania Carro asegur\u00f3 que \u201cnuestra labor conjunta entre autoridades federales y estatales es crucial para garantizar que nuestra pol\u00edticas y acciones refleje necesidades y expectativas de la ciudadan\u00eda\u201d.<\/p><p>La funcionaria presidi\u00f3 este evento cuya representaci\u00f3n temporal corresponde a la Secretar\u00eda de Infraestructura, Comunicaciones y Transportes. Asimismo, explic\u00f3 que el objetivo central de dicha sesi\u00f3n es establecer un acercamiento con las nuevas autoridades de la administraci\u00f3n federal y estatal.<\/p><p>\u00a0Ante representantes de la Secretar\u00eda de Desarrollo Territorial y Urbano (SEDATU), la Red Nacional Metropolitana (RENAMET) y el gobierno de Tlaxcala, dijo que el prop\u00f3sito principal de dicho encuentro \u201ces el poder abordar los diferentes temas emergentes en materia de movilidad y seguridad vial, en concordancia con los diversos proyectos prioritarios que impulsa el nuevo gobierno de M\u00e9xico\u201d.<\/p><p>\u00a0Se tendr\u00e1 la oportunidad de conocer a las autoridades que dar\u00e1n los siguientes pasos, as\u00ed como identificar aquellas que se han incorporado a la administraci\u00f3n p\u00fablica, toda vez que \u201cnuestra participaci\u00f3n y liderazgo ser\u00e1n vitales para el \u00e9xito de las iniciativas que ser\u00e1n propuestas\u201d, abund\u00f3.<\/p><p>\u00a0Coment\u00f3 que en la primera sesi\u00f3n extraordinaria del Sistema Nacional de Movilidad y Seguridad Vial se analizaron proyectos del nuevo gobierno de M\u00e9xico que ser\u00e1n prioritarios, destacando aquellos que buscan mejorar la infraestructura y la seguridad vial, as\u00ed como promover el uso del transporte p\u00fablico.<\/p><p>\u00a0Durante su intervenci\u00f3n, la gobernadora de Tlaxcala, Lorena Cu\u00e9llar Cisneros, se\u00f1al\u00f3 que este encuentro es para abordar uno de los temas m\u00e1s cruciales para el desarrollo sostenible y el bienestar de nuestra sociedad.<\/p><p>Indic\u00f3 que tiene como objetivo ser una gu\u00eda para las instancias de todos los niveles de gobierno, en la toma de decisiones en materia de coordinaci\u00f3n, planeaci\u00f3n, ordenamiento y desarrollo metropolitano, para asegurar que cada acci\u00f3n que se tome est\u00e9 alineada con los principios de seguridad, accesibilidad y sostenibilidad.<\/p><p>Convoc\u00f3 a redoblar esfuerzos y que se trabaje de manera conjunta con el Gobierno Federal para fomentar y fortalecer la infraestructura y la seguridad vial, as\u00ed como una fuente de motivaci\u00f3n para seguir transformando la realidad de los municipios y garantizar que todos los mexicanos puedan ejercer su derecho a la movilidad en condiciones dignas y seguras.<\/p><p>Por su parte, V\u00edctor Hugo Hofmann Aguirre. subsecretario de Desarrollo Urbano y Vivienda de la SEDATU, coincidi\u00f3 en la importancia que tiene la movilidad y la estrecha relaci\u00f3n no solo desde la SICT sino tambi\u00e9n desde la SEDATU con el tema del ordenamiento territorial y el impacto que tienen los diferentes sistemas de transporte en el territorio.<\/p><p>Se\u00f1al\u00f3 que se deben considerar algunos elementos, como son los proyectos prioritarios del Gobierno de M\u00e9xico, los trenes y la posibilidad de intermodalidad.<\/p><p>\u00a0Cuando se habla de movilidad no solo es el intercambio de personas sino tambi\u00e9n de servicios y productos, en el \u00e1mbito rural la realizaci\u00f3n de caminos saca cosechas es un elemento de infraestructura b\u00e1sica, artesanal y rural, que se da en muchas ocasiones y que no est\u00e1 previsto, precisamente para iniciar esta cadena de sistemas de movilidad en el territorio nacional, enfatiz\u00f3.<\/p>\t\t\t\t\t\t<\/div>\n\t\t\t\t<\/div>\n\t\t\t\t\t<\/div>\n\t\t<\/div>\n\t\t\t\t\t\t\t<\/div>\n\t\t<\/section>\n\t\t\t\t\t\t\t<\/div>\n\t\t","protected":false},"excerpt":{"rendered":"<p>*En la primera sesi\u00f3n extraordinaria del Sistema Nacional de Movilidad y Seguridad Vial se analizaron proyectos del nuevo gobierno de M\u00e9xico que ser\u00e1n prioritarios, destacando aquellos que buscan mejorar la infraestructura y la seguridad vial, as\u00ed como promover el uso del transporte p\u00fablico. \u00a0Tlaxcala, 29 de noviembre 2024.- La movilidad y seguridad vial son pilares [&hellip;]<\/p>\n","protected":false},"author":1,"featured_media":64204,"comment_status":"closed","ping_status":"closed","sticky":false,"template":"","format":"standard","meta":[],"categories":[7],"tags":[],"_links":{"self":[{"href":"https:\/\/www.diarionoti7.com.mx\/index.php?rest_route=\/wp\/v2\/posts\/64202"}],"collection":[{"href":"https:\/\/www.diarionoti7.com.mx\/index.php?rest_route=\/wp\/v2\/posts"}],"about":[{"href":"https:\/\/www.diarionoti7.com.mx\/index.php?rest_route=\/wp\/v2\/types\/post"}],"author":[{"embeddable":true,"href":"https:\/\/www.diarionoti7.com.mx\/index.php?rest_route=\/wp\/v2\/users\/1"}],"replies":[{"embeddable":true,"href":"https:\/\/www.diarionoti7.com.mx\/index.php?rest_route=%2Fwp%2Fv2%2Fcomments&post=64202"}],"version-history":[{"count":4,"href":"https:\/\/www.diarionoti7.com.mx\/index.php?rest_route=\/wp\/v2\/posts\/64202\/revisions"}],"predecessor-version":[{"id":64207,"href":"https:\/\/www.diarionoti7.com.mx\/index.php?rest_route=\/wp\/v2\/posts\/64202\/revisions\/64207"}],"wp:featuredmedia":[{"embeddable":true,"href":"https:\/\/www.diarionoti7.com.mx\/index.php?rest_route=\/wp\/v2\/media\/64204"}],"wp:attachment":[{"href":"https:\/\/www.diarionoti7.com.mx\/index.php?rest_route=%2Fwp%2Fv2%2Fmedia&parent=64202"}],"wp:term":[{"taxonomy":"category","embeddable":true,"href":"https:\/\/www.diarionoti7.com.mx\/index.php?rest_route=%2Fwp%2Fv2%2Fcategories&post=64202"},{"taxonomy":"post_tag","embeddable":true,"href":"https:\/\/www.diarionoti7.com.mx\/index.php?rest_route=%2Fwp%2Fv2%2Ftags&post=64202"}],"curies":[{"name":"wp","href":"https:\/\/api.w.org\/{rel}","templated":true}]}}