{"id":63590,"date":"2024-11-26T08:38:18","date_gmt":"2024-11-26T08:38:18","guid":{"rendered":"https:\/\/www.diarionoti7.com.mx\/?p=63590"},"modified":"2024-11-26T19:39:54","modified_gmt":"2024-11-26T19:39:54","slug":"fue-todo-un-exito-la-inscripcion-de-aspirantes-a-la-eleccion-del-poder-judicial-presidenta-claudia-sheinbaum-se-registraron-18447-personas","status":"publish","type":"post","link":"https:\/\/www.diarionoti7.com.mx\/?p=63590","title":{"rendered":"Fue Todo Un \u00c9xito La Inscripci\u00f3n de Aspirantes a La Elecci\u00f3n del Poder Judicial: Presidenta Claudia Sheinbaum; Se Registraron 18,447 Personas"},"content":{"rendered":"\t\t<div data-elementor-type=\"wp-post\" data-elementor-id=\"63590\" class=\"elementor elementor-63590\">\n\t\t\t\t\t\t\t\t\t<section class=\"elementor-section elementor-top-section elementor-element elementor-element-c09b8f0 elementor-section-boxed elementor-section-height-default elementor-section-height-default\" data-id=\"c09b8f0\" data-element_type=\"section\">\n\t\t\t\t\t\t<div class=\"elementor-container elementor-column-gap-default\">\n\t\t\t\t\t<div class=\"elementor-column elementor-col-100 elementor-top-column elementor-element elementor-element-955a561\" data-id=\"955a561\" data-element_type=\"column\">\n\t\t\t<div class=\"elementor-widget-wrap elementor-element-populated\">\n\t\t\t\t\t\t\t\t<div class=\"elementor-element elementor-element-0ce869c elementor-widget elementor-widget-text-editor\" data-id=\"0ce869c\" data-element_type=\"widget\" data-widget_type=\"text-editor.default\">\n\t\t\t\t<div class=\"elementor-widget-container\">\n\t\t\t<style>\/*! elementor - v3.10.2 - 29-01-2023 *\/\n.elementor-widget-text-editor.elementor-drop-cap-view-stacked .elementor-drop-cap{background-color:#818a91;color:#fff}.elementor-widget-text-editor.elementor-drop-cap-view-framed .elementor-drop-cap{color:#818a91;border:3px solid;background-color:transparent}.elementor-widget-text-editor:not(.elementor-drop-cap-view-default) .elementor-drop-cap{margin-top:8px}.elementor-widget-text-editor:not(.elementor-drop-cap-view-default) .elementor-drop-cap-letter{width:1em;height:1em}.elementor-widget-text-editor .elementor-drop-cap{float:left;text-align:center;line-height:1;font-size:50px}.elementor-widget-text-editor .elementor-drop-cap-letter{display:inline-block}<\/style>\t\t\t\t<p>&#8220;Fue todo un \u00e9xito, algo in\u00e9dito, hist\u00f3rico, la inscripci\u00f3n de personas para ser parte del Poder Judicial&#8221;, destac\u00f3 la Jefa del Ejecutivo Federal<\/p><p>La respuesta de los abogados y abogadas de M\u00e9xico ha sido impresionante, asever\u00f3 el coordinador general de Pol\u00edtica y Gobierno de la Presidencia de la Rep\u00fablica<\/p><p>La Presidenta de M\u00e9xico, Claudia Sheinbaum Pardo, asegur\u00f3 que el registro de aspirantes a una candidatura para la elecci\u00f3n de cargos del Poder Judicial fue un hecho hist\u00f3rico, in\u00e9dito y un \u00e9xito, luego de que 18 mil 447 personas se registraron en la convocatoria del Comit\u00e9 de Evaluaci\u00f3n del Poder Ejecutivo para participar en la elecci\u00f3n de jueces, juezas, magistrados, magistradas, ministros y ministras que se realizar\u00e1 el pr\u00f3ximo 1 de junio de 2025.<\/p><p>\u201cA todos aquellos que dec\u00edan que \u2018iba a ser un fracaso\u2019, una vez m\u00e1s se equivocaron. El pueblo de M\u00e9xico est\u00e1 consciente, activo y este registro es muestra de ello, y el Poder Judicial se va a transformar para bien\u201d, celebr\u00f3 en la conferencia matutina: \u201cLas ma\u00f1aneras del pueblo\u201d.<\/p><p>Al respecto, el coordinador general de Pol\u00edtica y Gobierno de la Presidencia de la Rep\u00fablica, Arturo Zald\u00edvar Lelo de Larrea, inform\u00f3 que de los registros obtenidos a trav\u00e9s del micrositio que habilit\u00f3 el Poder Ejecutivo, 6 mil 101 fueron mujeres, 10 mil 862 hombres y 106 personas no binarias.<\/p><p>\u201cA nombre del Comit\u00e9 de Evaluaci\u00f3n del Poder Ejecutivo, agradecer a las 18 mil 447 personas que se registraron en el micrositio del Poder Ejecutivo para poder participar en la elecci\u00f3n de personas juzgadoras del pr\u00f3ximo a\u00f1o\u201d, coment\u00f3.<\/p><p>Explic\u00f3 que, el Comit\u00e9 de Evaluaci\u00f3n del Poder Ejecutivo ahora deber\u00e1 integrar los listados con al menos las siguientes postulaciones por \u00f3rgano:<\/p><p>&#8211; Ministra o ministro de la Suprema Corte de Justicia de la Naci\u00f3n (SCJN): Se cuenta con nueve cargos y el Comit\u00e9 debe designar por lo menos a 90; se registraron 480 personas.<\/p><p>&#8211; Magistradas o magistrados de la Sala Superior del Tribunal Electoral del Poder Judicial de la Federaci\u00f3n (TEPJF): se cuenta con dos cargos y el Comit\u00e9 debe postular 20; se registraron 77 personas.<\/p><p>&#8211; Magistradas o magistrados del Tribunal de Disciplina Judicial (TDJ): se cuenta con cinco cargos y el Comit\u00e9 debe seleccionar a 50; se registraron 333 personas.<\/p><p>&#8211; Magistradas o magistrados de Salas Regionales del TEPJF: se cuenta con 15 cargos y el Comit\u00e9 debe postular 150; se registraron 388 personas.<\/p><p>&#8211; Magistradas o magistrados de Circuito: se cuenta con 464 cargos y el Comit\u00e9 debe seleccionar 2 mil 784; se registraron 5 mil 192 personas.<\/p><p>&#8211; Juzgados de Distrito: se cuenta con 386 cargos y el Comit\u00e9 debe postular a 2 mil 316; se registraron 10 mil 599 personas.<\/p><p>&#8211; Adem\u00e1s de que se obtuvieron mil 378 registros con errores. Indic\u00f3 que, tras la integraci\u00f3n de dichos listados, se deber\u00e1 ajustar el n\u00famero de postulaciones por cargo mediante insaculaci\u00f3n p\u00fablica, observando la paridad de g\u00e9nero para postular a mil 793 personas.<\/p><p>Por lo que, del 25 de noviembre al 14 de diciembre, se verificar\u00e1 que las personas inscritas re\u00fanan los requisitos de elegibilidad.<\/p><p>En tanto que el 15 de diciembre, el Comit\u00e9 publicar\u00e1 el listado de las personas que hayan cumplido con los requisitos; a m\u00e1s tardar el 31 de enero de 2025, se determinar\u00e1 la idoneidad de los postulantes y a m\u00e1s tardar el 4 de febrero, el Comit\u00e9 depurar\u00e1 el listado mediante insaculaci\u00f3n p\u00fablica para ajustarlo al n\u00famero de personas candidatas que postular\u00e1 el Poder Ejecutivo Federal atendiendo a su especialidad por materia y observando la paridad de g\u00e9nero.<\/p><p>Reiter\u00f3 que se trata de una etapa hist\u00f3rica, ya que el pueblo de M\u00e9xico ser\u00e1 quien elija a las personas juzgadoras, transformando as\u00ed la vida democr\u00e1tica, social y pol\u00edtica del pa\u00eds.<\/p><p>\u201cLa respuesta de los abogados y abogadas de M\u00e9xico ha sido impresionante, los resultados son espectaculares, rebasaron cualquier expectativa, lo que demuestra que el inter\u00e9s de la gente, del pueblo de M\u00e9xico en este proceso est\u00e1 latente\u201d, dijo.<\/p>\t\t\t\t\t\t<\/div>\n\t\t\t\t<\/div>\n\t\t\t\t\t<\/div>\n\t\t<\/div>\n\t\t\t\t\t\t\t<\/div>\n\t\t<\/section>\n\t\t\t\t\t\t\t<\/div>\n\t\t","protected":false},"excerpt":{"rendered":"<p>&#8220;Fue todo un \u00e9xito, algo in\u00e9dito, hist\u00f3rico, la inscripci\u00f3n de personas para ser parte del Poder Judicial&#8221;, destac\u00f3 la Jefa del Ejecutivo Federal La respuesta de los abogados y abogadas de M\u00e9xico ha sido impresionante, asever\u00f3 el coordinador general de Pol\u00edtica y Gobierno de la Presidencia de la Rep\u00fablica La Presidenta de M\u00e9xico, Claudia Sheinbaum [&hellip;]<\/p>\n","protected":false},"author":1,"featured_media":63592,"comment_status":"closed","ping_status":"closed","sticky":false,"template":"","format":"standard","meta":[],"categories":[3],"tags":[],"_links":{"self":[{"href":"https:\/\/www.diarionoti7.com.mx\/index.php?rest_route=\/wp\/v2\/posts\/63590"}],"collection":[{"href":"https:\/\/www.diarionoti7.com.mx\/index.php?rest_route=\/wp\/v2\/posts"}],"about":[{"href":"https:\/\/www.diarionoti7.com.mx\/index.php?rest_route=\/wp\/v2\/types\/post"}],"author":[{"embeddable":true,"href":"https:\/\/www.diarionoti7.com.mx\/index.php?rest_route=\/wp\/v2\/users\/1"}],"replies":[{"embeddable":true,"href":"https:\/\/www.diarionoti7.com.mx\/index.php?rest_route=%2Fwp%2Fv2%2Fcomments&post=63590"}],"version-history":[{"count":4,"href":"https:\/\/www.diarionoti7.com.mx\/index.php?rest_route=\/wp\/v2\/posts\/63590\/revisions"}],"predecessor-version":[{"id":63595,"href":"https:\/\/www.diarionoti7.com.mx\/index.php?rest_route=\/wp\/v2\/posts\/63590\/revisions\/63595"}],"wp:featuredmedia":[{"embeddable":true,"href":"https:\/\/www.diarionoti7.com.mx\/index.php?rest_route=\/wp\/v2\/media\/63592"}],"wp:attachment":[{"href":"https:\/\/www.diarionoti7.com.mx\/index.php?rest_route=%2Fwp%2Fv2%2Fmedia&parent=63590"}],"wp:term":[{"taxonomy":"category","embeddable":true,"href":"https:\/\/www.diarionoti7.com.mx\/index.php?rest_route=%2Fwp%2Fv2%2Fcategories&post=63590"},{"taxonomy":"post_tag","embeddable":true,"href":"https:\/\/www.diarionoti7.com.mx\/index.php?rest_route=%2Fwp%2Fv2%2Ftags&post=63590"}],"curies":[{"name":"wp","href":"https:\/\/api.w.org\/{rel}","templated":true}]}}