{"id":6284,"date":"2023-04-12T17:54:43","date_gmt":"2023-04-12T17:54:43","guid":{"rendered":"https:\/\/www.diarionoti7.com.mx\/?p=6284"},"modified":"2023-04-12T17:56:53","modified_gmt":"2023-04-12T17:56:53","slug":"jovenes-a-partir-de-los-18-anos-podran-ser-diputados-federales","status":"publish","type":"post","link":"https:\/\/www.diarionoti7.com.mx\/?p=6284","title":{"rendered":"J\u00f3venes a Partir de Los 18 A\u00f1os Podr\u00e1n Ser Diputados Federales"},"content":{"rendered":"\t\t<div data-elementor-type=\"wp-post\" data-elementor-id=\"6284\" class=\"elementor elementor-6284\">\n\t\t\t\t\t\t\t\t\t<section class=\"elementor-section elementor-top-section elementor-element elementor-element-51c23a4c elementor-section-boxed elementor-section-height-default elementor-section-height-default\" data-id=\"51c23a4c\" data-element_type=\"section\">\n\t\t\t\t\t\t<div class=\"elementor-container elementor-column-gap-default\">\n\t\t\t\t\t<div class=\"elementor-column elementor-col-100 elementor-top-column elementor-element elementor-element-7d2e0b6e\" data-id=\"7d2e0b6e\" data-element_type=\"column\">\n\t\t\t<div class=\"elementor-widget-wrap elementor-element-populated\">\n\t\t\t\t\t\t\t\t<div class=\"elementor-element elementor-element-2f2290cd elementor-widget elementor-widget-text-editor\" data-id=\"2f2290cd\" data-element_type=\"widget\" data-widget_type=\"text-editor.default\">\n\t\t\t\t<div class=\"elementor-widget-container\">\n\t\t\t<style>\/*! elementor - v3.10.2 - 29-01-2023 *\/\n.elementor-widget-text-editor.elementor-drop-cap-view-stacked .elementor-drop-cap{background-color:#818a91;color:#fff}.elementor-widget-text-editor.elementor-drop-cap-view-framed .elementor-drop-cap{color:#818a91;border:3px solid;background-color:transparent}.elementor-widget-text-editor:not(.elementor-drop-cap-view-default) .elementor-drop-cap{margin-top:8px}.elementor-widget-text-editor:not(.elementor-drop-cap-view-default) .elementor-drop-cap-letter{width:1em;height:1em}.elementor-widget-text-editor .elementor-drop-cap{float:left;text-align:center;line-height:1;font-size:50px}.elementor-widget-text-editor .elementor-drop-cap-letter{display:inline-block}<\/style>\t\t\t\t<p><strong>*Cynthia L\u00f3pez Castro impuls\u00f3 que los j\u00f3venes puedan ser votados al cumplir la mayor\u00eda de edad.<\/strong><\/p><p><strong>*Karla Ayala propuso bajar la edad para contender a una diputaci\u00f3n federal de 21 a 18 a\u00f1os.<\/strong><\/p><p><strong>Palacio Legislativo de San L\u00e1zaro, 11 de abril de 2023.-<\/strong>Existimos j\u00f3venes suficientemente maduros, preparados, trabajadores y motivados para cambiar a este pa\u00eds, afirm\u00f3 la diputada federal Karla Ayala Villalobos.<\/p><p>Al posicionar a nombre del Grupo Parlamentario del PRI, en el dictamen aprobado por el Pleno de la C\u00e1mara de Diputados en el que se incluyen una iniciativa de Ayala Villalobos para bajar la edad para ser diputado federal a partir de los 18 a\u00f1os, as\u00ed como la propuesta de la diputada Cynthia L\u00f3pez Castro para que los j\u00f3venes puedan ser votados al cumplir la mayor\u00eda de edad.<\/p><p>Tras cuestionar porque los j\u00f3venes de 18 a\u00f1os pueden votar, pero no ser votados; la legisladora reclam\u00f3 que a esa edad la ley les permite casarse, crear empresas, adquirir obligaciones fiscales, acceder a cr\u00e9ditos y ser juzgados como adultos, pero no tienen la posibilidad de acceder a un cargo de elecci\u00f3n popular.<\/p><p>\u201cDebemos esperar de los 18 a los 21 a\u00f1os para gozar del derecho que nos brinda la Constituci\u00f3n de poder ser elegibles para un cargo p\u00fablico, \u00a1Tres a\u00f1os donde no somos m\u00e1s que votos!, sin la posibilidad de aspirar a competir por un cargo p\u00fablico, los pol\u00edticos si nos piden votar por ellos, pero nosotros tambi\u00e9n queremos ser votados\u201d, asever\u00f3 la integrante m\u00e1s joven de la LXV Legislatura.<\/p><p>La representante popular por la Ciudad de M\u00e9xico asever\u00f3 que, si el Estado no garantiza en su totalidad a los j\u00f3venes el acceso a la educaci\u00f3n, no es posible exigir ese requisito para ser candidato a un cargo de elecci\u00f3n popular, \u201csi seguimos pensando que lo que estoy diciendo est\u00e1 mal entonces ustedes hablan desde su privilegio\u201d.<\/p><p>Sobre este aval, la diputada Cynthia L\u00f3pez Castro resalt\u00f3, de manera previa, que se logra que los j\u00f3venes puedan ser diputados a partir de su mayor\u00eda de edad. Afirm\u00f3 que la promoci\u00f3n de la juventud es uno de los pilares m\u00e1s importantes de la Uni\u00f3n Interparlamentaria, adem\u00e1s, puntualiz\u00f3 que esta aprobaci\u00f3n ayudar\u00e1 a los j\u00f3venes a participar en los parlamentos.<\/p><p>\u201cActualmente m\u00e1s de la mitad de la poblaci\u00f3n son j\u00f3venes y s\u00f3lo est\u00e1n representados en el 2.8 por ciento de los parlamentos\u201d, apunt\u00f3.<\/p><p>El dictamen por el que se reforma la fracci\u00f3n II del art\u00edculo 55 y el art\u00edculo 91 de la Constituci\u00f3n, en materia de edad m\u00ednima para ocupar un cargo p\u00fablico, fue avalado con 439 votos a favor y pasa al Senado de la Rep\u00fablica para sus efectos constitucionales.<\/p>\t\t\t\t\t\t<\/div>\n\t\t\t\t<\/div>\n\t\t\t\t\t<\/div>\n\t\t<\/div>\n\t\t\t\t\t\t\t<\/div>\n\t\t<\/section>\n\t\t\t\t\t\t\t<\/div>\n\t\t","protected":false},"excerpt":{"rendered":"<p>*Cynthia L\u00f3pez Castro impuls\u00f3 que los j\u00f3venes puedan ser votados al cumplir la mayor\u00eda de edad. *Karla Ayala propuso bajar la edad para contender a una diputaci\u00f3n federal de 21 a 18 a\u00f1os. Palacio Legislativo de San L\u00e1zaro, 11 de abril de 2023.-Existimos j\u00f3venes suficientemente maduros, preparados, trabajadores y motivados para cambiar a este pa\u00eds, [&hellip;]<\/p>\n","protected":false},"author":1,"featured_media":6286,"comment_status":"closed","ping_status":"closed","sticky":false,"template":"","format":"standard","meta":[],"categories":[3],"tags":[],"_links":{"self":[{"href":"https:\/\/www.diarionoti7.com.mx\/index.php?rest_route=\/wp\/v2\/posts\/6284"}],"collection":[{"href":"https:\/\/www.diarionoti7.com.mx\/index.php?rest_route=\/wp\/v2\/posts"}],"about":[{"href":"https:\/\/www.diarionoti7.com.mx\/index.php?rest_route=\/wp\/v2\/types\/post"}],"author":[{"embeddable":true,"href":"https:\/\/www.diarionoti7.com.mx\/index.php?rest_route=\/wp\/v2\/users\/1"}],"replies":[{"embeddable":true,"href":"https:\/\/www.diarionoti7.com.mx\/index.php?rest_route=%2Fwp%2Fv2%2Fcomments&post=6284"}],"version-history":[{"count":4,"href":"https:\/\/www.diarionoti7.com.mx\/index.php?rest_route=\/wp\/v2\/posts\/6284\/revisions"}],"predecessor-version":[{"id":6289,"href":"https:\/\/www.diarionoti7.com.mx\/index.php?rest_route=\/wp\/v2\/posts\/6284\/revisions\/6289"}],"wp:featuredmedia":[{"embeddable":true,"href":"https:\/\/www.diarionoti7.com.mx\/index.php?rest_route=\/wp\/v2\/media\/6286"}],"wp:attachment":[{"href":"https:\/\/www.diarionoti7.com.mx\/index.php?rest_route=%2Fwp%2Fv2%2Fmedia&parent=6284"}],"wp:term":[{"taxonomy":"category","embeddable":true,"href":"https:\/\/www.diarionoti7.com.mx\/index.php?rest_route=%2Fwp%2Fv2%2Fcategories&post=6284"},{"taxonomy":"post_tag","embeddable":true,"href":"https:\/\/www.diarionoti7.com.mx\/index.php?rest_route=%2Fwp%2Fv2%2Ftags&post=6284"}],"curies":[{"name":"wp","href":"https:\/\/api.w.org\/{rel}","templated":true}]}}