{"id":6272,"date":"2023-04-12T17:50:43","date_gmt":"2023-04-12T17:50:43","guid":{"rendered":"https:\/\/www.diarionoti7.com.mx\/?p=6272"},"modified":"2023-04-12T17:52:46","modified_gmt":"2023-04-12T17:52:46","slug":"las-investigaciones-contra-ex-funcionarios-por-desvio-de-recursos-publicos-no-se-trata-de-una-persecucion-politica-ni-de-un-ajuste-de-cuentas-menchaca","status":"publish","type":"post","link":"https:\/\/www.diarionoti7.com.mx\/?p=6272","title":{"rendered":"Las Investigaciones Contra Ex Funcionarios por Desv\u00edo de Recursos P\u00fablicos. \u201cNo se trata de una persecuci\u00f3n pol\u00edtica, ni de un ajuste de cuentas\u201d : Menchaca"},"content":{"rendered":"\t\t<div data-elementor-type=\"wp-post\" data-elementor-id=\"6272\" class=\"elementor elementor-6272\">\n\t\t\t\t\t\t\t\t\t<section class=\"elementor-section elementor-top-section elementor-element elementor-element-51c23a4c elementor-section-boxed elementor-section-height-default elementor-section-height-default\" data-id=\"51c23a4c\" data-element_type=\"section\">\n\t\t\t\t\t\t<div class=\"elementor-container elementor-column-gap-default\">\n\t\t\t\t\t<div class=\"elementor-column elementor-col-100 elementor-top-column elementor-element elementor-element-7d2e0b6e\" data-id=\"7d2e0b6e\" data-element_type=\"column\">\n\t\t\t<div class=\"elementor-widget-wrap elementor-element-populated\">\n\t\t\t\t\t\t\t\t<div class=\"elementor-element elementor-element-2f2290cd elementor-widget elementor-widget-text-editor\" data-id=\"2f2290cd\" data-element_type=\"widget\" data-widget_type=\"text-editor.default\">\n\t\t\t\t<div class=\"elementor-widget-container\">\n\t\t\t<style>\/*! elementor - v3.10.2 - 29-01-2023 *\/\n.elementor-widget-text-editor.elementor-drop-cap-view-stacked .elementor-drop-cap{background-color:#818a91;color:#fff}.elementor-widget-text-editor.elementor-drop-cap-view-framed .elementor-drop-cap{color:#818a91;border:3px solid;background-color:transparent}.elementor-widget-text-editor:not(.elementor-drop-cap-view-default) .elementor-drop-cap{margin-top:8px}.elementor-widget-text-editor:not(.elementor-drop-cap-view-default) .elementor-drop-cap-letter{width:1em;height:1em}.elementor-widget-text-editor .elementor-drop-cap{float:left;text-align:center;line-height:1;font-size:50px}.elementor-widget-text-editor .elementor-drop-cap-letter{display:inline-block}<\/style>\t\t\t\t<p><strong>*<\/strong> <strong>En el caso del exgobernador no se puede determinar si solo hubo una responsabilidad pol\u00edtica, pues las investigaciones no han terminado;<em>\u00a0<\/em>\u201ces un asunto inacabado<\/strong><\/p><p><strong>Pachuca, Hgo 12 de abril 2023.-<\/strong>No se trata de una persecuci\u00f3n pol\u00edtica, ni de un ajuste de cuentas<em>\u201d<\/em>, afirm\u00f3 el gobernador Julio Menchaca Salazar sobre las \u00f3rdenes de aprehensi\u00f3n que existen contra C\u00e9sar Rom\u00e1n M.V., ex contralor estatal; y las investigaciones que se realizan contra funcionarios de la anterior administraci\u00f3n por su presunta responsabilidad en el desv\u00edo de recursos p\u00fablicos.<\/p><p>En entrevista con medios de comunicaci\u00f3n, el mandatario dijo ser respetuoso del debido proceso que llevan las instancias de procuraci\u00f3n de justicia, al tiempo que indic\u00f3 que \u201cla lucha constante contra la corrupci\u00f3n y la impunidad, as\u00ed como la utilizaci\u00f3n correcta de los recursos p\u00fablicos es una parte fundamental de su gobierno\u201d.<\/p><p>Destac\u00f3 Menchaca Salazar\u00a0 que \u201cTodas las dudas que se han venido dando en la entrega-recepci\u00f3n, de los recursos, tienen un camino, una ruta. No se trata de una persecuci\u00f3n pol\u00edtica, ni un ajuste de cuentas, se trata simplemente de cumplir con la responsabilidad\u201d.<\/p><p>En ese sentido, revel\u00f3 que, sin lugar a dudas, ha habido ausencia de algunos funcionarios, omisiones o acciones de otros que han perjudicado el erario, por lo que tendr\u00e1n que asumir su responsabilidad ante las instancias administrativas o penales correspondientes.<\/p><p>Adem\u00e1s, sobre el desconocimiento de su antecesor, Omar Fayad, de los actos de corrupci\u00f3n de sus servidores, Menchaca Salazar se\u00f1al\u00f3 que el Poder Ejecutivo tiene cerca de 90 mil trabajadores; por lo que es muy complicado que, dentro de las limitaciones de una persona, se pueda estar al tanto de lo que realizan esos 90 mil empleados.<\/p><p>Sin embargo asegur\u00f3 que \u201cSi hay una responsabilidad pol\u00edtica, pero hay una estructura, les puedo decir que en mi caso yo me espero por saber el trabajo que realizan todas las dependencias, pero tambi\u00e9n es muy complicado. \u00bfQu\u00e9 es lo que corresponde?, que cada uno de los responsables de las \u00e1reas est\u00e9 muy atento de lo que sucede y se vaya respetando esa estructura para llegar a los puestos m\u00e1s modestos, pero siempre con una rendici\u00f3n de cuentas<em>\u201d<\/em>, consider\u00f3.<\/p><p>Agreg\u00f3 que, en el caso del exgobernador no se puede determinar si solo hubo una responsabilidad pol\u00edtica, pues las investigaciones no han terminado;<em>\u00a0<\/em>\u201ces un asunto inacabado; lo que me ha informado la Procuradur\u00eda es que hasta ahora no ha habido una vinculaci\u00f3n, ha habido un situaci\u00f3n directa de funcionarios que aparentemente aprovecharon su responsabilidad para lucrar<em>\u201d<\/em>, expuso y reiter\u00f3 que cada implicado est\u00e1 sujeto a un proceso administrativo o penal, y tendr\u00e1 derecho a la defensa, como cualquier otra persona.<\/p><p>Por \u00faltimo, evit\u00f3 opinar si C\u00e9sar N podr\u00e1 obtener un criterio de oportunidad cuando sea detenido. \u201cSoy muy cuidadoso del debido proceso, no me gusta hacer especulaciones, finalmente eso lo establece la ley y veremos de que \u00e9l y otras personas, que est\u00e1n siendo cuestionadas de su actuar, una vez que comparezcan ante las autoridades, tendr\u00e1n esas mismas la posibilidad de estar explorando hasta donde llegan los niveles de corrupci\u00f3n<em>\u201d<\/em>.<\/p><p>\u00a0<\/p>\t\t\t\t\t\t<\/div>\n\t\t\t\t<\/div>\n\t\t\t\t\t<\/div>\n\t\t<\/div>\n\t\t\t\t\t\t\t<\/div>\n\t\t<\/section>\n\t\t\t\t\t\t\t<\/div>\n\t\t","protected":false},"excerpt":{"rendered":"<p>* En el caso del exgobernador no se puede determinar si solo hubo una responsabilidad pol\u00edtica, pues las investigaciones no han terminado;\u00a0\u201ces un asunto inacabado Pachuca, Hgo 12 de abril 2023.-No se trata de una persecuci\u00f3n pol\u00edtica, ni de un ajuste de cuentas\u201d, afirm\u00f3 el gobernador Julio Menchaca Salazar sobre las \u00f3rdenes de aprehensi\u00f3n que [&hellip;]<\/p>\n","protected":false},"author":1,"featured_media":6274,"comment_status":"closed","ping_status":"closed","sticky":false,"template":"","format":"standard","meta":[],"categories":[7],"tags":[],"_links":{"self":[{"href":"https:\/\/www.diarionoti7.com.mx\/index.php?rest_route=\/wp\/v2\/posts\/6272"}],"collection":[{"href":"https:\/\/www.diarionoti7.com.mx\/index.php?rest_route=\/wp\/v2\/posts"}],"about":[{"href":"https:\/\/www.diarionoti7.com.mx\/index.php?rest_route=\/wp\/v2\/types\/post"}],"author":[{"embeddable":true,"href":"https:\/\/www.diarionoti7.com.mx\/index.php?rest_route=\/wp\/v2\/users\/1"}],"replies":[{"embeddable":true,"href":"https:\/\/www.diarionoti7.com.mx\/index.php?rest_route=%2Fwp%2Fv2%2Fcomments&post=6272"}],"version-history":[{"count":4,"href":"https:\/\/www.diarionoti7.com.mx\/index.php?rest_route=\/wp\/v2\/posts\/6272\/revisions"}],"predecessor-version":[{"id":6277,"href":"https:\/\/www.diarionoti7.com.mx\/index.php?rest_route=\/wp\/v2\/posts\/6272\/revisions\/6277"}],"wp:featuredmedia":[{"embeddable":true,"href":"https:\/\/www.diarionoti7.com.mx\/index.php?rest_route=\/wp\/v2\/media\/6274"}],"wp:attachment":[{"href":"https:\/\/www.diarionoti7.com.mx\/index.php?rest_route=%2Fwp%2Fv2%2Fmedia&parent=6272"}],"wp:term":[{"taxonomy":"category","embeddable":true,"href":"https:\/\/www.diarionoti7.com.mx\/index.php?rest_route=%2Fwp%2Fv2%2Fcategories&post=6272"},{"taxonomy":"post_tag","embeddable":true,"href":"https:\/\/www.diarionoti7.com.mx\/index.php?rest_route=%2Fwp%2Fv2%2Ftags&post=6272"}],"curies":[{"name":"wp","href":"https:\/\/api.w.org\/{rel}","templated":true}]}}