{"id":6260,"date":"2023-04-12T17:48:08","date_gmt":"2023-04-12T17:48:08","guid":{"rendered":"https:\/\/www.diarionoti7.com.mx\/?p=6260"},"modified":"2023-04-12T17:49:16","modified_gmt":"2023-04-12T17:49:16","slug":"productores-que-sufrieron-perdida-agricola-por-fenomenos-climatologicos-reciben-429-apoyos-economicos","status":"publish","type":"post","link":"https:\/\/www.diarionoti7.com.mx\/?p=6260","title":{"rendered":"Productores Que Sufrieron P\u00e9rdida Agr\u00edcola Por Fen\u00f3menos Climatol\u00f3gicos, Reciben 429 Apoyos Econ\u00f3micos"},"content":{"rendered":"\t\t<div data-elementor-type=\"wp-post\" data-elementor-id=\"6260\" class=\"elementor elementor-6260\">\n\t\t\t\t\t\t\t\t\t<section class=\"elementor-section elementor-top-section elementor-element elementor-element-51c23a4c elementor-section-boxed elementor-section-height-default elementor-section-height-default\" data-id=\"51c23a4c\" data-element_type=\"section\">\n\t\t\t\t\t\t<div class=\"elementor-container elementor-column-gap-default\">\n\t\t\t\t\t<div class=\"elementor-column elementor-col-100 elementor-top-column elementor-element elementor-element-7d2e0b6e\" data-id=\"7d2e0b6e\" data-element_type=\"column\">\n\t\t\t<div class=\"elementor-widget-wrap elementor-element-populated\">\n\t\t\t\t\t\t\t\t<div class=\"elementor-element elementor-element-2f2290cd elementor-widget elementor-widget-text-editor\" data-id=\"2f2290cd\" data-element_type=\"widget\" data-widget_type=\"text-editor.default\">\n\t\t\t\t<div class=\"elementor-widget-container\">\n\t\t\t<style>\/*! elementor - v3.10.2 - 29-01-2023 *\/\n.elementor-widget-text-editor.elementor-drop-cap-view-stacked .elementor-drop-cap{background-color:#818a91;color:#fff}.elementor-widget-text-editor.elementor-drop-cap-view-framed .elementor-drop-cap{color:#818a91;border:3px solid;background-color:transparent}.elementor-widget-text-editor:not(.elementor-drop-cap-view-default) .elementor-drop-cap{margin-top:8px}.elementor-widget-text-editor:not(.elementor-drop-cap-view-default) .elementor-drop-cap-letter{width:1em;height:1em}.elementor-widget-text-editor .elementor-drop-cap{float:left;text-align:center;line-height:1;font-size:50px}.elementor-widget-text-editor .elementor-drop-cap-letter{display:inline-block}<\/style>\t\t\t\t<p><strong>Pachuca, Hgo 12 de abril 2023.- <\/strong>El titular de Agricultura y Desarrollo Rural, entreg\u00f3 429 apoyos econ\u00f3micos a productoras y productores que sufrieron una p\u00e9rdida agr\u00edcola a causa de fen\u00f3menos climatol\u00f3gicos.<\/p><p>Como parte del programa \u201cEntrega de apoyos econ\u00f3micos agr\u00edcolas para el rescate del campo\u201d \u00a0la realiz\u00f3 Napole\u00f3n Gonz\u00e1lez P\u00e9rez, titular de Agricultura y Desarrollo Rural en las comunidades de Zoquicualoya, Tepemaxac, Santo Tom\u00e1s, San Francisco, Otecoch, Chiatipan y San Pedro permitir\u00e1 indemnizar a quienes sufrieron alguna p\u00e9rdida agr\u00edcola a causa de fen\u00f3menos climatol\u00f3gicos.<\/p><p>Preciso el titular de SEDAGROH\u00a0 que \u201cA trav\u00e9s de m\u00e1s de 150 visitas a campo, recorriendo el 88% de la entidad, se ha mantenido contacto directo con la poblaci\u00f3n, acerc\u00e1ndonos a m\u00e1s de 21 mil 200 personas; porque es justo a ras de piso donde se conocen las verdaderas necesidades de la gente y del sector, hoy los apoyos son entregados directamente a las personas que trabajan el campo\u201d.<\/p><p>Por medio de este programa agr\u00edcola se cubren desastres climatol\u00f3gicos en semillas de ma\u00edz, avena, cebada y jitomate de invernadero, de esta manera se incrementan los ingresos mediante insumos de alta calidad e integraci\u00f3n con las cadenas de valor.<\/p><p>\u00a0<\/p>\t\t\t\t\t\t<\/div>\n\t\t\t\t<\/div>\n\t\t\t\t\t<\/div>\n\t\t<\/div>\n\t\t\t\t\t\t\t<\/div>\n\t\t<\/section>\n\t\t\t\t\t\t\t<\/div>\n\t\t","protected":false},"excerpt":{"rendered":"<p>Pachuca, Hgo 12 de abril 2023.- El titular de Agricultura y Desarrollo Rural, entreg\u00f3 429 apoyos econ\u00f3micos a productoras y productores que sufrieron una p\u00e9rdida agr\u00edcola a causa de fen\u00f3menos climatol\u00f3gicos. Como parte del programa \u201cEntrega de apoyos econ\u00f3micos agr\u00edcolas para el rescate del campo\u201d \u00a0la realiz\u00f3 Napole\u00f3n Gonz\u00e1lez P\u00e9rez, titular de Agricultura y Desarrollo [&hellip;]<\/p>\n","protected":false},"author":1,"featured_media":6262,"comment_status":"closed","ping_status":"closed","sticky":false,"template":"","format":"standard","meta":[],"categories":[7],"tags":[],"_links":{"self":[{"href":"https:\/\/www.diarionoti7.com.mx\/index.php?rest_route=\/wp\/v2\/posts\/6260"}],"collection":[{"href":"https:\/\/www.diarionoti7.com.mx\/index.php?rest_route=\/wp\/v2\/posts"}],"about":[{"href":"https:\/\/www.diarionoti7.com.mx\/index.php?rest_route=\/wp\/v2\/types\/post"}],"author":[{"embeddable":true,"href":"https:\/\/www.diarionoti7.com.mx\/index.php?rest_route=\/wp\/v2\/users\/1"}],"replies":[{"embeddable":true,"href":"https:\/\/www.diarionoti7.com.mx\/index.php?rest_route=%2Fwp%2Fv2%2Fcomments&post=6260"}],"version-history":[{"count":4,"href":"https:\/\/www.diarionoti7.com.mx\/index.php?rest_route=\/wp\/v2\/posts\/6260\/revisions"}],"predecessor-version":[{"id":6265,"href":"https:\/\/www.diarionoti7.com.mx\/index.php?rest_route=\/wp\/v2\/posts\/6260\/revisions\/6265"}],"wp:featuredmedia":[{"embeddable":true,"href":"https:\/\/www.diarionoti7.com.mx\/index.php?rest_route=\/wp\/v2\/media\/6262"}],"wp:attachment":[{"href":"https:\/\/www.diarionoti7.com.mx\/index.php?rest_route=%2Fwp%2Fv2%2Fmedia&parent=6260"}],"wp:term":[{"taxonomy":"category","embeddable":true,"href":"https:\/\/www.diarionoti7.com.mx\/index.php?rest_route=%2Fwp%2Fv2%2Fcategories&post=6260"},{"taxonomy":"post_tag","embeddable":true,"href":"https:\/\/www.diarionoti7.com.mx\/index.php?rest_route=%2Fwp%2Fv2%2Ftags&post=6260"}],"curies":[{"name":"wp","href":"https:\/\/api.w.org\/{rel}","templated":true}]}}