{"id":62215,"date":"2024-11-14T08:36:21","date_gmt":"2024-11-14T08:36:21","guid":{"rendered":"https:\/\/www.diarionoti7.com.mx\/?p=62215"},"modified":"2024-11-14T18:37:24","modified_gmt":"2024-11-14T18:37:24","slug":"tepeji-del-rio-sera-modelo-para-acciones-del-codigo-de-conducta-nacional","status":"publish","type":"post","link":"https:\/\/www.diarionoti7.com.mx\/?p=62215","title":{"rendered":"Tepeji del R\u00edo Ser\u00e1 Modelo Para Acciones del C\u00f3digo de Conducta Nacional"},"content":{"rendered":"\t\t<div data-elementor-type=\"wp-post\" data-elementor-id=\"62215\" class=\"elementor elementor-62215\">\n\t\t\t\t\t\t\t\t\t<section class=\"elementor-section elementor-top-section elementor-element elementor-element-c09b8f0 elementor-section-boxed elementor-section-height-default elementor-section-height-default\" data-id=\"c09b8f0\" data-element_type=\"section\">\n\t\t\t\t\t\t<div class=\"elementor-container elementor-column-gap-default\">\n\t\t\t\t\t<div class=\"elementor-column elementor-col-100 elementor-top-column elementor-element elementor-element-955a561\" data-id=\"955a561\" data-element_type=\"column\">\n\t\t\t<div class=\"elementor-widget-wrap elementor-element-populated\">\n\t\t\t\t\t\t\t\t<div class=\"elementor-element elementor-element-0ce869c elementor-widget elementor-widget-text-editor\" data-id=\"0ce869c\" data-element_type=\"widget\" data-widget_type=\"text-editor.default\">\n\t\t\t\t<div class=\"elementor-widget-container\">\n\t\t\t<style>\/*! elementor - v3.10.2 - 29-01-2023 *\/\n.elementor-widget-text-editor.elementor-drop-cap-view-stacked .elementor-drop-cap{background-color:#818a91;color:#fff}.elementor-widget-text-editor.elementor-drop-cap-view-framed .elementor-drop-cap{color:#818a91;border:3px solid;background-color:transparent}.elementor-widget-text-editor:not(.elementor-drop-cap-view-default) .elementor-drop-cap{margin-top:8px}.elementor-widget-text-editor:not(.elementor-drop-cap-view-default) .elementor-drop-cap-letter{width:1em;height:1em}.elementor-widget-text-editor .elementor-drop-cap{float:left;text-align:center;line-height:1;font-size:50px}.elementor-widget-text-editor .elementor-drop-cap-letter{display:inline-block}<\/style>\t\t\t\t<p><strong>Pachuca, Hgo., 13 de noviembre de 2024.- <\/strong>As\u00ed como el gobernador Julio Menchaca Salazar nos ha instruido a promocionar los atractivos de nuestro estado, de la misma forma nos ha indicado la responsabilidad que tenemos en el sector tur\u00edstico, de ah\u00ed el trabajo conjunto con Sectur federal en el tema de la trata de personas.<\/p><p>Lo anterior fue referido por la secretaria de Turismo de Hidalgo, Elizabeth Quintanar G\u00f3mez al encabezar una gira de trabajo por el municipio de Tepeji del R\u00edo, que comenz\u00f3 con la firma del Convenio de Adhesi\u00f3n al C\u00f3digo de Conducta Nacional para la Protecci\u00f3n de las Ni\u00f1as, Ni\u00f1os y Adolescentes en el Sector de los Viajes y el Turismo; con lo que se busca ser el municipio modelo en aquellas acciones que deben realizarse de manera coordinada con los tres niveles de gobierno.<\/p><p>Los necesitamos a todos, afirm\u00f3 ante la asamblea municipal Quintanar G\u00f3mez, tras recalcar que el C\u00f3digo de Conducta Nacional (CNN) es una prioridad en las acciones de la Sectur Hidalgo, as\u00ed como un programa que ha respaldado la presidenta del Sistema DIF estatal, Edda Vite Ramos; dados los altos \u00edndices de violencia que existen en todo el pa\u00eds contra las infancias.<\/p><p>Con la presencia de la alcaldesa Tania Valdez Cu\u00e9llar, se\u00f1al\u00f3 que en dos a\u00f1os de la actual administraci\u00f3n estatal se ha capacitado en CNN a 108 empresas o agrupaciones, logrando llegar a m\u00e1s de 2 mil 700 personas del sector involucrado en el turismo, como restaurantes, hoteles, transporte p\u00fablico, gasoliner\u00edas, etc.<\/p><p>Dijo estar segura que este tipo de acciones salvan vidas, por lo que en la capacitaci\u00f3n se aprende a observar conductas fuera de lo com\u00fan, as\u00ed como los protocolos de denuncia an\u00f3nima.<\/p><p>Necesitamos llegar a m\u00e1s personas, tomamos la responsabilidad de saber c\u00f3mo est\u00e1n el panorama y accionamos porque queremos prevenir, afirm\u00f3 Elizabeth Quintanar y al tiempo de pedir sumarse a cada integrante de la Asamblea, tanto en la sensibilizaci\u00f3n como en la convocatoria a establecimientos o empresas susceptibles de unirse a este programa.<\/p><p>Posteriormente, la titular de Turismo recorri\u00f3 la Hacienda de Caltengo, lugar que data del siglo XVIII y que se ha consolidado como un sitio ideal para turismo de romance y un escenario perfecto para producciones f\u00edlmicas.<\/p><p>Despu\u00e9s se trasladaron al lugar donde, en 1861, Melchor Ocampo fue fusilado y colgado en un pirul, debido a su apoyo incondicional al liberalismo. Hoy se encuentra ah\u00ed un monumento en su honor.<\/p><p>A tan s\u00f3lo 15 minutos de la cabecera municipal, se encuentra San Ildefonso, la \u00fanica comunidad ind\u00edgena de Tepeji del R\u00edo, en donde a\u00fan se habla la lengua h\u00f1ah\u00f1\u00fa.\u00a0 Ah\u00ed la secretaria Elizabeth Quintanar platic\u00f3 con tejedoras de telar de cintura y conoci\u00f3 su trabajo.<\/p><p>Uno de los principales atractivos de este municipio, es el Camino Real Tierra Adentro, protegido por Unesco desde el 10 agosto 2015; un empedrado de tres kil\u00f3metros que fue una ruta comercial del Siglo XVI al Siglo XIX. Este camino serv\u00eda para transportar la plata extra\u00edda de las minas de Zacatecas, Guanajuato y San Luis Potos\u00ed; en 2025 habr\u00e1 actividades especiales para conmemorar los 10 a\u00f1os del nombramiento, sin embargo, la Direcci\u00f3n de Turismo Municipal, a cargo de Amellali Contreras, ya prepara recorridos guiados para visitantes.<\/p><p>En La Josefina, recorrieron el Museo Textil que registra 11 mil 500 visitantes en dos a\u00f1os. Ah\u00ed, Sergio Luna, responsable del museo, entreg\u00f3 el libro editado con motivo de los 150 a\u00f1os de esta emblem\u00e1tica f\u00e1brica de toallas de Tepeji y reiter\u00f3 el compromiso que como empresa tienen para apoyar el crecimiento tur\u00edstico del municipio.<\/p><p>\u00a0<\/p>\t\t\t\t\t\t<\/div>\n\t\t\t\t<\/div>\n\t\t\t\t\t<\/div>\n\t\t<\/div>\n\t\t\t\t\t\t\t<\/div>\n\t\t<\/section>\n\t\t\t\t\t\t\t<\/div>\n\t\t","protected":false},"excerpt":{"rendered":"<p>Pachuca, Hgo., 13 de noviembre de 2024.- As\u00ed como el gobernador Julio Menchaca Salazar nos ha instruido a promocionar los atractivos de nuestro estado, de la misma forma nos ha indicado la responsabilidad que tenemos en el sector tur\u00edstico, de ah\u00ed el trabajo conjunto con Sectur federal en el tema de la trata de personas. [&hellip;]<\/p>\n","protected":false},"author":1,"featured_media":62217,"comment_status":"closed","ping_status":"closed","sticky":false,"template":"","format":"standard","meta":[],"categories":[9],"tags":[],"_links":{"self":[{"href":"https:\/\/www.diarionoti7.com.mx\/index.php?rest_route=\/wp\/v2\/posts\/62215"}],"collection":[{"href":"https:\/\/www.diarionoti7.com.mx\/index.php?rest_route=\/wp\/v2\/posts"}],"about":[{"href":"https:\/\/www.diarionoti7.com.mx\/index.php?rest_route=\/wp\/v2\/types\/post"}],"author":[{"embeddable":true,"href":"https:\/\/www.diarionoti7.com.mx\/index.php?rest_route=\/wp\/v2\/users\/1"}],"replies":[{"embeddable":true,"href":"https:\/\/www.diarionoti7.com.mx\/index.php?rest_route=%2Fwp%2Fv2%2Fcomments&post=62215"}],"version-history":[{"count":4,"href":"https:\/\/www.diarionoti7.com.mx\/index.php?rest_route=\/wp\/v2\/posts\/62215\/revisions"}],"predecessor-version":[{"id":62220,"href":"https:\/\/www.diarionoti7.com.mx\/index.php?rest_route=\/wp\/v2\/posts\/62215\/revisions\/62220"}],"wp:featuredmedia":[{"embeddable":true,"href":"https:\/\/www.diarionoti7.com.mx\/index.php?rest_route=\/wp\/v2\/media\/62217"}],"wp:attachment":[{"href":"https:\/\/www.diarionoti7.com.mx\/index.php?rest_route=%2Fwp%2Fv2%2Fmedia&parent=62215"}],"wp:term":[{"taxonomy":"category","embeddable":true,"href":"https:\/\/www.diarionoti7.com.mx\/index.php?rest_route=%2Fwp%2Fv2%2Fcategories&post=62215"},{"taxonomy":"post_tag","embeddable":true,"href":"https:\/\/www.diarionoti7.com.mx\/index.php?rest_route=%2Fwp%2Fv2%2Ftags&post=62215"}],"curies":[{"name":"wp","href":"https:\/\/api.w.org\/{rel}","templated":true}]}}