{"id":6218,"date":"2023-04-12T17:30:27","date_gmt":"2023-04-12T17:30:27","guid":{"rendered":"https:\/\/www.diarionoti7.com.mx\/?p=6218"},"modified":"2023-04-12T17:36:25","modified_gmt":"2023-04-12T17:36:25","slug":"hidalgo-fortalece-la-educacion-aa-traves-de-reunion-bilateral-de-trabajo-mexico-colombia","status":"publish","type":"post","link":"https:\/\/www.diarionoti7.com.mx\/?p=6218","title":{"rendered":"Hidalgo Fortalece la Educaci\u00f3n aA Trav\u00e9s de Reuni\u00f3n Bilateral de Trabajo M\u00e9xico-Colombia"},"content":{"rendered":"\t\t<div data-elementor-type=\"wp-post\" data-elementor-id=\"6218\" class=\"elementor elementor-6218\">\n\t\t\t\t\t\t\t\t\t<section class=\"elementor-section elementor-top-section elementor-element elementor-element-51c23a4c elementor-section-boxed elementor-section-height-default elementor-section-height-default\" data-id=\"51c23a4c\" data-element_type=\"section\">\n\t\t\t\t\t\t<div class=\"elementor-container elementor-column-gap-default\">\n\t\t\t\t\t<div class=\"elementor-column elementor-col-100 elementor-top-column elementor-element elementor-element-7d2e0b6e\" data-id=\"7d2e0b6e\" data-element_type=\"column\">\n\t\t\t<div class=\"elementor-widget-wrap elementor-element-populated\">\n\t\t\t\t\t\t\t\t<div class=\"elementor-element elementor-element-2f2290cd elementor-widget elementor-widget-text-editor\" data-id=\"2f2290cd\" data-element_type=\"widget\" data-widget_type=\"text-editor.default\">\n\t\t\t\t<div class=\"elementor-widget-container\">\n\t\t\t<style>\/*! elementor - v3.10.2 - 29-01-2023 *\/\n.elementor-widget-text-editor.elementor-drop-cap-view-stacked .elementor-drop-cap{background-color:#818a91;color:#fff}.elementor-widget-text-editor.elementor-drop-cap-view-framed .elementor-drop-cap{color:#818a91;border:3px solid;background-color:transparent}.elementor-widget-text-editor:not(.elementor-drop-cap-view-default) .elementor-drop-cap{margin-top:8px}.elementor-widget-text-editor:not(.elementor-drop-cap-view-default) .elementor-drop-cap-letter{width:1em;height:1em}.elementor-widget-text-editor .elementor-drop-cap{float:left;text-align:center;line-height:1;font-size:50px}.elementor-widget-text-editor .elementor-drop-cap-letter{display:inline-block}<\/style>\t\t\t\t<p><strong>-Adem\u00e1s, se consolid\u00f3 la firma de la Carta de Intenci\u00f3n entre organismos educativos de ambos pa\u00edses <\/strong><\/p><p><strong>Pachuca, Hgo., 11 de abril de 2023.-<\/strong>Como parte de la pol\u00edtica de educaci\u00f3n integral implementada en el estado por el gobernador Julio Menchaca Salazar y el secretario de Educaci\u00f3n P\u00fablica de Hidalgo, Natividad Castrej\u00f3n Valdez, en beneficio de los estudiantes de Educaci\u00f3n Superior, se llev\u00f3 a cabo la \u201cReuni\u00f3n Bilateral de trabajo M\u00e9xico-Colombia\u201d, entre las autoridades de la Secretar\u00eda de Educaci\u00f3n P\u00fablica (SEPH), del Instituto Tecnol\u00f3gico Metropolitano de Medell\u00edn y del Centro para la Cuarta Revoluci\u00f3n Industrial de Colombia.<\/p><p>Con la asistencia de rectores de diversas universidades tecnol\u00f3gicas y polit\u00e9cnicas del estado, en las instalaciones de la Universidad Tecnol\u00f3gica de Mineral de la Reforma (UTMiR), as\u00ed como la participaci\u00f3n de funcionarios acad\u00e9micos colombianos, dicha reuni\u00f3n virtual fue encabezada por el subsecretario de Educaci\u00f3n Media Superior y Superior, Daniel Fragoso Torres y el rector del Instituto Tecnol\u00f3gico Metropolitano de Medell\u00edn Colombia, Alejandro Villa G\u00f3mez.<\/p><p>En sus participaciones, los funcionarios coincidieron en la similitud educativa y cultural de ambos pa\u00edses y lo importante que es para ambas instituciones, fortalecer la vinculaci\u00f3n e intercambio de investigadores, acad\u00e9micos y sobre todo de estudiantes, que les permita conocer un entorno diferente y compartir experiencias profesionales.<\/p><p>Durante la exposici\u00f3n de trabajos a distancia, se cont\u00f3 con la pl\u00e1tica de Erez Zaionce, del Centro para la Cuarta Revoluci\u00f3n Industrial de Colombia, quien expuso con los participantes \u201cLos Retos de Latinoam\u00e9rica seg\u00fan el Centro para la cuarta Revoluci\u00f3n Industrial de Colombia\u201d. As\u00ed mismo se realiz\u00f3 la ponencia \u201cEl fomento de la ciencia, la tecnolog\u00eda y la innovaci\u00f3n para la construcci\u00f3n de la paz\u201d, por parte de Alejandro Villa G\u00f3mez, as\u00ed como la charla \u201cRed de ciudades inteligentes de Latinoam\u00e9rica\u201d a cargo de Diony Gonz\u00e1lez Rend\u00f3n, rector y director de Vinculaci\u00f3n Internacional ITM, respectivamente.<\/p><p>El subsecretario de Educaci\u00f3n Media Superior y Superior de Hidalgo invit\u00f3 a las y los rectores presentes a participar en las conclusiones de la jornada, donde los titulares de las universidades manifestaron su inter\u00e9s de participar en diferentes \u00e1reas del conocimiento con acciones que fortalezcan la vinculaci\u00f3n y el desarrollo acad\u00e9mico de las universidades hidalguenses y el ITM de Colombia.<\/p><p>Al finalizar el evento se consolid\u00f3 la firma de la Carta de Intenci\u00f3n entre dichos organismos de M\u00e9xico y Colombia.<\/p>\t\t\t\t\t\t<\/div>\n\t\t\t\t<\/div>\n\t\t\t\t\t<\/div>\n\t\t<\/div>\n\t\t\t\t\t\t\t<\/div>\n\t\t<\/section>\n\t\t\t\t\t\t\t<\/div>\n\t\t","protected":false},"excerpt":{"rendered":"<p>-Adem\u00e1s, se consolid\u00f3 la firma de la Carta de Intenci\u00f3n entre organismos educativos de ambos pa\u00edses Pachuca, Hgo., 11 de abril de 2023.-Como parte de la pol\u00edtica de educaci\u00f3n integral implementada en el estado por el gobernador Julio Menchaca Salazar y el secretario de Educaci\u00f3n P\u00fablica de Hidalgo, Natividad Castrej\u00f3n Valdez, en beneficio de los [&hellip;]<\/p>\n","protected":false},"author":1,"featured_media":6226,"comment_status":"closed","ping_status":"closed","sticky":false,"template":"","format":"standard","meta":[],"categories":[4],"tags":[],"_links":{"self":[{"href":"https:\/\/www.diarionoti7.com.mx\/index.php?rest_route=\/wp\/v2\/posts\/6218"}],"collection":[{"href":"https:\/\/www.diarionoti7.com.mx\/index.php?rest_route=\/wp\/v2\/posts"}],"about":[{"href":"https:\/\/www.diarionoti7.com.mx\/index.php?rest_route=\/wp\/v2\/types\/post"}],"author":[{"embeddable":true,"href":"https:\/\/www.diarionoti7.com.mx\/index.php?rest_route=\/wp\/v2\/users\/1"}],"replies":[{"embeddable":true,"href":"https:\/\/www.diarionoti7.com.mx\/index.php?rest_route=%2Fwp%2Fv2%2Fcomments&post=6218"}],"version-history":[{"count":4,"href":"https:\/\/www.diarionoti7.com.mx\/index.php?rest_route=\/wp\/v2\/posts\/6218\/revisions"}],"predecessor-version":[{"id":6229,"href":"https:\/\/www.diarionoti7.com.mx\/index.php?rest_route=\/wp\/v2\/posts\/6218\/revisions\/6229"}],"wp:featuredmedia":[{"embeddable":true,"href":"https:\/\/www.diarionoti7.com.mx\/index.php?rest_route=\/wp\/v2\/media\/6226"}],"wp:attachment":[{"href":"https:\/\/www.diarionoti7.com.mx\/index.php?rest_route=%2Fwp%2Fv2%2Fmedia&parent=6218"}],"wp:term":[{"taxonomy":"category","embeddable":true,"href":"https:\/\/www.diarionoti7.com.mx\/index.php?rest_route=%2Fwp%2Fv2%2Fcategories&post=6218"},{"taxonomy":"post_tag","embeddable":true,"href":"https:\/\/www.diarionoti7.com.mx\/index.php?rest_route=%2Fwp%2Fv2%2Ftags&post=6218"}],"curies":[{"name":"wp","href":"https:\/\/api.w.org\/{rel}","templated":true}]}}