{"id":6201,"date":"2023-04-12T17:23:35","date_gmt":"2023-04-12T17:23:35","guid":{"rendered":"https:\/\/www.diarionoti7.com.mx\/?p=6201"},"modified":"2023-04-12T17:25:17","modified_gmt":"2023-04-12T17:25:17","slug":"combate-a-la-delincuencia-requiere-de-una-politica-criminal-de-estado","status":"publish","type":"post","link":"https:\/\/www.diarionoti7.com.mx\/?p=6201","title":{"rendered":"Combate a la Delincuencia Requiere de Una Pol\u00edtica Criminal de Estado"},"content":{"rendered":"\t\t<div data-elementor-type=\"wp-post\" data-elementor-id=\"6201\" class=\"elementor elementor-6201\">\n\t\t\t\t\t\t\t\t\t<section class=\"elementor-section elementor-top-section elementor-element elementor-element-51c23a4c elementor-section-boxed elementor-section-height-default elementor-section-height-default\" data-id=\"51c23a4c\" data-element_type=\"section\">\n\t\t\t\t\t\t<div class=\"elementor-container elementor-column-gap-default\">\n\t\t\t\t\t<div class=\"elementor-column elementor-col-100 elementor-top-column elementor-element elementor-element-7d2e0b6e\" data-id=\"7d2e0b6e\" data-element_type=\"column\">\n\t\t\t<div class=\"elementor-widget-wrap elementor-element-populated\">\n\t\t\t\t\t\t\t\t<div class=\"elementor-element elementor-element-2f2290cd elementor-widget elementor-widget-text-editor\" data-id=\"2f2290cd\" data-element_type=\"widget\" data-widget_type=\"text-editor.default\">\n\t\t\t\t<div class=\"elementor-widget-container\">\n\t\t\t<style>\/*! elementor - v3.10.2 - 29-01-2023 *\/\n.elementor-widget-text-editor.elementor-drop-cap-view-stacked .elementor-drop-cap{background-color:#818a91;color:#fff}.elementor-widget-text-editor.elementor-drop-cap-view-framed .elementor-drop-cap{color:#818a91;border:3px solid;background-color:transparent}.elementor-widget-text-editor:not(.elementor-drop-cap-view-default) .elementor-drop-cap{margin-top:8px}.elementor-widget-text-editor:not(.elementor-drop-cap-view-default) .elementor-drop-cap-letter{width:1em;height:1em}.elementor-widget-text-editor .elementor-drop-cap{float:left;text-align:center;line-height:1;font-size:50px}.elementor-widget-text-editor .elementor-drop-cap-letter{display:inline-block}<\/style>\t\t\t\t<p><strong>Pachuca, Hgo 12 de abril 2023.- <\/strong>\u00a0Combatir a toda forma de delincuencia requiere de un pol\u00edtica criminal de Estado donde todas las instituciones de prevenci\u00f3n, procuraci\u00f3n y administraci\u00f3n de justicia participen y se tenga cooperaci\u00f3n internacional porque estos grupos no respetan fronteras, adem\u00e1s que la seguridad no tiene partido ni filiaci\u00f3n ideol\u00f3gica, se\u00f1al\u00f3 Santiago Nieto Castillo, durante la visita de los agregados policiales en M\u00e9xico de Espa\u00f1a, Chile, Per\u00fa, Brasil y El Salvador mientras que Eduardo G\u00f3mez del Campo, hizo un llamado a combatir el lavado de dinero, que es un flanco que da\u00f1a las estructuras criminales.<\/p><p>El encargado de la Procuradur\u00eda (PGJEH Santiago Nieto destac\u00f3 que una pol\u00edtica criminal de Estado involucra a todas las instituciones del sector en un plan de resoluci\u00f3n legal y la toma de decisiones, en seguida habl\u00f3 de las cifras en el combate a Huachicol que han permitido al gobierno recuperar 800 mil litros de combustible robado y exalt\u00f3 que la cooperaci\u00f3n internacional fortalece la responsabilidad de brindar seguridad a la poblaci\u00f3n.<\/p><p>Eduardo G\u00f3mez del Campo de la Asociaci\u00f3n de Agregados Policiales y de Seguridad en M\u00e9xico, expuso que se bien en M\u00e9xico hay una importante manifestaci\u00f3n de violencia, tambi\u00e9n se debe conocer que se est\u00e1 haciendo bien en materia de seguridad y justicia porque \u201csomos m\u00e1s las buenas personas, que aquellos que delinquen\u201d y dijo que hay que sumar esfuerzos contra aquellos \u201cque hacen lo que quieren, porque pueden\u201d.<\/p><p>Habl\u00f3 de mayores esfuerzos y realiz\u00f3 una convocatoria para un nuevo encuentro en Coahuila para bordar el tema de lavado de dinero, cuyo combate y efectos da\u00f1a a las estructuras y organizaciones criminales.<\/p>\t\t\t\t\t\t<\/div>\n\t\t\t\t<\/div>\n\t\t\t\t\t<\/div>\n\t\t<\/div>\n\t\t\t\t\t\t\t<\/div>\n\t\t<\/section>\n\t\t\t\t\t\t\t<\/div>\n\t\t","protected":false},"excerpt":{"rendered":"<p>Pachuca, Hgo 12 de abril 2023.- \u00a0Combatir a toda forma de delincuencia requiere de un pol\u00edtica criminal de Estado donde todas las instituciones de prevenci\u00f3n, procuraci\u00f3n y administraci\u00f3n de justicia participen y se tenga cooperaci\u00f3n internacional porque estos grupos no respetan fronteras, adem\u00e1s que la seguridad no tiene partido ni filiaci\u00f3n ideol\u00f3gica, se\u00f1al\u00f3 Santiago Nieto [&hellip;]<\/p>\n","protected":false},"author":1,"featured_media":6203,"comment_status":"closed","ping_status":"closed","sticky":false,"template":"","format":"standard","meta":[],"categories":[22],"tags":[],"_links":{"self":[{"href":"https:\/\/www.diarionoti7.com.mx\/index.php?rest_route=\/wp\/v2\/posts\/6201"}],"collection":[{"href":"https:\/\/www.diarionoti7.com.mx\/index.php?rest_route=\/wp\/v2\/posts"}],"about":[{"href":"https:\/\/www.diarionoti7.com.mx\/index.php?rest_route=\/wp\/v2\/types\/post"}],"author":[{"embeddable":true,"href":"https:\/\/www.diarionoti7.com.mx\/index.php?rest_route=\/wp\/v2\/users\/1"}],"replies":[{"embeddable":true,"href":"https:\/\/www.diarionoti7.com.mx\/index.php?rest_route=%2Fwp%2Fv2%2Fcomments&post=6201"}],"version-history":[{"count":4,"href":"https:\/\/www.diarionoti7.com.mx\/index.php?rest_route=\/wp\/v2\/posts\/6201\/revisions"}],"predecessor-version":[{"id":6206,"href":"https:\/\/www.diarionoti7.com.mx\/index.php?rest_route=\/wp\/v2\/posts\/6201\/revisions\/6206"}],"wp:featuredmedia":[{"embeddable":true,"href":"https:\/\/www.diarionoti7.com.mx\/index.php?rest_route=\/wp\/v2\/media\/6203"}],"wp:attachment":[{"href":"https:\/\/www.diarionoti7.com.mx\/index.php?rest_route=%2Fwp%2Fv2%2Fmedia&parent=6201"}],"wp:term":[{"taxonomy":"category","embeddable":true,"href":"https:\/\/www.diarionoti7.com.mx\/index.php?rest_route=%2Fwp%2Fv2%2Fcategories&post=6201"},{"taxonomy":"post_tag","embeddable":true,"href":"https:\/\/www.diarionoti7.com.mx\/index.php?rest_route=%2Fwp%2Fv2%2Ftags&post=6201"}],"curies":[{"name":"wp","href":"https:\/\/api.w.org\/{rel}","templated":true}]}}