{"id":6200,"date":"2023-04-12T17:23:12","date_gmt":"2023-04-12T17:23:12","guid":{"rendered":"https:\/\/www.diarionoti7.com.mx\/?p=6200"},"modified":"2023-04-12T17:27:50","modified_gmt":"2023-04-12T17:27:50","slug":"la-alcaldia-de-pachuca-inaugurara-un-centro-de-atencion-integral-veterinario-digno-para-los-animales","status":"publish","type":"post","link":"https:\/\/www.diarionoti7.com.mx\/?p=6200","title":{"rendered":"La Alcald\u00eda de Pachuca Inaugurar\u00e1 un Centro de Atenci\u00f3n Integral Veterinario Digno para los Animales"},"content":{"rendered":"\t\t<div data-elementor-type=\"wp-post\" data-elementor-id=\"6200\" class=\"elementor elementor-6200\">\n\t\t\t\t\t\t\t\t\t<section class=\"elementor-section elementor-top-section elementor-element elementor-element-51c23a4c elementor-section-boxed elementor-section-height-default elementor-section-height-default\" data-id=\"51c23a4c\" data-element_type=\"section\">\n\t\t\t\t\t\t<div class=\"elementor-container elementor-column-gap-default\">\n\t\t\t\t\t<div class=\"elementor-column elementor-col-100 elementor-top-column elementor-element elementor-element-7d2e0b6e\" data-id=\"7d2e0b6e\" data-element_type=\"column\">\n\t\t\t<div class=\"elementor-widget-wrap elementor-element-populated\">\n\t\t\t\t\t\t\t\t<div class=\"elementor-element elementor-element-2f2290cd elementor-widget elementor-widget-text-editor\" data-id=\"2f2290cd\" data-element_type=\"widget\" data-widget_type=\"text-editor.default\">\n\t\t\t\t<div class=\"elementor-widget-container\">\n\t\t\t<style>\/*! elementor - v3.10.2 - 29-01-2023 *\/\n.elementor-widget-text-editor.elementor-drop-cap-view-stacked .elementor-drop-cap{background-color:#818a91;color:#fff}.elementor-widget-text-editor.elementor-drop-cap-view-framed .elementor-drop-cap{color:#818a91;border:3px solid;background-color:transparent}.elementor-widget-text-editor:not(.elementor-drop-cap-view-default) .elementor-drop-cap{margin-top:8px}.elementor-widget-text-editor:not(.elementor-drop-cap-view-default) .elementor-drop-cap-letter{width:1em;height:1em}.elementor-widget-text-editor .elementor-drop-cap{float:left;text-align:center;line-height:1;font-size:50px}.elementor-widget-text-editor .elementor-drop-cap-letter{display:inline-block}<\/style>\t\t\t\t<p><strong>*Ofrecer\u00e1 servicios de rayos X, Ultrasonidos, Quir\u00f3fano, farmacia, est\u00e9tica y \u00e1rea de adopci\u00f3n<\/strong><\/p><p><strong>\u00a0\u00a0\u00a0 <\/strong>\u00a0*<strong>Estar\u00e1 ubicado a un costado de la Unidad Deportiva en la colonia Piracantos,<\/strong><\/p><p><strong>Pachuca, Hgo, 12 de abril 2023.- <\/strong>El presidente municipal de Pachuca, Sergio Ba\u00f1os Rubio, adelant\u00f3 que el pr\u00f3ximo lunes 17 de abril, ser\u00e1 inaugurado el Centro de Atenci\u00f3n Integral Veterinario, que estar\u00e1 ubicado a un costado de la Unidad Deportiva en la colonia Piracantos, en punto de las 17:00 horas.<\/p><p>Precis\u00f3 que el espacio es derivado de un compromiso con la ciudadan\u00eda desde el inicio de su administraci\u00f3n, con el prop\u00f3sito de brindar un lugar digno para todos los animales de compa\u00f1\u00eda.<\/p><p>En ese sentido destac\u00f3 dentro de los servicios, campa\u00f1a de vacunaci\u00f3n permanente y esterilizaci\u00f3n, entre otros; adem\u00e1s precis\u00f3 que en este lugar se brindar\u00e1 atenci\u00f3n a los perros y gatos en situaci\u00f3n de calle, \u201clos estamos levantando de las colonias, los ba\u00f1amos, esterilizamos, vacunamos y los estaremos dando en adopci\u00f3n para darles un lugar digno d\u00f3nde vivir, con amor y cari\u00f1o, es un beneficio que estamos trabajando de la mano de medio ambiente y con la contribuci\u00f3n de personas de buen coraz\u00f3n que siempre est\u00e1n viendo por los peludos\u201d.<\/p><p>Cabe destacar que lo anterior fue dado a conocer durante su visita a la colonia Ampliaci\u00f3n Valles del Palmar, para la implementaci\u00f3n de la jornada estatal de vacunaci\u00f3n antirr\u00e1bica que se estar\u00e1 desarrollando en diferentes colonias y barrios de la capital hidalguense, hasta el 29 de abril.<\/p><p>Al respecto la titular de la Secretar\u00eda de Medio Ambiente de Pachuca, Beatriz Cruz G\u00f3mez, dijo: \u201cEs una jornada estatal de vacunaci\u00f3n que se lleva a cabo desde el 10 al 29 de abril, estaremos visitando las colonias y barrios de Pachuca, esta semana estaremos en avenida del Palmar y Piracantos\u201d.<\/p><p>Asimismo, invit\u00f3 a la poblaci\u00f3n a estar pendientes de las redes sociales del ayuntamiento y del alcalde, para conocer los puntos que se estar\u00e1n visitando, con el prop\u00f3sito de que acudan para vacunar a sus mascotas, perros o gatos, en un horario de 9:00 a 13:30 horas.<\/p>\t\t\t\t\t\t<\/div>\n\t\t\t\t<\/div>\n\t\t\t\t\t<\/div>\n\t\t<\/div>\n\t\t\t\t\t\t\t<\/div>\n\t\t<\/section>\n\t\t\t\t\t\t\t<\/div>\n\t\t","protected":false},"excerpt":{"rendered":"<p>*Ofrecer\u00e1 servicios de rayos X, Ultrasonidos, Quir\u00f3fano, farmacia, est\u00e9tica y \u00e1rea de adopci\u00f3n \u00a0\u00a0\u00a0 \u00a0*Estar\u00e1 ubicado a un costado de la Unidad Deportiva en la colonia Piracantos, Pachuca, Hgo, 12 de abril 2023.- El presidente municipal de Pachuca, Sergio Ba\u00f1os Rubio, adelant\u00f3 que el pr\u00f3ximo lunes 17 de abril, ser\u00e1 inaugurado el Centro de Atenci\u00f3n [&hellip;]<\/p>\n","protected":false},"author":1,"featured_media":6208,"comment_status":"closed","ping_status":"closed","sticky":false,"template":"","format":"standard","meta":[],"categories":[9],"tags":[],"_links":{"self":[{"href":"https:\/\/www.diarionoti7.com.mx\/index.php?rest_route=\/wp\/v2\/posts\/6200"}],"collection":[{"href":"https:\/\/www.diarionoti7.com.mx\/index.php?rest_route=\/wp\/v2\/posts"}],"about":[{"href":"https:\/\/www.diarionoti7.com.mx\/index.php?rest_route=\/wp\/v2\/types\/post"}],"author":[{"embeddable":true,"href":"https:\/\/www.diarionoti7.com.mx\/index.php?rest_route=\/wp\/v2\/users\/1"}],"replies":[{"embeddable":true,"href":"https:\/\/www.diarionoti7.com.mx\/index.php?rest_route=%2Fwp%2Fv2%2Fcomments&post=6200"}],"version-history":[{"count":4,"href":"https:\/\/www.diarionoti7.com.mx\/index.php?rest_route=\/wp\/v2\/posts\/6200\/revisions"}],"predecessor-version":[{"id":6211,"href":"https:\/\/www.diarionoti7.com.mx\/index.php?rest_route=\/wp\/v2\/posts\/6200\/revisions\/6211"}],"wp:featuredmedia":[{"embeddable":true,"href":"https:\/\/www.diarionoti7.com.mx\/index.php?rest_route=\/wp\/v2\/media\/6208"}],"wp:attachment":[{"href":"https:\/\/www.diarionoti7.com.mx\/index.php?rest_route=%2Fwp%2Fv2%2Fmedia&parent=6200"}],"wp:term":[{"taxonomy":"category","embeddable":true,"href":"https:\/\/www.diarionoti7.com.mx\/index.php?rest_route=%2Fwp%2Fv2%2Fcategories&post=6200"},{"taxonomy":"post_tag","embeddable":true,"href":"https:\/\/www.diarionoti7.com.mx\/index.php?rest_route=%2Fwp%2Fv2%2Ftags&post=6200"}],"curies":[{"name":"wp","href":"https:\/\/api.w.org\/{rel}","templated":true}]}}