{"id":6194,"date":"2023-04-12T17:20:09","date_gmt":"2023-04-12T17:20:09","guid":{"rendered":"https:\/\/www.diarionoti7.com.mx\/?p=6194"},"modified":"2023-04-12T17:22:55","modified_gmt":"2023-04-12T17:22:55","slug":"policias-de-singuilucan-lesionados-tras-persecucion-de-un-sujeto","status":"publish","type":"post","link":"https:\/\/www.diarionoti7.com.mx\/?p=6194","title":{"rendered":"Policias  de Singuilucan Lesionados Tras Persecuci\u00f3n  de un Sujeto"},"content":{"rendered":"\t\t<div data-elementor-type=\"wp-post\" data-elementor-id=\"6194\" class=\"elementor elementor-6194\">\n\t\t\t\t\t\t\t\t\t<section class=\"elementor-section elementor-top-section elementor-element elementor-element-51c23a4c elementor-section-boxed elementor-section-height-default elementor-section-height-default\" data-id=\"51c23a4c\" data-element_type=\"section\">\n\t\t\t\t\t\t<div class=\"elementor-container elementor-column-gap-default\">\n\t\t\t\t\t<div class=\"elementor-column elementor-col-100 elementor-top-column elementor-element elementor-element-7d2e0b6e\" data-id=\"7d2e0b6e\" data-element_type=\"column\">\n\t\t\t<div class=\"elementor-widget-wrap elementor-element-populated\">\n\t\t\t\t\t\t\t\t<div class=\"elementor-element elementor-element-2f2290cd elementor-widget elementor-widget-text-editor\" data-id=\"2f2290cd\" data-element_type=\"widget\" data-widget_type=\"text-editor.default\">\n\t\t\t\t<div class=\"elementor-widget-container\">\n\t\t\t<style>\/*! elementor - v3.10.2 - 29-01-2023 *\/\n.elementor-widget-text-editor.elementor-drop-cap-view-stacked .elementor-drop-cap{background-color:#818a91;color:#fff}.elementor-widget-text-editor.elementor-drop-cap-view-framed .elementor-drop-cap{color:#818a91;border:3px solid;background-color:transparent}.elementor-widget-text-editor:not(.elementor-drop-cap-view-default) .elementor-drop-cap{margin-top:8px}.elementor-widget-text-editor:not(.elementor-drop-cap-view-default) .elementor-drop-cap-letter{width:1em;height:1em}.elementor-widget-text-editor .elementor-drop-cap{float:left;text-align:center;line-height:1;font-size:50px}.elementor-widget-text-editor .elementor-drop-cap-letter{display:inline-block}<\/style>\t\t\t\t<p><strong>Pachuca, Hgo, 12 de abril 2023.- <\/strong>\u00a0Elementos de Seguridad P\u00fablica del municipio de Singuilucan resultaron lesionados en una persecuci\u00f3n contra el conductor de una camioneta que se \u00a0registro en el sem\u00e1foro de la colonia Habitacional del municipio de Santiago Tulantepec, tras la persecuci\u00f3n de una camioneta de color caf\u00e9.<\/p><p>Derivado de un reporte ciudadano al filo de \u00a0la medianoche, donde se desat\u00f3 una persecuci\u00f3n policial que inici\u00f3 en el puente de La Uni\u00f3n localidad de Texcaltitla, municipio de Singuilucan.<\/p><p>En medio de la huida, y derivado de la velocidad de la camioneta, lograron intervenir en la colonia Habitacional del Bosque, en Santiago Tulantepec, donde una Patrulla Municipal Sedan impact\u00f3 a alta velocidad contra otros veh\u00edculos.<\/p><p>Tras el procedimiento de rutina por parte de los efectivos al conductor de la camioneta, se le realiz\u00f3 una inspecci\u00f3n y fue trasladado al \u00e1rea de retenci\u00f3n primaria para su tr\u00e1mite correspondiente, quedando a cargo la Guardia Nacional Divisi\u00f3n de Caminos quien aseguro y traslado los veh\u00edculos al corral\u00f3n<\/p><p>Despu\u00e9s se realiz\u00f3 la atenci\u00f3n m\u00e9dica a los tripulantes de la patrulla quienes sufrieron traumatismos de cr\u00e1neo y cadera y fueron trasladados por Cruz Roja a una cl\u00ednica particular de la ciudad de Tulancingo.<\/p><p>.<\/p>\t\t\t\t\t\t<\/div>\n\t\t\t\t<\/div>\n\t\t\t\t\t<\/div>\n\t\t<\/div>\n\t\t\t\t\t\t\t<\/div>\n\t\t<\/section>\n\t\t\t\t\t\t\t<\/div>\n\t\t","protected":false},"excerpt":{"rendered":"<p>Pachuca, Hgo, 12 de abril 2023.- \u00a0Elementos de Seguridad P\u00fablica del municipio de Singuilucan resultaron lesionados en una persecuci\u00f3n contra el conductor de una camioneta que se \u00a0registro en el sem\u00e1foro de la colonia Habitacional del municipio de Santiago Tulantepec, tras la persecuci\u00f3n de una camioneta de color caf\u00e9. Derivado de un reporte ciudadano al [&hellip;]<\/p>\n","protected":false},"author":1,"featured_media":6196,"comment_status":"closed","ping_status":"closed","sticky":false,"template":"","format":"standard","meta":[],"categories":[22],"tags":[],"_links":{"self":[{"href":"https:\/\/www.diarionoti7.com.mx\/index.php?rest_route=\/wp\/v2\/posts\/6194"}],"collection":[{"href":"https:\/\/www.diarionoti7.com.mx\/index.php?rest_route=\/wp\/v2\/posts"}],"about":[{"href":"https:\/\/www.diarionoti7.com.mx\/index.php?rest_route=\/wp\/v2\/types\/post"}],"author":[{"embeddable":true,"href":"https:\/\/www.diarionoti7.com.mx\/index.php?rest_route=\/wp\/v2\/users\/1"}],"replies":[{"embeddable":true,"href":"https:\/\/www.diarionoti7.com.mx\/index.php?rest_route=%2Fwp%2Fv2%2Fcomments&post=6194"}],"version-history":[{"count":4,"href":"https:\/\/www.diarionoti7.com.mx\/index.php?rest_route=\/wp\/v2\/posts\/6194\/revisions"}],"predecessor-version":[{"id":6199,"href":"https:\/\/www.diarionoti7.com.mx\/index.php?rest_route=\/wp\/v2\/posts\/6194\/revisions\/6199"}],"wp:featuredmedia":[{"embeddable":true,"href":"https:\/\/www.diarionoti7.com.mx\/index.php?rest_route=\/wp\/v2\/media\/6196"}],"wp:attachment":[{"href":"https:\/\/www.diarionoti7.com.mx\/index.php?rest_route=%2Fwp%2Fv2%2Fmedia&parent=6194"}],"wp:term":[{"taxonomy":"category","embeddable":true,"href":"https:\/\/www.diarionoti7.com.mx\/index.php?rest_route=%2Fwp%2Fv2%2Fcategories&post=6194"},{"taxonomy":"post_tag","embeddable":true,"href":"https:\/\/www.diarionoti7.com.mx\/index.php?rest_route=%2Fwp%2Fv2%2Ftags&post=6194"}],"curies":[{"name":"wp","href":"https:\/\/api.w.org\/{rel}","templated":true}]}}