{"id":61918,"date":"2024-11-11T08:56:45","date_gmt":"2024-11-11T08:56:45","guid":{"rendered":"https:\/\/www.diarionoti7.com.mx\/?p=61918"},"modified":"2024-11-11T17:57:58","modified_gmt":"2024-11-11T17:57:58","slug":"ricardo-crespo-encabeza-a-diputados-de-morena-promueven-la-reforma-judicial-y-abren-convocatoria-para-jueces","status":"publish","type":"post","link":"https:\/\/www.diarionoti7.com.mx\/?p=61918","title":{"rendered":"Ricardo Crespo Encabeza a Diputados de Morena, Promueven la Reforma Judicial y Abren Convocatoria para Jueces"},"content":{"rendered":"\t\t<div data-elementor-type=\"wp-post\" data-elementor-id=\"61918\" class=\"elementor elementor-61918\">\n\t\t\t\t\t\t\t\t\t<section class=\"elementor-section elementor-top-section elementor-element elementor-element-c09b8f0 elementor-section-boxed elementor-section-height-default elementor-section-height-default\" data-id=\"c09b8f0\" data-element_type=\"section\">\n\t\t\t\t\t\t<div class=\"elementor-container elementor-column-gap-default\">\n\t\t\t\t\t<div class=\"elementor-column elementor-col-100 elementor-top-column elementor-element elementor-element-955a561\" data-id=\"955a561\" data-element_type=\"column\">\n\t\t\t<div class=\"elementor-widget-wrap elementor-element-populated\">\n\t\t\t\t\t\t\t\t<div class=\"elementor-element elementor-element-0ce869c elementor-widget elementor-widget-text-editor\" data-id=\"0ce869c\" data-element_type=\"widget\" data-widget_type=\"text-editor.default\">\n\t\t\t\t<div class=\"elementor-widget-container\">\n\t\t\t<style>\/*! elementor - v3.10.2 - 29-01-2023 *\/\n.elementor-widget-text-editor.elementor-drop-cap-view-stacked .elementor-drop-cap{background-color:#818a91;color:#fff}.elementor-widget-text-editor.elementor-drop-cap-view-framed .elementor-drop-cap{color:#818a91;border:3px solid;background-color:transparent}.elementor-widget-text-editor:not(.elementor-drop-cap-view-default) .elementor-drop-cap{margin-top:8px}.elementor-widget-text-editor:not(.elementor-drop-cap-view-default) .elementor-drop-cap-letter{width:1em;height:1em}.elementor-widget-text-editor .elementor-drop-cap{float:left;text-align:center;line-height:1;font-size:50px}.elementor-widget-text-editor .elementor-drop-cap-letter{display:inline-block}<\/style>\t\t\t\t<p>Diputados locales y federal de Morena llevaron a cabo una asamblea informativa sobre la reforma al Poder Judicial, en donde recalcaron que la convocatoria para participar en el proceso de selecci\u00f3n de jueces, magistrados y ministros ya est\u00e1 abierta y concluir\u00e1 el pr\u00f3ximo 25 de noviembre.<\/p><p>Ante poco menos de 50 personas, y con media hora de retraso, el legislador federal Ricardo Crespo Arroyo, asegur\u00f3 que en el pa\u00eds se cuenta con tres poderes que constituyen un Estado de Derecho, por lo que consider\u00f3 que el que se quiera deslegitimar al Poder Judicial no es correcto.<\/p><p>Asimismo, asegur\u00f3 que la aprobaci\u00f3n de dicha reforma no fue unilateral, toda vez que pas\u00f3 por un proceso legislativo que llev\u00f3 a su aprobaci\u00f3n, por lo que consider\u00f3 que se gan\u00f3 \u201cla batalla\u201d apegados a lo que marca la ley.<\/p><p>Respecto a las manifestaciones y paro de labores que realizaron trabajadores del Poder Judicial, Crespo Arroyo precis\u00f3 que en todo momento se reportaron sus derechos, pues incluso siguieron cobrando su sueldo a pesar de haber impugnado la reforma.<\/p><p>Por su parte, la diputada local Tania Meza Escorza Tania Meza manifest\u00f3 que debido a las impugnaciones que ingresaron los trabajadores, la reforma tard\u00f3 en ponerse en marcha, pues debi\u00f3 ser desde hace tiempo.<\/p><p>\u00a0\u201cSe tuvo que dar la batalla con gente que no quer\u00eda que las cosas cambiaran. Que les hayan cerrado la llave de los privilegios les enoja\u201d, expres\u00f3.<\/p><p>En cuanto a la votaci\u00f3n que se dio en la Suprema Corte de Justicia de la Naci\u00f3n sobre el recurso de inconstitucionalidad de la reforma, lament\u00f3 que se hayan tardado en validar los votos de los ministros, pues asegur\u00f3 que con solo seis quedaba firme la reforma.<\/p><p>Manifest\u00f3 que tardar el conteo fue \u201cel colmo de la burla y el cinismo\u201d, pues ya ten\u00edan que \u201csoltar\u201d la necedad de querer revertir la reforma judicial.<\/p><p>\u201cYa es ley y ahora es importante que si conocen a abogados que son buenos, les digan que participen, la convocatoria cierra el 24 de noviembre\u201d, apunt\u00f3.<\/p>\t\t\t\t\t\t<\/div>\n\t\t\t\t<\/div>\n\t\t\t\t\t<\/div>\n\t\t<\/div>\n\t\t\t\t\t\t\t<\/div>\n\t\t<\/section>\n\t\t\t\t\t\t\t<\/div>\n\t\t","protected":false},"excerpt":{"rendered":"<p>Diputados locales y federal de Morena llevaron a cabo una asamblea informativa sobre la reforma al Poder Judicial, en donde recalcaron que la convocatoria para participar en el proceso de selecci\u00f3n de jueces, magistrados y ministros ya est\u00e1 abierta y concluir\u00e1 el pr\u00f3ximo 25 de noviembre. Ante poco menos de 50 personas, y con media [&hellip;]<\/p>\n","protected":false},"author":1,"featured_media":41280,"comment_status":"closed","ping_status":"closed","sticky":false,"template":"","format":"standard","meta":[],"categories":[3],"tags":[],"_links":{"self":[{"href":"https:\/\/www.diarionoti7.com.mx\/index.php?rest_route=\/wp\/v2\/posts\/61918"}],"collection":[{"href":"https:\/\/www.diarionoti7.com.mx\/index.php?rest_route=\/wp\/v2\/posts"}],"about":[{"href":"https:\/\/www.diarionoti7.com.mx\/index.php?rest_route=\/wp\/v2\/types\/post"}],"author":[{"embeddable":true,"href":"https:\/\/www.diarionoti7.com.mx\/index.php?rest_route=\/wp\/v2\/users\/1"}],"replies":[{"embeddable":true,"href":"https:\/\/www.diarionoti7.com.mx\/index.php?rest_route=%2Fwp%2Fv2%2Fcomments&post=61918"}],"version-history":[{"count":4,"href":"https:\/\/www.diarionoti7.com.mx\/index.php?rest_route=\/wp\/v2\/posts\/61918\/revisions"}],"predecessor-version":[{"id":61922,"href":"https:\/\/www.diarionoti7.com.mx\/index.php?rest_route=\/wp\/v2\/posts\/61918\/revisions\/61922"}],"wp:featuredmedia":[{"embeddable":true,"href":"https:\/\/www.diarionoti7.com.mx\/index.php?rest_route=\/wp\/v2\/media\/41280"}],"wp:attachment":[{"href":"https:\/\/www.diarionoti7.com.mx\/index.php?rest_route=%2Fwp%2Fv2%2Fmedia&parent=61918"}],"wp:term":[{"taxonomy":"category","embeddable":true,"href":"https:\/\/www.diarionoti7.com.mx\/index.php?rest_route=%2Fwp%2Fv2%2Fcategories&post=61918"},{"taxonomy":"post_tag","embeddable":true,"href":"https:\/\/www.diarionoti7.com.mx\/index.php?rest_route=%2Fwp%2Fv2%2Ftags&post=61918"}],"curies":[{"name":"wp","href":"https:\/\/api.w.org\/{rel}","templated":true}]}}