{"id":60896,"date":"2024-11-01T08:29:28","date_gmt":"2024-11-01T08:29:28","guid":{"rendered":"https:\/\/www.diarionoti7.com.mx\/?p=60896"},"modified":"2024-11-01T14:30:16","modified_gmt":"2024-11-01T14:30:16","slug":"la-tradicional-feria-de-alfajayucan-conmemorara-su-466-aniversario","status":"publish","type":"post","link":"https:\/\/www.diarionoti7.com.mx\/?p=60896","title":{"rendered":"La Tradicional Feria de Alfajayucan Conmemorar\u00e1 Su 466 Aniversario"},"content":{"rendered":"\t\t<div data-elementor-type=\"wp-post\" data-elementor-id=\"60896\" class=\"elementor elementor-60896\">\n\t\t\t\t\t\t\t\t\t<section class=\"elementor-section elementor-top-section elementor-element elementor-element-c09b8f0 elementor-section-boxed elementor-section-height-default elementor-section-height-default\" data-id=\"c09b8f0\" data-element_type=\"section\">\n\t\t\t\t\t\t<div class=\"elementor-container elementor-column-gap-default\">\n\t\t\t\t\t<div class=\"elementor-column elementor-col-100 elementor-top-column elementor-element elementor-element-955a561\" data-id=\"955a561\" data-element_type=\"column\">\n\t\t\t<div class=\"elementor-widget-wrap elementor-element-populated\">\n\t\t\t\t\t\t\t\t<div class=\"elementor-element elementor-element-0ce869c elementor-widget elementor-widget-text-editor\" data-id=\"0ce869c\" data-element_type=\"widget\" data-widget_type=\"text-editor.default\">\n\t\t\t\t<div class=\"elementor-widget-container\">\n\t\t\t<style>\/*! elementor - v3.10.2 - 29-01-2023 *\/\n.elementor-widget-text-editor.elementor-drop-cap-view-stacked .elementor-drop-cap{background-color:#818a91;color:#fff}.elementor-widget-text-editor.elementor-drop-cap-view-framed .elementor-drop-cap{color:#818a91;border:3px solid;background-color:transparent}.elementor-widget-text-editor:not(.elementor-drop-cap-view-default) .elementor-drop-cap{margin-top:8px}.elementor-widget-text-editor:not(.elementor-drop-cap-view-default) .elementor-drop-cap-letter{width:1em;height:1em}.elementor-widget-text-editor .elementor-drop-cap{float:left;text-align:center;line-height:1;font-size:50px}.elementor-widget-text-editor .elementor-drop-cap-letter{display:inline-block}<\/style>\t\t\t\t<p><strong>Pachuca, Hgo., 31 de octubre de 2024.- <\/strong>Del 31 de octubre al 5 de noviembre, Alfajayucan se viste de gala para celebrar su tradicional Feria, con la que conmemora su 466 aniversario. Este a\u00f1o, el ayuntamiento ha preparado una variada agenda de actividades que promete entretener a todas y todos.<\/p><p>La s\u00edndica procuradora, Gloria Guzm\u00e1n Garc\u00eda, explic\u00f3 que los asistentes podr\u00e1n disfrutar de cine de terror, un emocionante concurso de catrinas, un vibrante baile de feria, torneos deportivos, la participaci\u00f3n del ballet folcl\u00f3rico. Adem\u00e1s, se llevar\u00e1 a cabo una divertida callejoneada, un concurso de canto, una espectacular cabalgata y muchas sorpresas m\u00e1s.<\/p><p>Abigail Hern\u00e1ndez Trejo, de comunicaci\u00f3n social del municipio, destac\u00f3 en rueda de prensa: &#8220;Invitamos a todos a visitar este Pueblo Con Sabor y vivir la experiencia de nuestra feria. No se pueden perder la oportunidad de probar nuestros deliciosos chicharrones de res, que son un aut\u00e9ntico deleite.&#8221;<\/p><p>Se espera una afluencia aproximada de cuatro mil visitantes por d\u00eda, lo que representa una gran oportunidad para la econom\u00eda local. La feria no s\u00f3lo es una celebraci\u00f3n de la cultura y tradiciones de Alfajayucan, sino que tambi\u00e9n impulsa el comercio local, beneficiando a los artesanos, restauranteros, hoteleros y peque\u00f1os negocios que se preparan para recibir a los visitantes.<\/p><p>La Feria Tradicional de Alfajayucan representa un homenaje a la rica historia del pueblo y al mismo tiempo una plataforma vital para el desarrollo econ\u00f3mico local.<\/p><p>Al atraer a miles de visitantes, este evento fomenta el comercio y la uni\u00f3n comunitaria, consolidando a Alfajayucan como un destino cultural y tur\u00edstico de gran relevancia.<\/p>\t\t\t\t\t\t<\/div>\n\t\t\t\t<\/div>\n\t\t\t\t\t<\/div>\n\t\t<\/div>\n\t\t\t\t\t\t\t<\/div>\n\t\t<\/section>\n\t\t\t\t\t\t\t<\/div>\n\t\t","protected":false},"excerpt":{"rendered":"<p>Pachuca, Hgo., 31 de octubre de 2024.- Del 31 de octubre al 5 de noviembre, Alfajayucan se viste de gala para celebrar su tradicional Feria, con la que conmemora su 466 aniversario. Este a\u00f1o, el ayuntamiento ha preparado una variada agenda de actividades que promete entretener a todas y todos. La s\u00edndica procuradora, Gloria Guzm\u00e1n [&hellip;]<\/p>\n","protected":false},"author":1,"featured_media":60898,"comment_status":"closed","ping_status":"closed","sticky":false,"template":"","format":"standard","meta":[],"categories":[9],"tags":[],"_links":{"self":[{"href":"https:\/\/www.diarionoti7.com.mx\/index.php?rest_route=\/wp\/v2\/posts\/60896"}],"collection":[{"href":"https:\/\/www.diarionoti7.com.mx\/index.php?rest_route=\/wp\/v2\/posts"}],"about":[{"href":"https:\/\/www.diarionoti7.com.mx\/index.php?rest_route=\/wp\/v2\/types\/post"}],"author":[{"embeddable":true,"href":"https:\/\/www.diarionoti7.com.mx\/index.php?rest_route=\/wp\/v2\/users\/1"}],"replies":[{"embeddable":true,"href":"https:\/\/www.diarionoti7.com.mx\/index.php?rest_route=%2Fwp%2Fv2%2Fcomments&post=60896"}],"version-history":[{"count":4,"href":"https:\/\/www.diarionoti7.com.mx\/index.php?rest_route=\/wp\/v2\/posts\/60896\/revisions"}],"predecessor-version":[{"id":60901,"href":"https:\/\/www.diarionoti7.com.mx\/index.php?rest_route=\/wp\/v2\/posts\/60896\/revisions\/60901"}],"wp:featuredmedia":[{"embeddable":true,"href":"https:\/\/www.diarionoti7.com.mx\/index.php?rest_route=\/wp\/v2\/media\/60898"}],"wp:attachment":[{"href":"https:\/\/www.diarionoti7.com.mx\/index.php?rest_route=%2Fwp%2Fv2%2Fmedia&parent=60896"}],"wp:term":[{"taxonomy":"category","embeddable":true,"href":"https:\/\/www.diarionoti7.com.mx\/index.php?rest_route=%2Fwp%2Fv2%2Fcategories&post=60896"},{"taxonomy":"post_tag","embeddable":true,"href":"https:\/\/www.diarionoti7.com.mx\/index.php?rest_route=%2Fwp%2Fv2%2Ftags&post=60896"}],"curies":[{"name":"wp","href":"https:\/\/api.w.org\/{rel}","templated":true}]}}