{"id":60702,"date":"2024-10-30T08:43:19","date_gmt":"2024-10-30T08:43:19","guid":{"rendered":"https:\/\/www.diarionoti7.com.mx\/?p=60702"},"modified":"2024-10-30T18:45:08","modified_gmt":"2024-10-30T18:45:08","slug":"diputada-sanciones-de-uno-a-cuatro-anos-de-prision-a-quienes-cometan-actos-de-maltrato-o-abandono-animal","status":"publish","type":"post","link":"https:\/\/www.diarionoti7.com.mx\/?p=60702","title":{"rendered":"Diputada Sanciones de Uno a Cuatro A\u00f1os de Prisi\u00f3n a Quienes Cometan Actos de Maltrato o Abandono Animal"},"content":{"rendered":"\t\t<div data-elementor-type=\"wp-post\" data-elementor-id=\"60702\" class=\"elementor elementor-60702\">\n\t\t\t\t\t\t\t\t\t<section class=\"elementor-section elementor-top-section elementor-element elementor-element-c09b8f0 elementor-section-boxed elementor-section-height-default elementor-section-height-default\" data-id=\"c09b8f0\" data-element_type=\"section\">\n\t\t\t\t\t\t<div class=\"elementor-container elementor-column-gap-default\">\n\t\t\t\t\t<div class=\"elementor-column elementor-col-100 elementor-top-column elementor-element elementor-element-955a561\" data-id=\"955a561\" data-element_type=\"column\">\n\t\t\t<div class=\"elementor-widget-wrap elementor-element-populated\">\n\t\t\t\t\t\t\t\t<div class=\"elementor-element elementor-element-0ce869c elementor-widget elementor-widget-text-editor\" data-id=\"0ce869c\" data-element_type=\"widget\" data-widget_type=\"text-editor.default\">\n\t\t\t\t<div class=\"elementor-widget-container\">\n\t\t\t<style>\/*! elementor - v3.10.2 - 29-01-2023 *\/\n.elementor-widget-text-editor.elementor-drop-cap-view-stacked .elementor-drop-cap{background-color:#818a91;color:#fff}.elementor-widget-text-editor.elementor-drop-cap-view-framed .elementor-drop-cap{color:#818a91;border:3px solid;background-color:transparent}.elementor-widget-text-editor:not(.elementor-drop-cap-view-default) .elementor-drop-cap{margin-top:8px}.elementor-widget-text-editor:not(.elementor-drop-cap-view-default) .elementor-drop-cap-letter{width:1em;height:1em}.elementor-widget-text-editor .elementor-drop-cap{float:left;text-align:center;line-height:1;font-size:50px}.elementor-widget-text-editor .elementor-drop-cap-letter{display:inline-block}<\/style>\t\t\t\t<p><strong>Pachuca, Hgo. 29 de octubre de 2024.-<\/strong>Las y los integrantes de la LXVI Legislatura presentaron un proyecto para aumentar las sanciones al maltrato animal y garantizar una mayor responsabilidad y convivencia \u00e9tica entre seres humanos y animales.<\/p><p>La iniciativa propone reformar el C\u00f3digo Penal estatal para imponer sanciones de uno a cuatro a\u00f1os de prisi\u00f3n a quienes cometan actos de maltrato o abandono animal. La pena se incrementar\u00e1 si las lesiones ponen en peligro la vida del animal, y en caso de causarle la muerte, la sanci\u00f3n podr\u00eda extenderse de dos a seis a\u00f1os de c\u00e1rcel.<\/p><p>Ante este tema, la diputada Tania Meza Escorza destac\u00f3 que el objetivo de la iniciativa es prevenir que los agresores contin\u00faen maltratando a los animales, simplemente por ser de su propiedad.<\/p><p>\u00a0\u201cSi se alcanzan estos fines preventivos se lograr\u00e1 reducir el da\u00f1o al bienestar de los animales y, a mediano plazo, fomentar en la sociedad valores de respeto hacia ellos\u201d indic\u00f3.<\/p><p>Dentro de la iniciativa, tambi\u00e9n se informa que en M\u00e9xico siete de cada diez animales dom\u00e9sticos sufren alg\u00fan tipo de maltrato y m\u00e1s del setenta por ciento de los perros y gatos se encuentran en situaci\u00f3n de abandono, ocupando el tercer lugar en maltrato animal en Am\u00e9rica Latina.<\/p><p>Cabe destacar que esta es la primera ocasi\u00f3n en que las y los treinta diputados de la LXVI Legislatura, respaldan conjuntamente una iniciativa en favor de los derechos de los animales.<\/p><p>Proponen licencias permanentes para automovilistas<\/p><p>Con la finalidad de reducir la informalidad en los automovilistas, la diputada del PAN, Claudia Lilia Luna Islas suscribi\u00f3 un proyecto para que en Hidalgo se expidan licencias de conducir de tipo permanente.<\/p><p>Luna Islas indic\u00f3 que actualmente en el estado se expiden licencias para conducir con vigencias de dos o cuatro a\u00f1os, \u201cresultando un tr\u00e1mite costoso y laborioso para los usuarios\u201d.<\/p><p>En tribuna, se\u00f1al\u00f3 que no ser\u00eda un permiso sin restricciones, ya que los conductores seguir\u00e1n teniendo la responsabilidad de respetar las leyes de tr\u00e1nsito y la licencia podr\u00eda ser suspendida o cancelada en caso de infracciones graves.<\/p><p>De acuerdo con la iniciativa, en M\u00e9xico, m\u00e1s de la mitad de los conductores carecen de licencia, lo que pone en riesgo la seguridad vial y limita el acceso a oportunidades laborales y de movilidad.<\/p><p>Presentan modificaciones a la Ley Org\u00e1nica Municipal del estado<\/p><p>La legisladora Diana Rangel Z\u00fa\u00f1iga, de Morena, present\u00f3 en tribuna un proyecto de reforma a la Ley Org\u00e1nica Municipal del Estado de Hidalgo, con el objetivo de que los ayuntamientos establezcan una instancia municipal para la atenci\u00f3n e inclusi\u00f3n social de personas con discapacidad.<\/p><p>Rangel Z\u00fa\u00f1iga explic\u00f3 que la iniciativa busca garantizar la inclusi\u00f3n social, laboral y econ\u00f3mica de este sector en los municipios y propone pol\u00edticas p\u00fablicas orientadas a la prevenci\u00f3n, atenci\u00f3n, asistencia y rehabilitaci\u00f3n de personas con discapacidad.<\/p><p>En el marco de esta ley, la congresista Alhely Medina Hern\u00e1ndez (Morena), propuso una reforma para regular el proceso de elecci\u00f3n del \u00d3rgano Interno de Control Municipal.<\/p><p>Durante la lectura de la iniciativa, se\u00f1al\u00f3 que algunos municipios han implementado este proceso mediante convocatoria, mientras que otros lo han realizado mediante aprobaci\u00f3n directa del Ayuntamiento, situaci\u00f3n derivada de la falta de claridad normativa en la reforma aprobada por la legislatura anterior.<\/p><p>El diputado de Morena, Miguel \u00c1ngel Moreno Zamora, present\u00f3 una propuesta de reforma a la Ley Org\u00e1nica Municipal con el objetivo de actualizar las bases generales para el funcionamiento de los regidores.<\/p><p>El representante del distrito de Actopan destac\u00f3 que la ciudadan\u00eda suele tener una percepci\u00f3n negativa de estos funcionarios, por lo que los regidores deben enfocar sus esfuerzos en dignificar su labor y mejorar su relaci\u00f3n con la comunidad.<\/p><p>Asimismo, la legisladora Cynthia Citlali Delgado Mendoza present\u00f3 ante el pleno la iniciativa de reforma a la Ley Org\u00e1nica Municipal y la Ley de Planeaci\u00f3n y Prospectiva del Estado de Hidalgo, con el objetivo de fortalecer el funcionamiento y las atribuciones del Comit\u00e9 de Planeaci\u00f3n para el Desarrollo Municipal (Copladem).<\/p><p>Asuntos Generales<\/p><p>En el apartado de asuntos generales, la diputada del PVEM, Mar\u00eda Guadalupe Cruz Monta\u00f1o, present\u00f3 un acuerdo econ\u00f3mico que pretende exhortar a diversas instituciones estatales para realizar revisiones peri\u00f3dicas en centros y cl\u00ednicas de rehabilitaci\u00f3n, con el fin de verificar que operen en cumplimiento de la Norma Oficial Mexicana NOM-028-SSA2-2009.<\/p><p>El legislador Juli\u00e1n Nochebuena Hern\u00e1ndez se pronunci\u00f3 a favor de la implementaci\u00f3n de la reforma al Poder Judicial, afirmando que la Suprema Corte de la Naci\u00f3n est\u00e1 llevando a cabo un ataque directo a la soberan\u00eda popular, representando una amenaza para la estabilidad democr\u00e1tica del pa\u00eds.<\/p><p>Finalmente realizaron la elecci\u00f3n de la Directiva del mes de noviembre, correspondiente al primer periodo ordinario de sesiones del primer a\u00f1o de ejercicio constitucional, la cual estar\u00e1 conformada por Orqu\u00eddea Larragoiti Osorio, en la presidencia; as\u00ed como Juli\u00e1n Nochebuena en la vicepresidencia. Tambi\u00e9n estar\u00e1 integrada por Jorge Arg\u00fcelles Salazar y Karla Perales Arrieta en las secretar\u00edas, as\u00ed como Johana Montcerrat Hern\u00e1ndez P\u00e9rez y Miguel \u00c1ngel Moreno Zamora en las suplencias.<\/p>\t\t\t\t\t\t<\/div>\n\t\t\t\t<\/div>\n\t\t\t\t\t<\/div>\n\t\t<\/div>\n\t\t\t\t\t\t\t<\/div>\n\t\t<\/section>\n\t\t\t\t\t\t\t<\/div>\n\t\t","protected":false},"excerpt":{"rendered":"<p>Pachuca, Hgo. 29 de octubre de 2024.-Las y los integrantes de la LXVI Legislatura presentaron un proyecto para aumentar las sanciones al maltrato animal y garantizar una mayor responsabilidad y convivencia \u00e9tica entre seres humanos y animales. La iniciativa propone reformar el C\u00f3digo Penal estatal para imponer sanciones de uno a cuatro a\u00f1os de prisi\u00f3n [&hellip;]<\/p>\n","protected":false},"author":1,"featured_media":60705,"comment_status":"closed","ping_status":"closed","sticky":false,"template":"","format":"standard","meta":[],"categories":[7],"tags":[],"_links":{"self":[{"href":"https:\/\/www.diarionoti7.com.mx\/index.php?rest_route=\/wp\/v2\/posts\/60702"}],"collection":[{"href":"https:\/\/www.diarionoti7.com.mx\/index.php?rest_route=\/wp\/v2\/posts"}],"about":[{"href":"https:\/\/www.diarionoti7.com.mx\/index.php?rest_route=\/wp\/v2\/types\/post"}],"author":[{"embeddable":true,"href":"https:\/\/www.diarionoti7.com.mx\/index.php?rest_route=\/wp\/v2\/users\/1"}],"replies":[{"embeddable":true,"href":"https:\/\/www.diarionoti7.com.mx\/index.php?rest_route=%2Fwp%2Fv2%2Fcomments&post=60702"}],"version-history":[{"count":4,"href":"https:\/\/www.diarionoti7.com.mx\/index.php?rest_route=\/wp\/v2\/posts\/60702\/revisions"}],"predecessor-version":[{"id":60708,"href":"https:\/\/www.diarionoti7.com.mx\/index.php?rest_route=\/wp\/v2\/posts\/60702\/revisions\/60708"}],"wp:featuredmedia":[{"embeddable":true,"href":"https:\/\/www.diarionoti7.com.mx\/index.php?rest_route=\/wp\/v2\/media\/60705"}],"wp:attachment":[{"href":"https:\/\/www.diarionoti7.com.mx\/index.php?rest_route=%2Fwp%2Fv2%2Fmedia&parent=60702"}],"wp:term":[{"taxonomy":"category","embeddable":true,"href":"https:\/\/www.diarionoti7.com.mx\/index.php?rest_route=%2Fwp%2Fv2%2Fcategories&post=60702"},{"taxonomy":"post_tag","embeddable":true,"href":"https:\/\/www.diarionoti7.com.mx\/index.php?rest_route=%2Fwp%2Fv2%2Ftags&post=60702"}],"curies":[{"name":"wp","href":"https:\/\/api.w.org\/{rel}","templated":true}]}}