{"id":60641,"date":"2024-10-30T08:27:51","date_gmt":"2024-10-30T08:27:51","guid":{"rendered":"https:\/\/www.diarionoti7.com.mx\/?p=60641"},"modified":"2024-10-30T18:28:50","modified_gmt":"2024-10-30T18:28:50","slug":"celebracion-del-xantolo-por-parte-de-la-comunidad-educativa","status":"publish","type":"post","link":"https:\/\/www.diarionoti7.com.mx\/?p=60641","title":{"rendered":"Celebraci\u00f3n del Xantolo Por Parte de La Comunidad Educativa"},"content":{"rendered":"\t\t<div data-elementor-type=\"wp-post\" data-elementor-id=\"60641\" class=\"elementor elementor-60641\">\n\t\t\t\t\t\t\t\t\t<section class=\"elementor-section elementor-top-section elementor-element elementor-element-c09b8f0 elementor-section-boxed elementor-section-height-default elementor-section-height-default\" data-id=\"c09b8f0\" data-element_type=\"section\">\n\t\t\t\t\t\t<div class=\"elementor-container elementor-column-gap-default\">\n\t\t\t\t\t<div class=\"elementor-column elementor-col-100 elementor-top-column elementor-element elementor-element-955a561\" data-id=\"955a561\" data-element_type=\"column\">\n\t\t\t<div class=\"elementor-widget-wrap elementor-element-populated\">\n\t\t\t\t\t\t\t\t<div class=\"elementor-element elementor-element-0ce869c elementor-widget elementor-widget-text-editor\" data-id=\"0ce869c\" data-element_type=\"widget\" data-widget_type=\"text-editor.default\">\n\t\t\t\t<div class=\"elementor-widget-container\">\n\t\t\t<style>\/*! elementor - v3.10.2 - 29-01-2023 *\/\n.elementor-widget-text-editor.elementor-drop-cap-view-stacked .elementor-drop-cap{background-color:#818a91;color:#fff}.elementor-widget-text-editor.elementor-drop-cap-view-framed .elementor-drop-cap{color:#818a91;border:3px solid;background-color:transparent}.elementor-widget-text-editor:not(.elementor-drop-cap-view-default) .elementor-drop-cap{margin-top:8px}.elementor-widget-text-editor:not(.elementor-drop-cap-view-default) .elementor-drop-cap-letter{width:1em;height:1em}.elementor-widget-text-editor .elementor-drop-cap{float:left;text-align:center;line-height:1;font-size:50px}.elementor-widget-text-editor .elementor-drop-cap-letter{display:inline-block}<\/style>\t\t\t\t<p><strong>Pachuca, Hgo., 29 de octubre de 2024.-<\/strong>El secretario de Educaci\u00f3n P\u00fablica de Hidalgo, Natividad Castrej\u00f3n Valdez, realiza una gira de trabajo por la regi\u00f3n Huasteca para participar junto a la comunidad educativa en la celebraci\u00f3n de una de las tradiciones m\u00e1s importantes de la regi\u00f3n: la Fiesta de las \u00c1nimas, mejor conocida como Xantolo.<\/p><p>Acompa\u00f1ado del secretario general de la Secci\u00f3n 15 del Sindicato Nacional de Trabajadores de la Educaci\u00f3n (SNTE), Said Vargas S\u00e1enz, el titular de la SEPH visit\u00f3 la Escuela Secundaria General \u201cH\u00e9roe Antonio Reyes\u201d, en Huejutla de Reyes, donde se llev\u00f3 a cabo la demostraci\u00f3n del trabajo realizado por estudiantes y docentes.<\/p><p>En su mensaje a la comunidad educativa, Natividad Castrej\u00f3n invit\u00f3 a las y los estudiantes a disfrutar de estos d\u00edas de celebraci\u00f3n: \u201cNos alegra que, a trav\u00e9s de la Nueva Escuela Mexicana (NEM), sigan preservando sus costumbres y tradiciones con orgullo&#8221;, destac\u00f3.<\/p><p>Posteriormente, el titular de la SEPH se traslad\u00f3 a las instalaciones de la Universidad Tecnol\u00f3gica de la Huasteca Hidalguense (UTHH), donde convivi\u00f3 con estudiantes, docentes y personal administrativo.<\/p><p>El funcionario realiz\u00f3 un recorrido por las instalaciones, durante el cual la comunidad estudiantil explic\u00f3 la importancia de la celebraci\u00f3n del D\u00eda de Muertos. Adem\u00e1s, observ\u00f3 las danzas y actividades que realizan para preservar las costumbres y tradiciones milenarias de los pueblos originarios.<\/p><p>M\u00e1s tarde, el secretario de Educaci\u00f3n en la entidad visit\u00f3 el municipio de Huazalingo, donde, junto con autoridades municipales y educativas, presenci\u00f3 la demostraci\u00f3n de los trajes t\u00edpicos, danzas y ofrendas del Xantolo.<\/p>\t\t\t\t\t\t<\/div>\n\t\t\t\t<\/div>\n\t\t\t\t\t<\/div>\n\t\t<\/div>\n\t\t\t\t\t\t\t<\/div>\n\t\t<\/section>\n\t\t\t\t\t\t\t<\/div>\n\t\t","protected":false},"excerpt":{"rendered":"<p>Pachuca, Hgo., 29 de octubre de 2024.-El secretario de Educaci\u00f3n P\u00fablica de Hidalgo, Natividad Castrej\u00f3n Valdez, realiza una gira de trabajo por la regi\u00f3n Huasteca para participar junto a la comunidad educativa en la celebraci\u00f3n de una de las tradiciones m\u00e1s importantes de la regi\u00f3n: la Fiesta de las \u00c1nimas, mejor conocida como Xantolo. Acompa\u00f1ado [&hellip;]<\/p>\n","protected":false},"author":1,"featured_media":60643,"comment_status":"closed","ping_status":"closed","sticky":false,"template":"","format":"standard","meta":[],"categories":[4],"tags":[],"_links":{"self":[{"href":"https:\/\/www.diarionoti7.com.mx\/index.php?rest_route=\/wp\/v2\/posts\/60641"}],"collection":[{"href":"https:\/\/www.diarionoti7.com.mx\/index.php?rest_route=\/wp\/v2\/posts"}],"about":[{"href":"https:\/\/www.diarionoti7.com.mx\/index.php?rest_route=\/wp\/v2\/types\/post"}],"author":[{"embeddable":true,"href":"https:\/\/www.diarionoti7.com.mx\/index.php?rest_route=\/wp\/v2\/users\/1"}],"replies":[{"embeddable":true,"href":"https:\/\/www.diarionoti7.com.mx\/index.php?rest_route=%2Fwp%2Fv2%2Fcomments&post=60641"}],"version-history":[{"count":4,"href":"https:\/\/www.diarionoti7.com.mx\/index.php?rest_route=\/wp\/v2\/posts\/60641\/revisions"}],"predecessor-version":[{"id":60646,"href":"https:\/\/www.diarionoti7.com.mx\/index.php?rest_route=\/wp\/v2\/posts\/60641\/revisions\/60646"}],"wp:featuredmedia":[{"embeddable":true,"href":"https:\/\/www.diarionoti7.com.mx\/index.php?rest_route=\/wp\/v2\/media\/60643"}],"wp:attachment":[{"href":"https:\/\/www.diarionoti7.com.mx\/index.php?rest_route=%2Fwp%2Fv2%2Fmedia&parent=60641"}],"wp:term":[{"taxonomy":"category","embeddable":true,"href":"https:\/\/www.diarionoti7.com.mx\/index.php?rest_route=%2Fwp%2Fv2%2Fcategories&post=60641"},{"taxonomy":"post_tag","embeddable":true,"href":"https:\/\/www.diarionoti7.com.mx\/index.php?rest_route=%2Fwp%2Fv2%2Ftags&post=60641"}],"curies":[{"name":"wp","href":"https:\/\/api.w.org\/{rel}","templated":true}]}}