{"id":60500,"date":"2024-10-29T08:28:04","date_gmt":"2024-10-29T08:28:04","guid":{"rendered":"https:\/\/www.diarionoti7.com.mx\/?p=60500"},"modified":"2024-10-29T19:28:46","modified_gmt":"2024-10-29T19:28:46","slug":"zeltzin-hernandez-regresa-al-colchon-de-tirana-en-el-campeonato-mundial-de-divisiones-no-olimpicas","status":"publish","type":"post","link":"https:\/\/www.diarionoti7.com.mx\/?p=60500","title":{"rendered":"Zeltzin Hern\u00e1ndez Regresa al Colch\u00f3n de Tirana en el Campeonato Mundial de Divisiones no Ol\u00edmpicas"},"content":{"rendered":"\t\t<div data-elementor-type=\"wp-post\" data-elementor-id=\"60500\" class=\"elementor elementor-60500\">\n\t\t\t\t\t\t\t\t\t<section class=\"elementor-section elementor-top-section elementor-element elementor-element-c09b8f0 elementor-section-boxed elementor-section-height-default elementor-section-height-default\" data-id=\"c09b8f0\" data-element_type=\"section\">\n\t\t\t\t\t\t<div class=\"elementor-container elementor-column-gap-default\">\n\t\t\t\t\t<div class=\"elementor-column elementor-col-100 elementor-top-column elementor-element elementor-element-955a561\" data-id=\"955a561\" data-element_type=\"column\">\n\t\t\t<div class=\"elementor-widget-wrap elementor-element-populated\">\n\t\t\t\t\t\t\t\t<div class=\"elementor-element elementor-element-0ce869c elementor-widget elementor-widget-text-editor\" data-id=\"0ce869c\" data-element_type=\"widget\" data-widget_type=\"text-editor.default\">\n\t\t\t\t<div class=\"elementor-widget-container\">\n\t\t\t<style>\/*! elementor - v3.10.2 - 29-01-2023 *\/\n.elementor-widget-text-editor.elementor-drop-cap-view-stacked .elementor-drop-cap{background-color:#818a91;color:#fff}.elementor-widget-text-editor.elementor-drop-cap-view-framed .elementor-drop-cap{color:#818a91;border:3px solid;background-color:transparent}.elementor-widget-text-editor:not(.elementor-drop-cap-view-default) .elementor-drop-cap{margin-top:8px}.elementor-widget-text-editor:not(.elementor-drop-cap-view-default) .elementor-drop-cap-letter{width:1em;height:1em}.elementor-widget-text-editor .elementor-drop-cap{float:left;text-align:center;line-height:1;font-size:50px}.elementor-widget-text-editor .elementor-drop-cap-letter{display:inline-block}<\/style>\t\t\t\t<p><strong>Pachuca, Hgo., 28 de octubre del 2024.-<\/strong>Luego de conquistar el subcampeonato mundial en Albania, la gladiadora hidalguense Zeltzin Hern\u00e1ndez regresa al colch\u00f3n de Tirana para el Campeonato Mundial de Divisiones No Ol\u00edmpicas en la categor\u00eda de 55 kilogramos, que se desarrollar\u00e1 el 29 y 30 del presente mes.<\/p><p>La ganadora del Premio Estatal del Deporte 2024 iniciar\u00e1 su participaci\u00f3n ma\u00f1ana martes en la madrugada, a las 2:30 horas, enfrent\u00e1ndose en su primera pelea a Galambos R. de Hungr\u00eda, donde buscar\u00e1 clasificar y avanzar a las semifinales.<\/p><p>La hidalguense estar\u00e1 acompa\u00f1ada de la mexicana Alejandra Rivera en la categor\u00eda de 59 kilogramos, quienes, de llegar a la final, luchar\u00e1n el mi\u00e9rcoles 30 de octubre a las 10:00 horas (tiempo de M\u00e9xico).<\/p>\t\t\t\t\t\t<\/div>\n\t\t\t\t<\/div>\n\t\t\t\t\t<\/div>\n\t\t<\/div>\n\t\t\t\t\t\t\t<\/div>\n\t\t<\/section>\n\t\t\t\t\t\t\t<\/div>\n\t\t","protected":false},"excerpt":{"rendered":"<p>Pachuca, Hgo., 28 de octubre del 2024.-Luego de conquistar el subcampeonato mundial en Albania, la gladiadora hidalguense Zeltzin Hern\u00e1ndez regresa al colch\u00f3n de Tirana para el Campeonato Mundial de Divisiones No Ol\u00edmpicas en la categor\u00eda de 55 kilogramos, que se desarrollar\u00e1 el 29 y 30 del presente mes. La ganadora del Premio Estatal del Deporte [&hellip;]<\/p>\n","protected":false},"author":1,"featured_media":60502,"comment_status":"closed","ping_status":"closed","sticky":false,"template":"","format":"standard","meta":[],"categories":[8],"tags":[],"_links":{"self":[{"href":"https:\/\/www.diarionoti7.com.mx\/index.php?rest_route=\/wp\/v2\/posts\/60500"}],"collection":[{"href":"https:\/\/www.diarionoti7.com.mx\/index.php?rest_route=\/wp\/v2\/posts"}],"about":[{"href":"https:\/\/www.diarionoti7.com.mx\/index.php?rest_route=\/wp\/v2\/types\/post"}],"author":[{"embeddable":true,"href":"https:\/\/www.diarionoti7.com.mx\/index.php?rest_route=\/wp\/v2\/users\/1"}],"replies":[{"embeddable":true,"href":"https:\/\/www.diarionoti7.com.mx\/index.php?rest_route=%2Fwp%2Fv2%2Fcomments&post=60500"}],"version-history":[{"count":4,"href":"https:\/\/www.diarionoti7.com.mx\/index.php?rest_route=\/wp\/v2\/posts\/60500\/revisions"}],"predecessor-version":[{"id":60505,"href":"https:\/\/www.diarionoti7.com.mx\/index.php?rest_route=\/wp\/v2\/posts\/60500\/revisions\/60505"}],"wp:featuredmedia":[{"embeddable":true,"href":"https:\/\/www.diarionoti7.com.mx\/index.php?rest_route=\/wp\/v2\/media\/60502"}],"wp:attachment":[{"href":"https:\/\/www.diarionoti7.com.mx\/index.php?rest_route=%2Fwp%2Fv2%2Fmedia&parent=60500"}],"wp:term":[{"taxonomy":"category","embeddable":true,"href":"https:\/\/www.diarionoti7.com.mx\/index.php?rest_route=%2Fwp%2Fv2%2Fcategories&post=60500"},{"taxonomy":"post_tag","embeddable":true,"href":"https:\/\/www.diarionoti7.com.mx\/index.php?rest_route=%2Fwp%2Fv2%2Ftags&post=60500"}],"curies":[{"name":"wp","href":"https:\/\/api.w.org\/{rel}","templated":true}]}}