{"id":60488,"date":"2024-10-29T08:24:40","date_gmt":"2024-10-29T08:24:40","guid":{"rendered":"https:\/\/www.diarionoti7.com.mx\/?p=60488"},"modified":"2024-10-29T19:25:33","modified_gmt":"2024-10-29T19:25:33","slug":"certifican-en-estandar-de-competencia-a-cocineras-tradicionales-de-santiago-de-anaya","status":"publish","type":"post","link":"https:\/\/www.diarionoti7.com.mx\/?p=60488","title":{"rendered":"Certifican en Est\u00e1ndar de Competencia a Cocineras Tradicionales de Santiago de Anaya"},"content":{"rendered":"\t\t<div data-elementor-type=\"wp-post\" data-elementor-id=\"60488\" class=\"elementor elementor-60488\">\n\t\t\t\t\t\t\t\t\t<section class=\"elementor-section elementor-top-section elementor-element elementor-element-c09b8f0 elementor-section-boxed elementor-section-height-default elementor-section-height-default\" data-id=\"c09b8f0\" data-element_type=\"section\">\n\t\t\t\t\t\t<div class=\"elementor-container elementor-column-gap-default\">\n\t\t\t\t\t<div class=\"elementor-column elementor-col-100 elementor-top-column elementor-element elementor-element-955a561\" data-id=\"955a561\" data-element_type=\"column\">\n\t\t\t<div class=\"elementor-widget-wrap elementor-element-populated\">\n\t\t\t\t\t\t\t\t<div class=\"elementor-element elementor-element-0ce869c elementor-widget elementor-widget-text-editor\" data-id=\"0ce869c\" data-element_type=\"widget\" data-widget_type=\"text-editor.default\">\n\t\t\t\t<div class=\"elementor-widget-container\">\n\t\t\t<style>\/*! elementor - v3.10.2 - 29-01-2023 *\/\n.elementor-widget-text-editor.elementor-drop-cap-view-stacked .elementor-drop-cap{background-color:#818a91;color:#fff}.elementor-widget-text-editor.elementor-drop-cap-view-framed .elementor-drop-cap{color:#818a91;border:3px solid;background-color:transparent}.elementor-widget-text-editor:not(.elementor-drop-cap-view-default) .elementor-drop-cap{margin-top:8px}.elementor-widget-text-editor:not(.elementor-drop-cap-view-default) .elementor-drop-cap-letter{width:1em;height:1em}.elementor-widget-text-editor .elementor-drop-cap{float:left;text-align:center;line-height:1;font-size:50px}.elementor-widget-text-editor .elementor-drop-cap-letter{display:inline-block}<\/style>\t\t\t\t<p><strong>Santiago de Anaya, Hgo., 28 de octubre de 2024.-<\/strong>Con el objetivo de fortalecer la riqueza gastron\u00f3mica que ofrecen las cocineras y cocineros tradicionales, el gobernador Julio Menchaca Salazar instruy\u00f3 establecer un plan de trabajo para que su aportaci\u00f3n est\u00e9 al mismo nivel de importancia que el desarrollo econ\u00f3mico, la innovaci\u00f3n de productos y la promoci\u00f3n del estado.<\/p><p>Lo anterior fue referido por la secretaria de Turismo, Elizabeth Quintanar G\u00f3mez, durante la clausura del \u201cCurso Alineado al Est\u00e1ndar de Competencia EC1084 Preparaci\u00f3n de Gastronom\u00eda Mexicana Popular y Tradicional\u201d, llevado a cabo en el municipio de Santiago de Anaya.<\/p><p>\u201cHidalgo es la cuna de los derechos de las cocineras y cocineros tradicionales, porque la gastronom\u00eda siempre nos la han reconocido\u201d, afirm\u00f3 Elizabeth Quintanar.<\/p><p>Afirm\u00f3 que este curso no es para ense\u00f1arlas a cocinar, sino para certificarlas y contemplen en sus platillos est\u00e1ndares de calidad que les den un plus y las consoliden a la altura de las mejores del pa\u00eds y del mundo.<\/p><p>La presidenta municipal, Danay \u00c1ngeles Hern\u00e1ndez, agradeci\u00f3 al gobierno estatal por poner los ojos en toda la riqueza cultural que tiene Santiago de Anaya, sobre todo, por gestionar m\u00e1s recursos para este lugar. \u201cH\u00e1gale llegar nuestra gratitud al gobernador por el cari\u00f1o que muestra hacia nuestra tierra, subray\u00f3.<\/p><p>Anunci\u00f3 que derivado de la construcci\u00f3n del Centro Gastron\u00f3mico que la administraci\u00f3n estatal edifica en Santiago de Anaya, pronto se establecer\u00e1 en el inmueble la \u201cEscuela de Cocina Tradicional Carmelo \u00c1ngeles Moreno\u201d, a fin de que todo el conocimiento que tienen las cocineras y cocineros tradicionales, pueda transmitirse a las nuevas generaciones.<\/p><p>El instructor, chef Gerardo Israel Anaya Baltazar, explic\u00f3 que este curso-certificaci\u00f3n en Santiago de Anaya, que consisti\u00f3 en lo que deben desarrollar como cocineras tradicionales; cit\u00f3 de ejemplo la conservaci\u00f3n, preparaciones, presentaci\u00f3n, emplatado y sustentabilidad, sin perder la esencia de la cocina de humo. Es decir, \u201cmostrar la cocina tradicional con las tendencias actuales para poder mostrar a nivel mundial nuestros platillos\u201d.<\/p><p>Cabe resaltar que entre las 30 participantes en esta certificaci\u00f3n destacan: Porfiria Rodr\u00edguez Cadena, Claudia Hern\u00e1ndez \u00c1ngeles y Martha G\u00f3mez Aguilar, quienes, en 2021, trajeron el triunfo a Hidalgo en el concurso \u201c\u00bfA qu\u00e9 sabe la Patria?\u201d, con el Colectivo Otom\u00ed de Cocina Tradicional.<\/p><p>Asimismo, Luisa Anaya P\u00e9rez y Estela Anaya P\u00e9rez, quienes en 2022 ganaron en ese certamen nacional el primer lugar en categor\u00eda individual, con conejo horneado con flores silvestres. Cabe resaltar que en 2023, Do\u00f1a Luisa particip\u00f3 tambi\u00e9n en el festival europeo \u201cQu\u00e9 Gusto\u201d en Francia.<\/p><p>Tambi\u00e9n se certificaron las ganadoras de menciones honor\u00edficas categor\u00eda individual en 2023, de \u201c\u00bfA qu\u00e9 sabe la Patria?\u201d, Estela Anaya P\u00e9rez, Ofelia Monroy y Victoria P\u00e9rez.<\/p><p>De igual forma, recibieron el curso Yael P\u00e9rez Monroy, Ofelia Monroy Gachuz y Roberta Monroy Gachuz, quienes en septiembre de este 2024, obtuvieron tercer lugar a trav\u00e9s del colectivo Mujeres de la Tierra Colorada, con su platillo gallina de rancho rellena de escamoles con salsa de nuez cimarr\u00f3n.<\/p>\t\t\t\t\t\t<\/div>\n\t\t\t\t<\/div>\n\t\t\t\t\t<\/div>\n\t\t<\/div>\n\t\t\t\t\t\t\t<\/div>\n\t\t<\/section>\n\t\t\t\t\t\t\t<\/div>\n\t\t","protected":false},"excerpt":{"rendered":"<p>Santiago de Anaya, Hgo., 28 de octubre de 2024.-Con el objetivo de fortalecer la riqueza gastron\u00f3mica que ofrecen las cocineras y cocineros tradicionales, el gobernador Julio Menchaca Salazar instruy\u00f3 establecer un plan de trabajo para que su aportaci\u00f3n est\u00e9 al mismo nivel de importancia que el desarrollo econ\u00f3mico, la innovaci\u00f3n de productos y la promoci\u00f3n [&hellip;]<\/p>\n","protected":false},"author":1,"featured_media":60490,"comment_status":"closed","ping_status":"closed","sticky":false,"template":"","format":"standard","meta":[],"categories":[9],"tags":[],"_links":{"self":[{"href":"https:\/\/www.diarionoti7.com.mx\/index.php?rest_route=\/wp\/v2\/posts\/60488"}],"collection":[{"href":"https:\/\/www.diarionoti7.com.mx\/index.php?rest_route=\/wp\/v2\/posts"}],"about":[{"href":"https:\/\/www.diarionoti7.com.mx\/index.php?rest_route=\/wp\/v2\/types\/post"}],"author":[{"embeddable":true,"href":"https:\/\/www.diarionoti7.com.mx\/index.php?rest_route=\/wp\/v2\/users\/1"}],"replies":[{"embeddable":true,"href":"https:\/\/www.diarionoti7.com.mx\/index.php?rest_route=%2Fwp%2Fv2%2Fcomments&post=60488"}],"version-history":[{"count":4,"href":"https:\/\/www.diarionoti7.com.mx\/index.php?rest_route=\/wp\/v2\/posts\/60488\/revisions"}],"predecessor-version":[{"id":60493,"href":"https:\/\/www.diarionoti7.com.mx\/index.php?rest_route=\/wp\/v2\/posts\/60488\/revisions\/60493"}],"wp:featuredmedia":[{"embeddable":true,"href":"https:\/\/www.diarionoti7.com.mx\/index.php?rest_route=\/wp\/v2\/media\/60490"}],"wp:attachment":[{"href":"https:\/\/www.diarionoti7.com.mx\/index.php?rest_route=%2Fwp%2Fv2%2Fmedia&parent=60488"}],"wp:term":[{"taxonomy":"category","embeddable":true,"href":"https:\/\/www.diarionoti7.com.mx\/index.php?rest_route=%2Fwp%2Fv2%2Fcategories&post=60488"},{"taxonomy":"post_tag","embeddable":true,"href":"https:\/\/www.diarionoti7.com.mx\/index.php?rest_route=%2Fwp%2Fv2%2Ftags&post=60488"}],"curies":[{"name":"wp","href":"https:\/\/api.w.org\/{rel}","templated":true}]}}