{"id":60096,"date":"2024-10-25T08:57:29","date_gmt":"2024-10-25T08:57:29","guid":{"rendered":"https:\/\/www.diarionoti7.com.mx\/?p=60096"},"modified":"2024-10-25T18:58:27","modified_gmt":"2024-10-25T18:58:27","slug":"en-tulancingo-iniciaran-dos-obras-de-redes-de-agua-potable-y-un-dren-pluvial","status":"publish","type":"post","link":"https:\/\/www.diarionoti7.com.mx\/?p=60096","title":{"rendered":"En Tulancingo, Iniciaran Dos Obras de Redes de Agua Potable y Un Dren Pluvial"},"content":{"rendered":"\t\t<div data-elementor-type=\"wp-post\" data-elementor-id=\"60096\" class=\"elementor elementor-60096\">\n\t\t\t\t\t\t\t\t\t<section class=\"elementor-section elementor-top-section elementor-element elementor-element-c09b8f0 elementor-section-boxed elementor-section-height-default elementor-section-height-default\" data-id=\"c09b8f0\" data-element_type=\"section\">\n\t\t\t\t\t\t<div class=\"elementor-container elementor-column-gap-default\">\n\t\t\t\t\t<div class=\"elementor-column elementor-col-100 elementor-top-column elementor-element elementor-element-955a561\" data-id=\"955a561\" data-element_type=\"column\">\n\t\t\t<div class=\"elementor-widget-wrap elementor-element-populated\">\n\t\t\t\t\t\t\t\t<div class=\"elementor-element elementor-element-0ce869c elementor-widget elementor-widget-text-editor\" data-id=\"0ce869c\" data-element_type=\"widget\" data-widget_type=\"text-editor.default\">\n\t\t\t\t<div class=\"elementor-widget-container\">\n\t\t\t<style>\/*! elementor - v3.10.2 - 29-01-2023 *\/\n.elementor-widget-text-editor.elementor-drop-cap-view-stacked .elementor-drop-cap{background-color:#818a91;color:#fff}.elementor-widget-text-editor.elementor-drop-cap-view-framed .elementor-drop-cap{color:#818a91;border:3px solid;background-color:transparent}.elementor-widget-text-editor:not(.elementor-drop-cap-view-default) .elementor-drop-cap{margin-top:8px}.elementor-widget-text-editor:not(.elementor-drop-cap-view-default) .elementor-drop-cap-letter{width:1em;height:1em}.elementor-widget-text-editor .elementor-drop-cap{float:left;text-align:center;line-height:1;font-size:50px}.elementor-widget-text-editor .elementor-drop-cap-letter{display:inline-block}<\/style>\t\t\t\t<p><strong>&#8211;\u00a0 Tres colonias beneficiadas con inversi\u00f3n superior a 2.7 millones de pesos<\/strong><\/p><p><strong>Tulancingo, Hgo., 24 de octubre de 2024.-<\/strong>La presidenta municipal Lorena Garc\u00eda C\u00e1zares, inform\u00f3 que esta semana en Tulancingo dieron inicio las acciones de beneficio colectivo, espec\u00edficamente en materia de obra p\u00fablica para beneficio de vecinos de Para\u00edso Norte, Rincones de la Hacienda y Ermita\u00f1os.<\/p><p>Al respecto, Armando P\u00e9rez Alcibar, secretario de desarrollo urbano y Marco Tulio Reyes Ortu\u00f1o, director de obras p\u00fablicas, detallaron que dichas obras son redes de agua potable y un dren pluvial y se trata de obras que en conjunto agrupan inversi\u00f3n por 2 millones 775 mil 435 pesos, del programa FAISM 2024.<\/p><p>Sobre las redes de agua potable, indicaron\u00a0 se ejecutan en la calle Actopan de la colonia Ermita\u00f1os y en Para\u00edso Norte, mientras que el dren pluvial en Rincones de la Hacienda.<\/p><p>La alcaldesa, refiri\u00f3 que en fecha pr\u00f3xima tambi\u00e9n se dar\u00e1 apertura a m\u00e1s infraestructura b\u00e1sica y entre algunas de las acciones ya programadas son: Red de Agua Potable en calle Chopin de Jardines del Sur, adem\u00e1s de drenaje y agua potable en colonia Rojo G\u00f3mez.<\/p><p>As\u00ed tambi\u00e9n, Red de Agua potable para ejido Mimila y San Antonio Farias aunado al beneficio de drenaje para Huajomulco y La Ca\u00f1ada, mientras que en Rincones de la Hacienda se har\u00e1 revestimiento de canal.<\/p><p>Garc\u00eda C\u00e1zares dio a conocer que alternamente a los trabajos correspondientes al actual ejercicio fiscal, tambi\u00e9n ya se trabaja en la programaci\u00f3n de obras para el 2025 a fin de que esta cartera de proyectos pueda ser ingresada en busca de autorizaciones y recursos en los plazos que marca el orden estatal.<\/p>\t\t\t\t\t\t<\/div>\n\t\t\t\t<\/div>\n\t\t\t\t\t<\/div>\n\t\t<\/div>\n\t\t\t\t\t\t\t<\/div>\n\t\t<\/section>\n\t\t\t\t\t\t\t<\/div>\n\t\t","protected":false},"excerpt":{"rendered":"<p>&#8211;\u00a0 Tres colonias beneficiadas con inversi\u00f3n superior a 2.7 millones de pesos Tulancingo, Hgo., 24 de octubre de 2024.-La presidenta municipal Lorena Garc\u00eda C\u00e1zares, inform\u00f3 que esta semana en Tulancingo dieron inicio las acciones de beneficio colectivo, espec\u00edficamente en materia de obra p\u00fablica para beneficio de vecinos de Para\u00edso Norte, Rincones de la Hacienda y [&hellip;]<\/p>\n","protected":false},"author":1,"featured_media":60098,"comment_status":"closed","ping_status":"closed","sticky":false,"template":"","format":"standard","meta":[],"categories":[9],"tags":[],"_links":{"self":[{"href":"https:\/\/www.diarionoti7.com.mx\/index.php?rest_route=\/wp\/v2\/posts\/60096"}],"collection":[{"href":"https:\/\/www.diarionoti7.com.mx\/index.php?rest_route=\/wp\/v2\/posts"}],"about":[{"href":"https:\/\/www.diarionoti7.com.mx\/index.php?rest_route=\/wp\/v2\/types\/post"}],"author":[{"embeddable":true,"href":"https:\/\/www.diarionoti7.com.mx\/index.php?rest_route=\/wp\/v2\/users\/1"}],"replies":[{"embeddable":true,"href":"https:\/\/www.diarionoti7.com.mx\/index.php?rest_route=%2Fwp%2Fv2%2Fcomments&post=60096"}],"version-history":[{"count":4,"href":"https:\/\/www.diarionoti7.com.mx\/index.php?rest_route=\/wp\/v2\/posts\/60096\/revisions"}],"predecessor-version":[{"id":60101,"href":"https:\/\/www.diarionoti7.com.mx\/index.php?rest_route=\/wp\/v2\/posts\/60096\/revisions\/60101"}],"wp:featuredmedia":[{"embeddable":true,"href":"https:\/\/www.diarionoti7.com.mx\/index.php?rest_route=\/wp\/v2\/media\/60098"}],"wp:attachment":[{"href":"https:\/\/www.diarionoti7.com.mx\/index.php?rest_route=%2Fwp%2Fv2%2Fmedia&parent=60096"}],"wp:term":[{"taxonomy":"category","embeddable":true,"href":"https:\/\/www.diarionoti7.com.mx\/index.php?rest_route=%2Fwp%2Fv2%2Fcategories&post=60096"},{"taxonomy":"post_tag","embeddable":true,"href":"https:\/\/www.diarionoti7.com.mx\/index.php?rest_route=%2Fwp%2Fv2%2Ftags&post=60096"}],"curies":[{"name":"wp","href":"https:\/\/api.w.org\/{rel}","templated":true}]}}