{"id":6002,"date":"2023-04-08T05:13:54","date_gmt":"2023-04-08T05:13:54","guid":{"rendered":"https:\/\/www.diarionoti7.com.mx\/?p=6002"},"modified":"2023-04-08T05:16:27","modified_gmt":"2023-04-08T05:16:27","slug":"politica-al-margen","status":"publish","type":"post","link":"https:\/\/www.diarionoti7.com.mx\/?p=6002","title":{"rendered":"Pol\u00edtica Al Margen"},"content":{"rendered":"\t\t<div data-elementor-type=\"wp-post\" data-elementor-id=\"6002\" class=\"elementor elementor-6002\">\n\t\t\t\t\t\t\t\t\t<section class=\"elementor-section elementor-top-section elementor-element elementor-element-51c23a4c elementor-section-boxed elementor-section-height-default elementor-section-height-default\" data-id=\"51c23a4c\" data-element_type=\"section\">\n\t\t\t\t\t\t<div class=\"elementor-container elementor-column-gap-default\">\n\t\t\t\t\t<div class=\"elementor-column elementor-col-100 elementor-top-column elementor-element elementor-element-7d2e0b6e\" data-id=\"7d2e0b6e\" data-element_type=\"column\">\n\t\t\t<div class=\"elementor-widget-wrap elementor-element-populated\">\n\t\t\t\t\t\t\t\t<div class=\"elementor-element elementor-element-2f2290cd elementor-widget elementor-widget-text-editor\" data-id=\"2f2290cd\" data-element_type=\"widget\" data-widget_type=\"text-editor.default\">\n\t\t\t\t<div class=\"elementor-widget-container\">\n\t\t\t<style>\/*! elementor - v3.10.2 - 29-01-2023 *\/\n.elementor-widget-text-editor.elementor-drop-cap-view-stacked .elementor-drop-cap{background-color:#818a91;color:#fff}.elementor-widget-text-editor.elementor-drop-cap-view-framed .elementor-drop-cap{color:#818a91;border:3px solid;background-color:transparent}.elementor-widget-text-editor:not(.elementor-drop-cap-view-default) .elementor-drop-cap{margin-top:8px}.elementor-widget-text-editor:not(.elementor-drop-cap-view-default) .elementor-drop-cap-letter{width:1em;height:1em}.elementor-widget-text-editor .elementor-drop-cap{float:left;text-align:center;line-height:1;font-size:50px}.elementor-widget-text-editor .elementor-drop-cap-letter{display:inline-block}<\/style>\t\t\t\t<p>Por Jaime Arizmendi<\/p><p>*Pugna Sader por Proteger Producci\u00f3n Nacional<\/p><p>*Gusanos en la Manzana de la Abogada<\/p><p>*Paren Abusos de Uniformados del INM<\/p><p>Argonmexico \/ Al C\u00e9sar lo que es del C\u00e9sar\u2026 A la Secretar\u00eda de Agricultura y Desarrollo Rural (Sader) le preocupa la propuesta de Estados Unidos de modificar la regulaci\u00f3n voluntaria de etiquetado \u201cProduct of USA\u201d (Producto de Estados Unidos) para productos c\u00e1rnicos, av\u00edcolas y de huevo, que public\u00f3 en marzo el Servicio de Inspecci\u00f3n de Inocuidad Alimentaria (FSIS) del Departamento de Agricultura de EU (USDA, por sus siglas en ingl\u00e9s).<\/p><p>De acuerdo a un reporte especial, la Sader enjuicia que \u201cesta propuesta no considera la naturaleza de integraci\u00f3n de productores, ganaderos e industrias c\u00e1rnicas de M\u00e9xico y EU. El ganado y los c\u00e1rnicos de ambos pa\u00edses se comercializan libres de arancel a trav\u00e9s de nuestras fronteras; sea para su sustancial transformaci\u00f3n, sacrificio, y\/o procesamiento y consumo\u201d.<\/p><p>\u00a0\u00a0\u00a0\u00a0 Refiere adem\u00e1s que esta integraci\u00f3n comercial hace de nuestra regi\u00f3n un mercado m\u00e1s competitivo, seguro y con productos de calidad, la cual ha permitido que los productos c\u00e1rnicos sean m\u00e1s accesibles para nuestros consumidores.<\/p><p>El tercero de los 10 puntos que observa la dependencia federal mexicana anota: la propuesta de regulaci\u00f3n, aun cuando se trate de un reclamo voluntario, podr\u00eda traer implicaciones para discriminar las exportaciones mexicanas de animales vivos y productos c\u00e1rnicos.<\/p><p>Adem\u00e1s, reabrir\u00eda desafortunados incentivos de retroceso, inconsistencia y oposici\u00f3n con las obligaciones de la Organizaci\u00f3n Mundial del Comercio (OMC), para cumplir con el fallo en el caso de etiquetado-de-pa\u00eds-de-origen (COOL) en productos c\u00e1rnicos, de las cuales M\u00e9xico se reserva sus derechos.<\/p><p>Para M\u00e9xico \u2013se\u00f1ala en el punto 4-, es importante corregir cualquier percepci\u00f3n err\u00f3nea sobre el origen y la naturaleza de la importaci\u00f3n y procesamiento en EU de ganado nacido en territorio mexicano.<\/p><p>\u201cEl ganado nacido en M\u00e9xico que se engorda y se cr\u00eda en EU, logra una sustancial transformaci\u00f3n, pasando la mayor parte de su vida y a\u00f1adiendo m\u00e1s de la mitad de su peso en territorio estadounidense, y posteriormente es sacrificado, cumpliendo desde su origen, junto con los productos c\u00e1rnicos mexicanos, con todos los requisitos de sanidad e inocuidad sin diferir en ning\u00fan aspecto del ganado nacido en EU.<\/p><p>As\u00ed, advierte tajante: por tal motivo, analizaremos y revisaremos detalladamente la propuesta con los interesados para participar activamente durante el periodo previsto, de 60 d\u00edas, para someter comentarios con elementos.<\/p><p>\u201cM\u00e9xico y EU mantienen una continua y estrecha colaboraci\u00f3n en el reconocimiento mutuo de inspecciones sanitarias y de inocuidad de c\u00e1rnicos para prevenir la propagaci\u00f3n de enfermedades y contaminantes que garantizan la seguridad alimentaria en la regi\u00f3n.<\/p><p>\u201cEn este sentido, M\u00e9xico, en todo momento, propiciar\u00e1 el compromiso de colaborar con EU, para revisar, conjuntamente, mecanismos que consideren y reconozcan la integraci\u00f3n, la complementariedad comercial y la calidad de nuestras industrias ganaderas y c\u00e1rnicas\u201d.<\/p><p>Para a\u00f1adir que, en 2022, el valor de las exportaciones mexicanas de ganado bovino en pie y carne de res y sus derivados a EU, ascendi\u00f3 a $2,531 millones de d\u00f3lares, incluyendo 871 mil cabezas de ganado y 280 mil toneladas de carne de res y productos derivados; as\u00ed como casi $250 millones de d\u00f3lares en carne de cerdo y sus derivados, equivalentes a 60 mil toneladas.<\/p><p>M\u00e9xico ha abastecido carne y productos de res y cerdo a EU, conformando un mercado con un alto y profundo grado de integraci\u00f3n. Actualmente, M\u00e9xico es el segundo proveedor de carne de res y productos derivados de EE.UU., representando el 24 por ciento de las importaciones totales estadounidenses.<\/p><p>Finaliza el documento al se\u00f1alar que: La Secretar\u00eda de Agricultura y Desarrollo Rural pondr\u00e1 a disposici\u00f3n de las secretar\u00edas de Econom\u00eda y de Relaciones Exteriores elementos y a expertos para que se integre la mejor defensa de los intereses comerciales de nuestro sector.<\/p><p>Y ya que rememoro este asunto de la Secretar\u00eda de Agricultura, vale recordar que en esa dependencia tambi\u00e9n hay abusos de \u201cjefecitos\u201d de \u00e1reas administrativas quienes se autodefinen \u201cintocables\u201d y persiguen y acosan a sus subalternos, incluso sean mujeres quienes por no perder su empleo aguantan malos tratos y acoso sexual.<\/p><p>Tal sucede en la oficina dependiente de la presidenta del Consejo Consultivo Jur\u00eddico de Agricultura y abogada general de la Secretar\u00eda, Rosa Ch\u00e1vez Aguilar, quien a unos meses de haber asumido ese encargo no ha logrado concretar una necesarias depuraci\u00f3n del personal que la tiene arrinconada como en una burbuja de cristal.<\/p><p>En tanto, mujeres y hombres que laboran en el servicio legal con incluso la calidad de representantes del mismo secretario V\u00edctor Villalobos Ar\u00e1mbula para atender asuntos de car\u00e1cter laboral ante tribunales y otros organismos de esa materia; se ven obligados a soportar sumisos y callados, bajo el riesgo de ser dados de baja si protestan ante la abogada o en el despacho del titular.<\/p><p>Apenas el 11 de noviembre pasado, el secretario de Agricultura y Desarrollo Rural, expuso que \u201cla dependencia cuenta con un cuerpo de abogados de excelencia y, pese a los obst\u00e1culos y tiempos dif\u00edciles que enfrentamos, su creatividad, entrega y alto compromiso contribuyen a que el sector siempre salga adelante\u201d.<\/p><p>Sin embargo, ser\u00eda de gran utilidad se sacudieran a esas alima\u00f1as que se muestran serviles ante la abogada de la Sader, pero con los empleados son energ\u00famenos. Hasta los amenazan con golpearlos o matarlos. \u00a1Cuidado, Se\u00f1or Secretario!, usted lo sabe, y lo sabe muy bien, una manzana agusanada debe ser eliminada o pudrir\u00e1 toda la canasta\u2026<\/p><p>Migrantes, sufren por todos lados\u2026 El autor de esta columna ha recibido diversas denuncias respecto a la forma como centro y sudamericanos, africanos y otras personas que abordan autobuses para viajar hacia la l\u00ednea fronteriza del norte del pa\u00eds, son v\u00edctimas de extorsi\u00f3n por parte de uniformados del Instituto Nacional de Migraci\u00f3n.<\/p><p>La cr\u00f3nica de ese viaje azaroso de migrantes en M\u00e9xico hacia la frontera con Estados Unidos, que se espera lean el secretario de Gobernaci\u00f3n, Ad\u00e1n Augusto L\u00f3pez Hern\u00e1ndez y al subsecretario de Derechos Humanos, Poblaci\u00f3n y Migraci\u00f3n, Alejandro Encinas Rodr\u00edguez, narra que, en cualquier sitio de la carretera en el estado de Jalisco, el autob\u00fas es detenido por los del INM.<\/p><p>De pronto suben al transporte dos uniformados de camisola beige y pantal\u00f3n verde olivo, con sendas insignias del Instituto Nacional de Migraci\u00f3n quienes se dedican a pedir a los viajeros muestren su identificaci\u00f3n oficial o pasaporte. A quienes muestran su credencial de elector no les dicen m\u00e1s nada.<\/p><p>Pero a quienes llevan pasaporte extranjero se los recogen y les piden que bajen de forma individual o por parejas y con celular en la mano. Abajo del autob\u00fas exigen entreguen mil pesos para que puedan continuar el viaje. Y el celular es para que les transfieran el monto.<\/p><p>Lo peor de todo es que cuando apenas lleva media hora territorio nayarita y ya los espera otro par de uniformados. El argumento de \u00e9stos es que \u201c\u00e9ste ya es otro estado, porque Jalisco es distinto que Nayarit\u201d. Yo dudo mucho que el secretario y el subsecretario est\u00e9n enterados de ello. Pero le preguntaremos al presidente en pr\u00f3xima ma\u00f1anera\u2026<\/p><p>argondirector@gmail.com y <a href=\"mailto:argonmexico@gmail.com\">argonmexico@gmail.com<\/a><\/p>\t\t\t\t\t\t<\/div>\n\t\t\t\t<\/div>\n\t\t\t\t\t<\/div>\n\t\t<\/div>\n\t\t\t\t\t\t\t<\/div>\n\t\t<\/section>\n\t\t\t\t\t\t\t<\/div>\n\t\t","protected":false},"excerpt":{"rendered":"<p>Por Jaime Arizmendi *Pugna Sader por Proteger Producci\u00f3n Nacional *Gusanos en la Manzana de la Abogada *Paren Abusos de Uniformados del INM Argonmexico \/ Al C\u00e9sar lo que es del C\u00e9sar\u2026 A la Secretar\u00eda de Agricultura y Desarrollo Rural (Sader) le preocupa la propuesta de Estados Unidos de modificar la regulaci\u00f3n voluntaria de etiquetado \u201cProduct [&hellip;]<\/p>\n","protected":false},"author":1,"featured_media":6004,"comment_status":"closed","ping_status":"closed","sticky":false,"template":"","format":"standard","meta":[],"categories":[23],"tags":[],"_links":{"self":[{"href":"https:\/\/www.diarionoti7.com.mx\/index.php?rest_route=\/wp\/v2\/posts\/6002"}],"collection":[{"href":"https:\/\/www.diarionoti7.com.mx\/index.php?rest_route=\/wp\/v2\/posts"}],"about":[{"href":"https:\/\/www.diarionoti7.com.mx\/index.php?rest_route=\/wp\/v2\/types\/post"}],"author":[{"embeddable":true,"href":"https:\/\/www.diarionoti7.com.mx\/index.php?rest_route=\/wp\/v2\/users\/1"}],"replies":[{"embeddable":true,"href":"https:\/\/www.diarionoti7.com.mx\/index.php?rest_route=%2Fwp%2Fv2%2Fcomments&post=6002"}],"version-history":[{"count":4,"href":"https:\/\/www.diarionoti7.com.mx\/index.php?rest_route=\/wp\/v2\/posts\/6002\/revisions"}],"predecessor-version":[{"id":6007,"href":"https:\/\/www.diarionoti7.com.mx\/index.php?rest_route=\/wp\/v2\/posts\/6002\/revisions\/6007"}],"wp:featuredmedia":[{"embeddable":true,"href":"https:\/\/www.diarionoti7.com.mx\/index.php?rest_route=\/wp\/v2\/media\/6004"}],"wp:attachment":[{"href":"https:\/\/www.diarionoti7.com.mx\/index.php?rest_route=%2Fwp%2Fv2%2Fmedia&parent=6002"}],"wp:term":[{"taxonomy":"category","embeddable":true,"href":"https:\/\/www.diarionoti7.com.mx\/index.php?rest_route=%2Fwp%2Fv2%2Fcategories&post=6002"},{"taxonomy":"post_tag","embeddable":true,"href":"https:\/\/www.diarionoti7.com.mx\/index.php?rest_route=%2Fwp%2Fv2%2Ftags&post=6002"}],"curies":[{"name":"wp","href":"https:\/\/api.w.org\/{rel}","templated":true}]}}