{"id":59981,"date":"2024-10-24T08:59:52","date_gmt":"2024-10-24T08:59:52","guid":{"rendered":"https:\/\/www.diarionoti7.com.mx\/?p=59981"},"modified":"2024-10-24T19:00:42","modified_gmt":"2024-10-24T19:00:42","slug":"seis-unidades-administrativas-del-gobierno-saliente-tienen-observaciones-que-deberan-solventar","status":"publish","type":"post","link":"https:\/\/www.diarionoti7.com.mx\/?p=59981","title":{"rendered":"Seis Unidades Administrativas del Gobierno Saliente Tienen Observaciones Que Deber\u00e1n Solventar"},"content":{"rendered":"\t\t<div data-elementor-type=\"wp-post\" data-elementor-id=\"59981\" class=\"elementor elementor-59981\">\n\t\t\t\t\t\t\t\t\t<section class=\"elementor-section elementor-top-section elementor-element elementor-element-c09b8f0 elementor-section-boxed elementor-section-height-default elementor-section-height-default\" data-id=\"c09b8f0\" data-element_type=\"section\">\n\t\t\t\t\t\t<div class=\"elementor-container elementor-column-gap-default\">\n\t\t\t\t\t<div class=\"elementor-column elementor-col-100 elementor-top-column elementor-element elementor-element-955a561\" data-id=\"955a561\" data-element_type=\"column\">\n\t\t\t<div class=\"elementor-widget-wrap elementor-element-populated\">\n\t\t\t\t\t\t\t\t<div class=\"elementor-element elementor-element-0ce869c elementor-widget elementor-widget-text-editor\" data-id=\"0ce869c\" data-element_type=\"widget\" data-widget_type=\"text-editor.default\">\n\t\t\t\t<div class=\"elementor-widget-container\">\n\t\t\t<style>\/*! elementor - v3.10.2 - 29-01-2023 *\/\n.elementor-widget-text-editor.elementor-drop-cap-view-stacked .elementor-drop-cap{background-color:#818a91;color:#fff}.elementor-widget-text-editor.elementor-drop-cap-view-framed .elementor-drop-cap{color:#818a91;border:3px solid;background-color:transparent}.elementor-widget-text-editor:not(.elementor-drop-cap-view-default) .elementor-drop-cap{margin-top:8px}.elementor-widget-text-editor:not(.elementor-drop-cap-view-default) .elementor-drop-cap-letter{width:1em;height:1em}.elementor-widget-text-editor .elementor-drop-cap{float:left;text-align:center;line-height:1;font-size:50px}.elementor-widget-text-editor .elementor-drop-cap-letter{display:inline-block}<\/style>\t\t\t\t<p>Tulancingo, Hgo., 23 de octubre de 2024.-Luis Edmundo Aguilar Aranda; secretario general municipal inform\u00f3 que tras la reciente conclusi\u00f3n del plazo para se\u00f1alar observaciones de lo detectado durante el proceso de entrega recepci\u00f3n por cambio de gobierno en Tulancingo, seis unidades administrativas de la administraci\u00f3n pasada son convocadas a comparecer ante el \u00f3rgano interno de control para solventar aquello que este pendiente de atender.\u00a0<\/p><p>Las Unidades Administrativas son: secretaria de Desarrollo Urbano, Obras P\u00fablicas y Medio Ambiente adem\u00e1s de la secretaria de Tesorer\u00eda y Administraci\u00f3n; secretaria general municipal; Direcci\u00f3n Jur\u00eddica, as\u00ed como de los organismos descentralizados DIF y el organismo operador de agua CAAMT.<\/p><p>El jefe de la pol\u00edtica interna municipal confi\u00f3 en que las observaciones sean solventadas como lo marca la ley, pues existe apertura de la nueva administraci\u00f3n en facilitar toda la informaci\u00f3n que ellos consideren y de esta manera aporten elementos que signifiquen respuestas apropiadas y oportunas.<\/p><p>Es importante se\u00f1alar que aun y cuando ya concluyeron sus encargos, ninguna persona exservidora p\u00fablica, est\u00e1 libre de responsabilidades, pues de acuerdo con la ley, los pendientes por atender en materia administrativa y las que tienen contenido econ\u00f3mico deben subsanarse.<\/p><p>En uso de sus atribuciones, el \u00f3rgano de control interno es quien constata que lo reportado por las autoridades salientes existe y que se encuentra en las condiciones que se describen.<\/p><p>Finalmente se remarc\u00f3 que el gobierno que encabeza la presidenta Lorena Garc\u00eda C\u00e1zares se ha fijado como reto transformar Tulancingo; de ah\u00ed la importancia de contar con una administraci\u00f3n con todo lo necesario para cumplir sus metas y objetivos.<\/p>\t\t\t\t\t\t<\/div>\n\t\t\t\t<\/div>\n\t\t\t\t\t<\/div>\n\t\t<\/div>\n\t\t\t\t\t\t\t<\/div>\n\t\t<\/section>\n\t\t\t\t\t\t\t<\/div>\n\t\t","protected":false},"excerpt":{"rendered":"<p>Tulancingo, Hgo., 23 de octubre de 2024.-Luis Edmundo Aguilar Aranda; secretario general municipal inform\u00f3 que tras la reciente conclusi\u00f3n del plazo para se\u00f1alar observaciones de lo detectado durante el proceso de entrega recepci\u00f3n por cambio de gobierno en Tulancingo, seis unidades administrativas de la administraci\u00f3n pasada son convocadas a comparecer ante el \u00f3rgano interno de [&hellip;]<\/p>\n","protected":false},"author":1,"featured_media":59983,"comment_status":"closed","ping_status":"closed","sticky":false,"template":"","format":"standard","meta":[],"categories":[9],"tags":[],"_links":{"self":[{"href":"https:\/\/www.diarionoti7.com.mx\/index.php?rest_route=\/wp\/v2\/posts\/59981"}],"collection":[{"href":"https:\/\/www.diarionoti7.com.mx\/index.php?rest_route=\/wp\/v2\/posts"}],"about":[{"href":"https:\/\/www.diarionoti7.com.mx\/index.php?rest_route=\/wp\/v2\/types\/post"}],"author":[{"embeddable":true,"href":"https:\/\/www.diarionoti7.com.mx\/index.php?rest_route=\/wp\/v2\/users\/1"}],"replies":[{"embeddable":true,"href":"https:\/\/www.diarionoti7.com.mx\/index.php?rest_route=%2Fwp%2Fv2%2Fcomments&post=59981"}],"version-history":[{"count":4,"href":"https:\/\/www.diarionoti7.com.mx\/index.php?rest_route=\/wp\/v2\/posts\/59981\/revisions"}],"predecessor-version":[{"id":59986,"href":"https:\/\/www.diarionoti7.com.mx\/index.php?rest_route=\/wp\/v2\/posts\/59981\/revisions\/59986"}],"wp:featuredmedia":[{"embeddable":true,"href":"https:\/\/www.diarionoti7.com.mx\/index.php?rest_route=\/wp\/v2\/media\/59983"}],"wp:attachment":[{"href":"https:\/\/www.diarionoti7.com.mx\/index.php?rest_route=%2Fwp%2Fv2%2Fmedia&parent=59981"}],"wp:term":[{"taxonomy":"category","embeddable":true,"href":"https:\/\/www.diarionoti7.com.mx\/index.php?rest_route=%2Fwp%2Fv2%2Fcategories&post=59981"},{"taxonomy":"post_tag","embeddable":true,"href":"https:\/\/www.diarionoti7.com.mx\/index.php?rest_route=%2Fwp%2Fv2%2Ftags&post=59981"}],"curies":[{"name":"wp","href":"https:\/\/api.w.org\/{rel}","templated":true}]}}