{"id":59975,"date":"2024-10-24T08:59:00","date_gmt":"2024-10-24T08:59:00","guid":{"rendered":"https:\/\/www.diarionoti7.com.mx\/?p=59975"},"modified":"2024-10-24T18:59:47","modified_gmt":"2024-10-24T18:59:47","slug":"lorena-garcia-alcaldesa-de-tulancingo-reconocio-servicio-y-vocacion-de-medicos-durante-reunion-del-comite-jurisdiccional-de-salud","status":"publish","type":"post","link":"https:\/\/www.diarionoti7.com.mx\/?p=59975","title":{"rendered":"Lorena Garc\u00eda, Alcaldesa de Tulancingo  Reconoci\u00f3 Servicio y Vocaci\u00f3n de M\u00e9dicos Durante Reuni\u00f3n del Comit\u00e9 Jurisdiccional de Salud"},"content":{"rendered":"\t\t<div data-elementor-type=\"wp-post\" data-elementor-id=\"59975\" class=\"elementor elementor-59975\">\n\t\t\t\t\t\t\t\t\t<section class=\"elementor-section elementor-top-section elementor-element elementor-element-c09b8f0 elementor-section-boxed elementor-section-height-default elementor-section-height-default\" data-id=\"c09b8f0\" data-element_type=\"section\">\n\t\t\t\t\t\t<div class=\"elementor-container elementor-column-gap-default\">\n\t\t\t\t\t<div class=\"elementor-column elementor-col-100 elementor-top-column elementor-element elementor-element-955a561\" data-id=\"955a561\" data-element_type=\"column\">\n\t\t\t<div class=\"elementor-widget-wrap elementor-element-populated\">\n\t\t\t\t\t\t\t\t<div class=\"elementor-element elementor-element-0ce869c elementor-widget elementor-widget-text-editor\" data-id=\"0ce869c\" data-element_type=\"widget\" data-widget_type=\"text-editor.default\">\n\t\t\t\t<div class=\"elementor-widget-container\">\n\t\t\t<style>\/*! elementor - v3.10.2 - 29-01-2023 *\/\n.elementor-widget-text-editor.elementor-drop-cap-view-stacked .elementor-drop-cap{background-color:#818a91;color:#fff}.elementor-widget-text-editor.elementor-drop-cap-view-framed .elementor-drop-cap{color:#818a91;border:3px solid;background-color:transparent}.elementor-widget-text-editor:not(.elementor-drop-cap-view-default) .elementor-drop-cap{margin-top:8px}.elementor-widget-text-editor:not(.elementor-drop-cap-view-default) .elementor-drop-cap-letter{width:1em;height:1em}.elementor-widget-text-editor .elementor-drop-cap{float:left;text-align:center;line-height:1;font-size:50px}.elementor-widget-text-editor .elementor-drop-cap-letter{display:inline-block}<\/style>\t\t\t\t<p><strong>Tulancingo, Hgo., 23 de octubre de 2024.-<\/strong>Para la vigilancia epidemiol\u00f3gica y seguridad en salud, fue realizada en el auditorio Benito Ju\u00e1rez de presidencia municipal, una importante reuni\u00f3n del Comit\u00e9 Jurisdiccional, la cual fue encabezada por la presidenta Lorena Garc\u00eda C\u00e1zares y la enfermera Mar\u00eda Isabel Guzm\u00e1n Tavera, en representaci\u00f3n del sector salud.<\/p><p>En coincidencia al d\u00eda del m\u00e9dico, la reuni\u00f3n fue marco para que la presidenta Lorena Garc\u00eda C\u00e1zares reconociera el servicio y vocaci\u00f3n de los m\u00e9dicos, cuyo trabajo va m\u00e1s all\u00e1 de su \u00e9tica, deber y juramento, buscando siempre preservar la salud.<\/p><p>En la primera parte de la orden del d\u00eda de esta reuni\u00f3n, fue presentado un balance comparativo sobre las infecciones respiratorias agudas, ya que est\u00e1 en puerta la temporada invernal comentando que, en influenza, la variante de m\u00e1s circulaci\u00f3n fue la AH1N1 adem\u00e1s del tipo A y B, mientras que en Covid, los casos son muy por debajo de lo registrado en a\u00f1os previos.<\/p><p>De cara a la temporada invernal se habl\u00f3 de los lineamientos de vacunaci\u00f3n contra influenza y Covid, ya que se iniciaron acciones el pasado 15 de octubre y se culminar\u00e1 el 25 de marzo del 2025, debiendo tener avance del 70 por ciento en cobertura de vacunaci\u00f3n a nivel sectorial al 27 de diciembre del 2024 y del 100 por ciento al t\u00e9rmino de la campa\u00f1a.<\/p><p>Sobre las metas de vacunaci\u00f3n para esta jurisdicci\u00f3n, en influenza (ser\u00e1n m\u00e1s de 50 mil dosis de vacuna tetravalente), mientras que en Covid, un rango de entre 4 a 8 mil dosis del biol\u00f3gico Abdala.<\/p><p>Se resalt\u00f3 la importancia de que las personas se vacunen, ya que ello favorece evitar complicaciones en padecimientos derivados de virus en circulaci\u00f3n y se remarc\u00f3 que no hay impedimento para aplicarse las dos vacunas de forma simult\u00e1nea y podr\u00e1n acceder a ellas de manera gratuita acudiendo a las unidades de salud.<\/p><p>En otro tema se pidi\u00f3 a la ciudadan\u00eda seguir aplicando la estrategia lava, tapa, voltea y elimina como parte del control al vector del dengue, tomando en consideraci\u00f3n que en la Jurisdicci\u00f3n\u00a0 02 Tulancingo, se han registrado casos en Huehuetla y San Bartolo Tutotepec y en un balance de la entidad se indic\u00f3 que el 90 por ciento de lo atendido, han sido casos no graves, de los cuales el 71 por ciento corresponden a mujeres y el 29 por ciento a hombres, siendo el sector en etapa productiva el m\u00e1s afectado.<\/p><p>Sobre el tema de dengue, que tiene relaci\u00f3n a los panteones que se visitan, se pidi\u00f3 a la ciudadan\u00eda realizar una adecuada limpieza de tumbas, nichos y macetas a fin de que no existan elementos donde el vector pueda alojarse y reproducirse.<\/p><p>De igual manera se abordaron las acciones de vigilancia sanitaria que habr\u00e1n de aplicarse por la Comisi\u00f3n para la protecci\u00f3n de Riesgos Sanitarios como parte del operativo de d\u00eda de muertos.<\/p><p>En otro tema se comparti\u00f3 lo inherente a la cloraci\u00f3n de agua, a fin de que sea apta para el consumo humano y se mencion\u00f3 que hay buenos resultados en el tema.<\/p><p>Fue de esta manera en que el trabajo en alianza entre gobiernos, sector salud y la Jurisdicci\u00f3n Sanitaria 02 Tulancingo, rinde frutos al existir una adecuada toma de decisiones para el dise\u00f1o y aplicaci\u00f3n en planes y programas.<\/p>\t\t\t\t\t\t<\/div>\n\t\t\t\t<\/div>\n\t\t\t\t\t<\/div>\n\t\t<\/div>\n\t\t\t\t\t\t\t<\/div>\n\t\t<\/section>\n\t\t\t\t\t\t\t<\/div>\n\t\t","protected":false},"excerpt":{"rendered":"<p>Tulancingo, Hgo., 23 de octubre de 2024.-Para la vigilancia epidemiol\u00f3gica y seguridad en salud, fue realizada en el auditorio Benito Ju\u00e1rez de presidencia municipal, una importante reuni\u00f3n del Comit\u00e9 Jurisdiccional, la cual fue encabezada por la presidenta Lorena Garc\u00eda C\u00e1zares y la enfermera Mar\u00eda Isabel Guzm\u00e1n Tavera, en representaci\u00f3n del sector salud. En coincidencia al [&hellip;]<\/p>\n","protected":false},"author":1,"featured_media":59977,"comment_status":"closed","ping_status":"closed","sticky":false,"template":"","format":"standard","meta":[],"categories":[9],"tags":[],"_links":{"self":[{"href":"https:\/\/www.diarionoti7.com.mx\/index.php?rest_route=\/wp\/v2\/posts\/59975"}],"collection":[{"href":"https:\/\/www.diarionoti7.com.mx\/index.php?rest_route=\/wp\/v2\/posts"}],"about":[{"href":"https:\/\/www.diarionoti7.com.mx\/index.php?rest_route=\/wp\/v2\/types\/post"}],"author":[{"embeddable":true,"href":"https:\/\/www.diarionoti7.com.mx\/index.php?rest_route=\/wp\/v2\/users\/1"}],"replies":[{"embeddable":true,"href":"https:\/\/www.diarionoti7.com.mx\/index.php?rest_route=%2Fwp%2Fv2%2Fcomments&post=59975"}],"version-history":[{"count":4,"href":"https:\/\/www.diarionoti7.com.mx\/index.php?rest_route=\/wp\/v2\/posts\/59975\/revisions"}],"predecessor-version":[{"id":59980,"href":"https:\/\/www.diarionoti7.com.mx\/index.php?rest_route=\/wp\/v2\/posts\/59975\/revisions\/59980"}],"wp:featuredmedia":[{"embeddable":true,"href":"https:\/\/www.diarionoti7.com.mx\/index.php?rest_route=\/wp\/v2\/media\/59977"}],"wp:attachment":[{"href":"https:\/\/www.diarionoti7.com.mx\/index.php?rest_route=%2Fwp%2Fv2%2Fmedia&parent=59975"}],"wp:term":[{"taxonomy":"category","embeddable":true,"href":"https:\/\/www.diarionoti7.com.mx\/index.php?rest_route=%2Fwp%2Fv2%2Fcategories&post=59975"},{"taxonomy":"post_tag","embeddable":true,"href":"https:\/\/www.diarionoti7.com.mx\/index.php?rest_route=%2Fwp%2Fv2%2Ftags&post=59975"}],"curies":[{"name":"wp","href":"https:\/\/api.w.org\/{rel}","templated":true}]}}