{"id":59969,"date":"2024-10-24T08:56:48","date_gmt":"2024-10-24T08:56:48","guid":{"rendered":"https:\/\/www.diarionoti7.com.mx\/?p=59969"},"modified":"2024-10-24T18:57:39","modified_gmt":"2024-10-24T18:57:39","slug":"guardia-nacional-y-seguridad-de-pemex-clausuran-toma-clandestina-y-requisan-vehiculos-en-santa-ana-ahuehuepan","status":"publish","type":"post","link":"https:\/\/www.diarionoti7.com.mx\/?p=59969","title":{"rendered":"Guardia Nacional y Seguridad de Pemex, Clausuran Toma Clandestina y Requisan  Veh\u00edculos en Santa Ana Ahuehuepan"},"content":{"rendered":"\t\t<div data-elementor-type=\"wp-post\" data-elementor-id=\"59969\" class=\"elementor elementor-59969\">\n\t\t\t\t\t\t\t\t\t<section class=\"elementor-section elementor-top-section elementor-element elementor-element-c09b8f0 elementor-section-boxed elementor-section-height-default elementor-section-height-default\" data-id=\"c09b8f0\" data-element_type=\"section\">\n\t\t\t\t\t\t<div class=\"elementor-container elementor-column-gap-default\">\n\t\t\t\t\t<div class=\"elementor-column elementor-col-100 elementor-top-column elementor-element elementor-element-955a561\" data-id=\"955a561\" data-element_type=\"column\">\n\t\t\t<div class=\"elementor-widget-wrap elementor-element-populated\">\n\t\t\t\t\t\t\t\t<div class=\"elementor-element elementor-element-0ce869c elementor-widget elementor-widget-text-editor\" data-id=\"0ce869c\" data-element_type=\"widget\" data-widget_type=\"text-editor.default\">\n\t\t\t\t<div class=\"elementor-widget-container\">\n\t\t\t<style>\/*! elementor - v3.10.2 - 29-01-2023 *\/\n.elementor-widget-text-editor.elementor-drop-cap-view-stacked .elementor-drop-cap{background-color:#818a91;color:#fff}.elementor-widget-text-editor.elementor-drop-cap-view-framed .elementor-drop-cap{color:#818a91;border:3px solid;background-color:transparent}.elementor-widget-text-editor:not(.elementor-drop-cap-view-default) .elementor-drop-cap{margin-top:8px}.elementor-widget-text-editor:not(.elementor-drop-cap-view-default) .elementor-drop-cap-letter{width:1em;height:1em}.elementor-widget-text-editor .elementor-drop-cap{float:left;text-align:center;line-height:1;font-size:50px}.elementor-widget-text-editor .elementor-drop-cap-letter{display:inline-block}<\/style>\t\t\t\t<p><strong>Tula de Allende, Hgo. 23 de octubre 2024.-<\/strong>\u00a0Elementos de\u00a0Seguridad F\u00edsica de Petr\u00f3leos Mexicanos (Pemex),\u00a0localizaron en la\u00a0comunidad de Santa Ana Ahuehuepan,\u00a0dos camionetas usadas en el\u00a0trasiego de combustible, as\u00ed como una toma clandestina de un ducto de Pemex\u00a0de la que extra\u00edan en ese momento combustible.<\/p><p>Los empleados de Pemex solicitaron apoyo de agentes de la\u00a0Guardia Nacional\u00a0para custodiar los veh\u00edculos y la toma, que localizaron en el paraje conocido como\u00a0&#8220;Los vagones viejos&#8221;,\u00a0mientras\u00a0llegaba personal de Pemex\u00a0para cancelar la toma y gr\u00faas para trasladar las unidades para ser puestas a disposici\u00f3n del\u00a0Ministerio P\u00fablico.<\/p><p>Pero ante el riesgo que supon\u00eda la operaci\u00f3n, la\u00a0Guardia Nacional solicit\u00f3 apoyo a las corporaciones de las polic\u00edas municipales de Tezontepec de Aldama y Tepetitl\u00e1n. Las unidades aseguradas son una\u00a0camioneta blanca de tres y media toneladas con redilas color rojo,\u00a0la cual estaba\u00a0cargada con un contenedor de hidrocarburo y conectada a una toma clandestina y otra camioneta color blanco.<\/p>\t\t\t\t\t\t<\/div>\n\t\t\t\t<\/div>\n\t\t\t\t\t<\/div>\n\t\t<\/div>\n\t\t\t\t\t\t\t<\/div>\n\t\t<\/section>\n\t\t\t\t\t\t\t<\/div>\n\t\t","protected":false},"excerpt":{"rendered":"<p>Tula de Allende, Hgo. 23 de octubre 2024.-\u00a0Elementos de\u00a0Seguridad F\u00edsica de Petr\u00f3leos Mexicanos (Pemex),\u00a0localizaron en la\u00a0comunidad de Santa Ana Ahuehuepan,\u00a0dos camionetas usadas en el\u00a0trasiego de combustible, as\u00ed como una toma clandestina de un ducto de Pemex\u00a0de la que extra\u00edan en ese momento combustible. Los empleados de Pemex solicitaron apoyo de agentes de la\u00a0Guardia Nacional\u00a0para custodiar [&hellip;]<\/p>\n","protected":false},"author":1,"featured_media":59971,"comment_status":"closed","ping_status":"closed","sticky":false,"template":"","format":"standard","meta":[],"categories":[22],"tags":[],"_links":{"self":[{"href":"https:\/\/www.diarionoti7.com.mx\/index.php?rest_route=\/wp\/v2\/posts\/59969"}],"collection":[{"href":"https:\/\/www.diarionoti7.com.mx\/index.php?rest_route=\/wp\/v2\/posts"}],"about":[{"href":"https:\/\/www.diarionoti7.com.mx\/index.php?rest_route=\/wp\/v2\/types\/post"}],"author":[{"embeddable":true,"href":"https:\/\/www.diarionoti7.com.mx\/index.php?rest_route=\/wp\/v2\/users\/1"}],"replies":[{"embeddable":true,"href":"https:\/\/www.diarionoti7.com.mx\/index.php?rest_route=%2Fwp%2Fv2%2Fcomments&post=59969"}],"version-history":[{"count":4,"href":"https:\/\/www.diarionoti7.com.mx\/index.php?rest_route=\/wp\/v2\/posts\/59969\/revisions"}],"predecessor-version":[{"id":59974,"href":"https:\/\/www.diarionoti7.com.mx\/index.php?rest_route=\/wp\/v2\/posts\/59969\/revisions\/59974"}],"wp:featuredmedia":[{"embeddable":true,"href":"https:\/\/www.diarionoti7.com.mx\/index.php?rest_route=\/wp\/v2\/media\/59971"}],"wp:attachment":[{"href":"https:\/\/www.diarionoti7.com.mx\/index.php?rest_route=%2Fwp%2Fv2%2Fmedia&parent=59969"}],"wp:term":[{"taxonomy":"category","embeddable":true,"href":"https:\/\/www.diarionoti7.com.mx\/index.php?rest_route=%2Fwp%2Fv2%2Fcategories&post=59969"},{"taxonomy":"post_tag","embeddable":true,"href":"https:\/\/www.diarionoti7.com.mx\/index.php?rest_route=%2Fwp%2Fv2%2Ftags&post=59969"}],"curies":[{"name":"wp","href":"https:\/\/api.w.org\/{rel}","templated":true}]}}