{"id":59891,"date":"2024-10-23T09:06:37","date_gmt":"2024-10-23T09:06:37","guid":{"rendered":"https:\/\/www.diarionoti7.com.mx\/?p=59891"},"modified":"2024-10-23T18:07:56","modified_gmt":"2024-10-23T18:07:56","slug":"coordinacion-con-municipios-y-otros-sectores-para-la-comercializacion-de-artesanias-ofrece-sebiso","status":"publish","type":"post","link":"https:\/\/www.diarionoti7.com.mx\/?p=59891","title":{"rendered":"Coordinaci\u00f3n Con Municipios y Otros Sectores Para la Comercializaci\u00f3n de Artesan\u00edas Ofrece SEBISO"},"content":{"rendered":"\t\t<div data-elementor-type=\"wp-post\" data-elementor-id=\"59891\" class=\"elementor elementor-59891\">\n\t\t\t\t\t\t\t\t\t<section class=\"elementor-section elementor-top-section elementor-element elementor-element-c09b8f0 elementor-section-boxed elementor-section-height-default elementor-section-height-default\" data-id=\"c09b8f0\" data-element_type=\"section\">\n\t\t\t\t\t\t<div class=\"elementor-container elementor-column-gap-default\">\n\t\t\t\t\t<div class=\"elementor-column elementor-col-100 elementor-top-column elementor-element elementor-element-955a561\" data-id=\"955a561\" data-element_type=\"column\">\n\t\t\t<div class=\"elementor-widget-wrap elementor-element-populated\">\n\t\t\t\t\t\t\t\t<div class=\"elementor-element elementor-element-0ce869c elementor-widget elementor-widget-text-editor\" data-id=\"0ce869c\" data-element_type=\"widget\" data-widget_type=\"text-editor.default\">\n\t\t\t\t<div class=\"elementor-widget-container\">\n\t\t\t<style>\/*! elementor - v3.10.2 - 29-01-2023 *\/\n.elementor-widget-text-editor.elementor-drop-cap-view-stacked .elementor-drop-cap{background-color:#818a91;color:#fff}.elementor-widget-text-editor.elementor-drop-cap-view-framed .elementor-drop-cap{color:#818a91;border:3px solid;background-color:transparent}.elementor-widget-text-editor:not(.elementor-drop-cap-view-default) .elementor-drop-cap{margin-top:8px}.elementor-widget-text-editor:not(.elementor-drop-cap-view-default) .elementor-drop-cap-letter{width:1em;height:1em}.elementor-widget-text-editor .elementor-drop-cap{float:left;text-align:center;line-height:1;font-size:50px}.elementor-widget-text-editor .elementor-drop-cap-letter{display:inline-block}<\/style>\t\t\t\t<p><strong>-Busca aumentar el ingreso familiar en el sector artesanal<\/strong><\/p><p><strong>Pachuca, Hgo., 22 de octubre de 2024.-<\/strong>A fin de garantizar el apoyo para el sector artesanal en el estado, se fortalecer\u00e1 la relaci\u00f3n con enlaces regionales y con presidencias municipales de Hidalgo.<\/p><p>Al respecto, el secretario de Bienestar e Inclusi\u00f3n Social, Ricardo G\u00f3mez Moreno destac\u00f3 la gran labor de las y los artesanos en la entidad, as\u00ed como la calidad de sus productos, pues en cada pieza, se refleja la cosmovisi\u00f3n de sus pueblos originarios, su sentido de pertenencia e identidad.<\/p><p>Consider\u00f3 que la participaci\u00f3n de los 175 integrantes del sector en el pabell\u00f3n artesanal de la Feria de San Francisco en su edici\u00f3n 2024 fue fundamental, toda vez que fueron representados los municipios m\u00e1s emblem\u00e1ticos de las regiones del estado.<\/p><p>G\u00f3mez Moreno reiter\u00f3 el apoyo que el gobierno de Julio Menchaca otorga al sector artesanal, por lo que se comprometi\u00f3 a multiplicar esfuerzos para contar con m\u00e1s espacios comerciales. De igual forma, invit\u00f3 a las y los artesanos a coordinar esfuerzos con la tienda Hidarte y sus ocho sucursales regionales, de tal forma que puedan exponer y vender sus productos en esos espacios.<\/p><p>Durante casi un mes, los expositores provenientes de 49 municipios, presentaron piezas de 14 ramas artesanales, as\u00ed como decenas de productos gastron\u00f3micos, en el que es considerado uno de los espacios comerciales m\u00e1s importantes de la entidad para venta y promoci\u00f3n del sector.<\/p><p>Asimismo, se\u00f1al\u00f3 que se buscar\u00e1 una coordinaci\u00f3n m\u00e1s estrecha a trav\u00e9s de las presidencias municipales y enlaces regionales, de manera que se pueda aumentar el ingreso familiar en el sector artesanal, lo que a su vez se ver\u00eda reflejado en el crecimiento y desarrollo de sus comunidades.<\/p><p>El funcionario convivi\u00f3 con las y los artesanos que participaron en el Pabell\u00f3n artesanal del recinto ferial, a quienes agradeci\u00f3 su estancia, paciencia y gran labor por preservar la identidad de Hidalgo en sus obras.<\/p><p>Finalmente, la subsecretaria de Participaci\u00f3n Social y Fomento Artesanal, Arely Maya Monzalvo, se\u00f1al\u00f3 que este a\u00f1o se superaron las expectativas y se mejoraron los espacios para las personas artesanas, sobre todo en lo que fue el \u00e1rea gastron\u00f3mica donde se paviment\u00f3 el espacio y se redise\u00f1o la imagen, logrando un lugar m\u00e1s llamativo para los asistentes.<\/p>\t\t\t\t\t\t<\/div>\n\t\t\t\t<\/div>\n\t\t\t\t\t<\/div>\n\t\t<\/div>\n\t\t\t\t\t\t\t<\/div>\n\t\t<\/section>\n\t\t\t\t<section class=\"elementor-section elementor-top-section elementor-element elementor-element-0ba1ade elementor-section-boxed elementor-section-height-default elementor-section-height-default\" data-id=\"0ba1ade\" data-element_type=\"section\">\n\t\t\t\t\t\t<div class=\"elementor-container elementor-column-gap-default\">\n\t\t\t\t\t<div class=\"elementor-column elementor-col-100 elementor-top-column elementor-element elementor-element-c7659d8\" data-id=\"c7659d8\" data-element_type=\"column\">\n\t\t\t<div class=\"elementor-widget-wrap elementor-element-populated\">\n\t\t\t\t\t\t\t\t<div class=\"elementor-element elementor-element-90773b1 elementor-aspect-ratio-169 elementor-widget elementor-widget-video\" data-id=\"90773b1\" data-element_type=\"widget\" data-settings=\"{&quot;youtube_url&quot;:&quot;https:\\\/\\\/youtu.be\\\/UROdIrQnCJ8&quot;,&quot;video_type&quot;:&quot;youtube&quot;,&quot;controls&quot;:&quot;yes&quot;,&quot;aspect_ratio&quot;:&quot;169&quot;}\" data-widget_type=\"video.default\">\n\t\t\t\t<div class=\"elementor-widget-container\">\n\t\t\t<style>\/*! elementor - v3.10.2 - 29-01-2023 *\/\n.elementor-widget-video .elementor-widget-container{overflow:hidden;transform:translateZ(0)}.elementor-widget-video .elementor-open-inline .elementor-custom-embed-image-overlay{position:absolute;top:0;left:0;width:100%;height:100%;background-size:cover;background-position:50%}.elementor-widget-video .elementor-custom-embed-image-overlay{cursor:pointer;text-align:center}.elementor-widget-video .elementor-custom-embed-image-overlay:hover .elementor-custom-embed-play i{opacity:1}.elementor-widget-video .elementor-custom-embed-image-overlay img{display:block;width:100%}.elementor-widget-video .e-hosted-video .elementor-video{-o-object-fit:cover;object-fit:cover}.e-con-inner>.elementor-widget-video,.e-con>.elementor-widget-video{width:var(--container-widget-width);--flex-grow:var(--container-widget-flex-grow)}<\/style>\t\t<div class=\"elementor-wrapper elementor-fit-aspect-ratio elementor-open-inline\">\n\t\t\t<div class=\"elementor-video\"><\/div>\t\t<\/div>\n\t\t\t\t<\/div>\n\t\t\t\t<\/div>\n\t\t\t\t\t<\/div>\n\t\t<\/div>\n\t\t\t\t\t\t\t<\/div>\n\t\t<\/section>\n\t\t\t\t\t\t\t<\/div>\n\t\t","protected":false},"excerpt":{"rendered":"<p>-Busca aumentar el ingreso familiar en el sector artesanal Pachuca, Hgo., 22 de octubre de 2024.-A fin de garantizar el apoyo para el sector artesanal en el estado, se fortalecer\u00e1 la relaci\u00f3n con enlaces regionales y con presidencias municipales de Hidalgo. Al respecto, el secretario de Bienestar e Inclusi\u00f3n Social, Ricardo G\u00f3mez Moreno destac\u00f3 la [&hellip;]<\/p>\n","protected":false},"author":1,"featured_media":59893,"comment_status":"closed","ping_status":"closed","sticky":false,"template":"","format":"standard","meta":[],"categories":[9],"tags":[],"_links":{"self":[{"href":"https:\/\/www.diarionoti7.com.mx\/index.php?rest_route=\/wp\/v2\/posts\/59891"}],"collection":[{"href":"https:\/\/www.diarionoti7.com.mx\/index.php?rest_route=\/wp\/v2\/posts"}],"about":[{"href":"https:\/\/www.diarionoti7.com.mx\/index.php?rest_route=\/wp\/v2\/types\/post"}],"author":[{"embeddable":true,"href":"https:\/\/www.diarionoti7.com.mx\/index.php?rest_route=\/wp\/v2\/users\/1"}],"replies":[{"embeddable":true,"href":"https:\/\/www.diarionoti7.com.mx\/index.php?rest_route=%2Fwp%2Fv2%2Fcomments&post=59891"}],"version-history":[{"count":7,"href":"https:\/\/www.diarionoti7.com.mx\/index.php?rest_route=\/wp\/v2\/posts\/59891\/revisions"}],"predecessor-version":[{"id":59899,"href":"https:\/\/www.diarionoti7.com.mx\/index.php?rest_route=\/wp\/v2\/posts\/59891\/revisions\/59899"}],"wp:featuredmedia":[{"embeddable":true,"href":"https:\/\/www.diarionoti7.com.mx\/index.php?rest_route=\/wp\/v2\/media\/59893"}],"wp:attachment":[{"href":"https:\/\/www.diarionoti7.com.mx\/index.php?rest_route=%2Fwp%2Fv2%2Fmedia&parent=59891"}],"wp:term":[{"taxonomy":"category","embeddable":true,"href":"https:\/\/www.diarionoti7.com.mx\/index.php?rest_route=%2Fwp%2Fv2%2Fcategories&post=59891"},{"taxonomy":"post_tag","embeddable":true,"href":"https:\/\/www.diarionoti7.com.mx\/index.php?rest_route=%2Fwp%2Fv2%2Ftags&post=59891"}],"curies":[{"name":"wp","href":"https:\/\/api.w.org\/{rel}","templated":true}]}}