{"id":59867,"date":"2024-10-23T08:53:07","date_gmt":"2024-10-23T08:53:07","guid":{"rendered":"https:\/\/www.diarionoti7.com.mx\/?p=59867"},"modified":"2024-10-23T17:54:03","modified_gmt":"2024-10-23T17:54:03","slug":"jornada-de-salud-bucal-visual-y-alimenticia","status":"publish","type":"post","link":"https:\/\/www.diarionoti7.com.mx\/?p=59867","title":{"rendered":"Jornada de Salud Bucal, Visual y Alimenticia"},"content":{"rendered":"\t\t<div data-elementor-type=\"wp-post\" data-elementor-id=\"59867\" class=\"elementor elementor-59867\">\n\t\t\t\t\t\t\t\t\t<section class=\"elementor-section elementor-top-section elementor-element elementor-element-c09b8f0 elementor-section-boxed elementor-section-height-default elementor-section-height-default\" data-id=\"c09b8f0\" data-element_type=\"section\">\n\t\t\t\t\t\t<div class=\"elementor-container elementor-column-gap-default\">\n\t\t\t\t\t<div class=\"elementor-column elementor-col-100 elementor-top-column elementor-element elementor-element-955a561\" data-id=\"955a561\" data-element_type=\"column\">\n\t\t\t<div class=\"elementor-widget-wrap elementor-element-populated\">\n\t\t\t\t\t\t\t\t<div class=\"elementor-element elementor-element-0ce869c elementor-widget elementor-widget-text-editor\" data-id=\"0ce869c\" data-element_type=\"widget\" data-widget_type=\"text-editor.default\">\n\t\t\t\t<div class=\"elementor-widget-container\">\n\t\t\t<style>\/*! elementor - v3.10.2 - 29-01-2023 *\/\n.elementor-widget-text-editor.elementor-drop-cap-view-stacked .elementor-drop-cap{background-color:#818a91;color:#fff}.elementor-widget-text-editor.elementor-drop-cap-view-framed .elementor-drop-cap{color:#818a91;border:3px solid;background-color:transparent}.elementor-widget-text-editor:not(.elementor-drop-cap-view-default) .elementor-drop-cap{margin-top:8px}.elementor-widget-text-editor:not(.elementor-drop-cap-view-default) .elementor-drop-cap-letter{width:1em;height:1em}.elementor-widget-text-editor .elementor-drop-cap{float:left;text-align:center;line-height:1;font-size:50px}.elementor-widget-text-editor .elementor-drop-cap-letter{display:inline-block}<\/style>\t\t\t\t<p>Tulancingo, Hgo., 22 de octubre de 2024.-El Instituto de Capacitaci\u00f3n y Asistencia M\u00e9dica del Sistema DIF de Tulancingo, realiz\u00f3 una Jornada de salud bucal, visual y alimenticia para beneficio de la poblaci\u00f3n estudiantil del CBTIS 179.\u00a0\u00a0<\/p><p>En dicha campa\u00f1a, dentistas de esta dependencia ense\u00f1aron a los alumnos de educaci\u00f3n media superior sobre la t\u00e9cnica correcta de cepillado, higiene de la boca, adem\u00e1s de que les recomendaron asistir regularmente a una revisi\u00f3n.<\/p><p>La directora de la instituci\u00f3n Arisbel Mart\u00ednez Garc\u00eda, inform\u00f3 que tambi\u00e9n se obsequiaron cepillos de dientes, se les tom\u00f3 estatura y peso y se les dio una pl\u00e1tica sobre nutrici\u00f3n.<\/p><p>Otro punto que se tom\u00f3 en cuenta fue el otorgar osos de peluche, con el objetivo de que controlen la ansiedad, canalizando a varios j\u00f3venes al \u00e1rea de psicolog\u00eda, tanto del ICAM como del DIF.\u00a0\u00a0\u00a0<\/p><p>Se conoci\u00f3 que igual se cont\u00f3 con la participaci\u00f3n de personal de la Secretar\u00eda Ejecutiva del Sistema Nacional de Protecci\u00f3n de Ni\u00f1as, Ni\u00f1os y Adolescentes, (SIPINNA), con la loter\u00eda del buen comer, donde a manera de juego aprendieron sobre los alimentos que son ben\u00e9ficos para su desarrollo f\u00edsico y mental, e impartieron una charla de no violencia.<\/p><p>As\u00ed mismo, particip\u00f3 personal del Centro de Salud con estudios de la vista, apoyos para que puedan obtener sus lentes, vacunaci\u00f3n contra influenza y covid, y entrega de preservativos a los j\u00f3venes.<\/p><p>Mart\u00ednez Garc\u00eda, coment\u00f3 que hubo muy buena respuesta por parte de los alumnos, quienes se congregaron en la explanada, as\u00ed como del director del plantel Alberto V\u00e1zquez Ortega, quien agradeci\u00f3 el apoyo tanto del organismo asistencial como de la presidenta municipal Lorena Garc\u00eda C\u00e1zares.\u00a0\u00a0\u00a0\u00a0\u00a0<\/p><p>De esta manera, el gobierno municipal de Tulancingo transforma para bienestar de la poblaci\u00f3n estudiantil, generando acciones preventivas en pro de su salud.<\/p>\t\t\t\t\t\t<\/div>\n\t\t\t\t<\/div>\n\t\t\t\t\t<\/div>\n\t\t<\/div>\n\t\t\t\t\t\t\t<\/div>\n\t\t<\/section>\n\t\t\t\t\t\t\t<\/div>\n\t\t","protected":false},"excerpt":{"rendered":"<p>Tulancingo, Hgo., 22 de octubre de 2024.-El Instituto de Capacitaci\u00f3n y Asistencia M\u00e9dica del Sistema DIF de Tulancingo, realiz\u00f3 una Jornada de salud bucal, visual y alimenticia para beneficio de la poblaci\u00f3n estudiantil del CBTIS 179.\u00a0\u00a0 En dicha campa\u00f1a, dentistas de esta dependencia ense\u00f1aron a los alumnos de educaci\u00f3n media superior sobre la t\u00e9cnica correcta [&hellip;]<\/p>\n","protected":false},"author":1,"featured_media":59869,"comment_status":"closed","ping_status":"closed","sticky":false,"template":"","format":"standard","meta":[],"categories":[5],"tags":[],"_links":{"self":[{"href":"https:\/\/www.diarionoti7.com.mx\/index.php?rest_route=\/wp\/v2\/posts\/59867"}],"collection":[{"href":"https:\/\/www.diarionoti7.com.mx\/index.php?rest_route=\/wp\/v2\/posts"}],"about":[{"href":"https:\/\/www.diarionoti7.com.mx\/index.php?rest_route=\/wp\/v2\/types\/post"}],"author":[{"embeddable":true,"href":"https:\/\/www.diarionoti7.com.mx\/index.php?rest_route=\/wp\/v2\/users\/1"}],"replies":[{"embeddable":true,"href":"https:\/\/www.diarionoti7.com.mx\/index.php?rest_route=%2Fwp%2Fv2%2Fcomments&post=59867"}],"version-history":[{"count":4,"href":"https:\/\/www.diarionoti7.com.mx\/index.php?rest_route=\/wp\/v2\/posts\/59867\/revisions"}],"predecessor-version":[{"id":59872,"href":"https:\/\/www.diarionoti7.com.mx\/index.php?rest_route=\/wp\/v2\/posts\/59867\/revisions\/59872"}],"wp:featuredmedia":[{"embeddable":true,"href":"https:\/\/www.diarionoti7.com.mx\/index.php?rest_route=\/wp\/v2\/media\/59869"}],"wp:attachment":[{"href":"https:\/\/www.diarionoti7.com.mx\/index.php?rest_route=%2Fwp%2Fv2%2Fmedia&parent=59867"}],"wp:term":[{"taxonomy":"category","embeddable":true,"href":"https:\/\/www.diarionoti7.com.mx\/index.php?rest_route=%2Fwp%2Fv2%2Fcategories&post=59867"},{"taxonomy":"post_tag","embeddable":true,"href":"https:\/\/www.diarionoti7.com.mx\/index.php?rest_route=%2Fwp%2Fv2%2Ftags&post=59867"}],"curies":[{"name":"wp","href":"https:\/\/api.w.org\/{rel}","templated":true}]}}