{"id":59857,"date":"2024-10-23T08:50:18","date_gmt":"2024-10-23T08:50:18","guid":{"rendered":"https:\/\/www.diarionoti7.com.mx\/?p=59857"},"modified":"2024-10-23T17:51:57","modified_gmt":"2024-10-23T17:51:57","slug":"desfile-de-catrinas-una-gran-fiesta-en-el-primer-cuadro-de-la-ciudad","status":"publish","type":"post","link":"https:\/\/www.diarionoti7.com.mx\/?p=59857","title":{"rendered":"Desfile de Catrinas, Una Gran Fiesta en el Primer Cuadro de la Ciudad"},"content":{"rendered":"\t\t<div data-elementor-type=\"wp-post\" data-elementor-id=\"59857\" class=\"elementor elementor-59857\">\n\t\t\t\t\t\t\t\t\t<section class=\"elementor-section elementor-top-section elementor-element elementor-element-c09b8f0 elementor-section-boxed elementor-section-height-default elementor-section-height-default\" data-id=\"c09b8f0\" data-element_type=\"section\">\n\t\t\t\t\t\t<div class=\"elementor-container elementor-column-gap-default\">\n\t\t\t\t\t<div class=\"elementor-column elementor-col-100 elementor-top-column elementor-element elementor-element-955a561\" data-id=\"955a561\" data-element_type=\"column\">\n\t\t\t<div class=\"elementor-widget-wrap elementor-element-populated\">\n\t\t\t\t\t\t\t\t<div class=\"elementor-element elementor-element-0ce869c elementor-widget elementor-widget-text-editor\" data-id=\"0ce869c\" data-element_type=\"widget\" data-widget_type=\"text-editor.default\">\n\t\t\t\t<div class=\"elementor-widget-container\">\n\t\t\t<style>\/*! elementor - v3.10.2 - 29-01-2023 *\/\n.elementor-widget-text-editor.elementor-drop-cap-view-stacked .elementor-drop-cap{background-color:#818a91;color:#fff}.elementor-widget-text-editor.elementor-drop-cap-view-framed .elementor-drop-cap{color:#818a91;border:3px solid;background-color:transparent}.elementor-widget-text-editor:not(.elementor-drop-cap-view-default) .elementor-drop-cap{margin-top:8px}.elementor-widget-text-editor:not(.elementor-drop-cap-view-default) .elementor-drop-cap-letter{width:1em;height:1em}.elementor-widget-text-editor .elementor-drop-cap{float:left;text-align:center;line-height:1;font-size:50px}.elementor-widget-text-editor .elementor-drop-cap-letter{display:inline-block}<\/style>\t\t\t\t<p>Tulancingo, Hgo., 22 de octubre de 2024.-Una gran celebraci\u00f3n se vivir\u00e1 en el primer cuadro de Tulancingo con el vistoso y colorido desfile de Catrinas, como parte de los festejos del D\u00eda de Muertos que realizar\u00e1 el gobierno municipal de Tulancingo.<\/p><p>Esta actividad es efectuada por parte de la Secretar\u00eda de Cultura, Educaci\u00f3n, Deporte y Juventud que dirige Mar\u00eda Guadalupe Rodr\u00edguez Uribe y tendr\u00e1 lugar el pr\u00f3ximo jueves 31 de octubre a partir de las 5 de la tarde.<\/p><p>La funcionaria destac\u00f3 que por iniciativa de la alcaldesa Lorena Garc\u00eda C\u00e1zares en esta ocasi\u00f3n el d\u00eda de muertos se lleva a cabo en 7 sedes: Centro Cultural Ricardo Garibay, Zool\u00f3gico Municipal, parque recreativo El Caracol, Unidad Deportiva Javier Rojo G\u00f3mez, Jard\u00edn La Floresta, la comunidad ind\u00edgena de Santa Ana Hueytlalpan y el pante\u00f3n San Miguel.\u00a0\u00a0\u00a0\u00a0\u00a0\u00a0<\/p><p>Dio a conocer que el desfile de Catrinas tendr\u00e1 el siguiente recorrido: La salida ser\u00e1 en la calle Libertad, siguiendo por la avenida Ju\u00e1rez, para incorporarse hasta concluir en el \u00e1rea de la Velar\u00eda del jard\u00edn de la Floresta.<\/p><p>Indic\u00f3 que se contar\u00e1 con la participaci\u00f3n de alumnos de instituciones de belleza, escuelas de arte y preparatorias, quienes se han caracterizado por su gran creatividad e ingenio para la confecci\u00f3n de sus maquillajes y atuendos.<\/p><p>Reiter\u00f3 que esta ser\u00e1 una gran fiesta, donde los tulancinguenses disfrutar\u00e1n de esta tradici\u00f3n de recordar a la muerte de una manera festiva llena de s\u00edmbolos y conviviendo con ella.<\/p><p>Agreg\u00f3 para finalizar que se espera un aforo de m\u00e1s de mil personas y se invita a la poblaci\u00f3n a asistir con toda la familia.\u00a0\u00a0\u00a0<\/p><p>Promoviendo eventos, que son parte fundamental de la idiosincrasia de los mexicanos, la presidencia municipal de Tulancingo transforma.<\/p>\t\t\t\t\t\t<\/div>\n\t\t\t\t<\/div>\n\t\t\t\t\t<\/div>\n\t\t<\/div>\n\t\t\t\t\t\t\t<\/div>\n\t\t<\/section>\n\t\t\t\t\t\t\t<\/div>\n\t\t","protected":false},"excerpt":{"rendered":"<p>Tulancingo, Hgo., 22 de octubre de 2024.-Una gran celebraci\u00f3n se vivir\u00e1 en el primer cuadro de Tulancingo con el vistoso y colorido desfile de Catrinas, como parte de los festejos del D\u00eda de Muertos que realizar\u00e1 el gobierno municipal de Tulancingo. Esta actividad es efectuada por parte de la Secretar\u00eda de Cultura, Educaci\u00f3n, Deporte y [&hellip;]<\/p>\n","protected":false},"author":1,"featured_media":59859,"comment_status":"closed","ping_status":"closed","sticky":false,"template":"","format":"standard","meta":[],"categories":[9],"tags":[],"_links":{"self":[{"href":"https:\/\/www.diarionoti7.com.mx\/index.php?rest_route=\/wp\/v2\/posts\/59857"}],"collection":[{"href":"https:\/\/www.diarionoti7.com.mx\/index.php?rest_route=\/wp\/v2\/posts"}],"about":[{"href":"https:\/\/www.diarionoti7.com.mx\/index.php?rest_route=\/wp\/v2\/types\/post"}],"author":[{"embeddable":true,"href":"https:\/\/www.diarionoti7.com.mx\/index.php?rest_route=\/wp\/v2\/users\/1"}],"replies":[{"embeddable":true,"href":"https:\/\/www.diarionoti7.com.mx\/index.php?rest_route=%2Fwp%2Fv2%2Fcomments&post=59857"}],"version-history":[{"count":4,"href":"https:\/\/www.diarionoti7.com.mx\/index.php?rest_route=\/wp\/v2\/posts\/59857\/revisions"}],"predecessor-version":[{"id":59862,"href":"https:\/\/www.diarionoti7.com.mx\/index.php?rest_route=\/wp\/v2\/posts\/59857\/revisions\/59862"}],"wp:featuredmedia":[{"embeddable":true,"href":"https:\/\/www.diarionoti7.com.mx\/index.php?rest_route=\/wp\/v2\/media\/59859"}],"wp:attachment":[{"href":"https:\/\/www.diarionoti7.com.mx\/index.php?rest_route=%2Fwp%2Fv2%2Fmedia&parent=59857"}],"wp:term":[{"taxonomy":"category","embeddable":true,"href":"https:\/\/www.diarionoti7.com.mx\/index.php?rest_route=%2Fwp%2Fv2%2Fcategories&post=59857"},{"taxonomy":"post_tag","embeddable":true,"href":"https:\/\/www.diarionoti7.com.mx\/index.php?rest_route=%2Fwp%2Fv2%2Ftags&post=59857"}],"curies":[{"name":"wp","href":"https:\/\/api.w.org\/{rel}","templated":true}]}}