{"id":59409,"date":"2024-10-18T08:43:06","date_gmt":"2024-10-18T08:43:06","guid":{"rendered":"https:\/\/www.diarionoti7.com.mx\/?p=59409"},"modified":"2024-10-18T19:44:28","modified_gmt":"2024-10-18T19:44:28","slug":"hidalgo-va-por-una-agenda-metropolitana-con-rostro-humano-hilda-miranda","status":"publish","type":"post","link":"https:\/\/www.diarionoti7.com.mx\/?p=59409","title":{"rendered":"Hidalgo Va Por Una Agenda Metropolitana Con Rostro Humano: Hilda Miranda"},"content":{"rendered":"\t\t<div data-elementor-type=\"wp-post\" data-elementor-id=\"59409\" class=\"elementor elementor-59409\">\n\t\t\t\t\t\t\t\t\t<section class=\"elementor-section elementor-top-section elementor-element elementor-element-c09b8f0 elementor-section-boxed elementor-section-height-default elementor-section-height-default\" data-id=\"c09b8f0\" data-element_type=\"section\">\n\t\t\t\t\t\t<div class=\"elementor-container elementor-column-gap-default\">\n\t\t\t\t\t<div class=\"elementor-column elementor-col-100 elementor-top-column elementor-element elementor-element-955a561\" data-id=\"955a561\" data-element_type=\"column\">\n\t\t\t<div class=\"elementor-widget-wrap elementor-element-populated\">\n\t\t\t\t\t\t\t\t<div class=\"elementor-element elementor-element-0ce869c elementor-widget elementor-widget-text-editor\" data-id=\"0ce869c\" data-element_type=\"widget\" data-widget_type=\"text-editor.default\">\n\t\t\t\t<div class=\"elementor-widget-container\">\n\t\t\t<style>\/*! elementor - v3.10.2 - 29-01-2023 *\/\n.elementor-widget-text-editor.elementor-drop-cap-view-stacked .elementor-drop-cap{background-color:#818a91;color:#fff}.elementor-widget-text-editor.elementor-drop-cap-view-framed .elementor-drop-cap{color:#818a91;border:3px solid;background-color:transparent}.elementor-widget-text-editor:not(.elementor-drop-cap-view-default) .elementor-drop-cap{margin-top:8px}.elementor-widget-text-editor:not(.elementor-drop-cap-view-default) .elementor-drop-cap-letter{width:1em;height:1em}.elementor-widget-text-editor .elementor-drop-cap{float:left;text-align:center;line-height:1;font-size:50px}.elementor-widget-text-editor .elementor-drop-cap-letter{display:inline-block}<\/style>\t\t\t\t<p><strong>*Agenda Metropolitana contribuir\u00e1 en el ordenamiento territorial y desarrollo urbano<\/strong><\/p><p><strong>*Senado y Congreso del Estado har\u00e1n sinergia en temas fundamentales <\/strong><\/p><p><strong>*Agenda de Transformaci\u00f3n Social en beneficio de quienes habitan en las megal\u00f3polis <\/strong><\/p><p><strong>Pachuca de Soto, Hgo., 17 de octubre de 2024.-<\/strong>La necesidad de replantear la posibilidad de asentamientos humanos, del ordenamiento territorial y desarrollo urbano, forman parte de la Agenda Metropolitana que debe consolidarse en las tres Zonas Metropolitanas del estado de Hidalgo, declar\u00f3 la presidenta de la Comisi\u00f3n de Asuntos Urbanos y Metropolitanos de la LXVI Legislatura Local Hilda Miranda Miranda.<\/p><p>Luego de acudir a la instalaci\u00f3n de la comisi\u00f3n de Zonas Metropolitanas y Movilidad que preside la senadora de morena Mariela Guti\u00e9rrez Escalante, se\u00f1al\u00f3 que la intenci\u00f3n de trabajar de forma conjunta los tres niveles de gobierno, traer\u00e1 consigo resultados tangibles en distintos aspectos fundamentales como es la movilidad y una estrecha coordinaci\u00f3n con los municipios involucrados.<\/p><p>La legisladora local indic\u00f3 que uno de los objetivos es contar con una Agenda de Transformaci\u00f3n Social en la vida p\u00fablica, de ah\u00ed la importancia de la suma de los distintos \u00f3rdenes de gobierno, especialistas, acad\u00e9micos y representantes de organizaciones, lo cual permitir\u00e1 que Hidalgo trabaje en favor de la sustentabilidad y se refleje en la Zona del Valle de M\u00e9xico.<\/p><p>Destac\u00f3 que los anuncios hechos por la Presidenta de la Rep\u00fablica Claudia Sheinbaum Pardo reflejan el compromiso que se tiene con las tres con un impacto positivo en municipios como Mineral de la Reforma, Pachuca y Tizayuca por mencionar algunos.<\/p><p>Al hablar del Distrito de Villas del \u00c1lamo, la representante de Morena resalt\u00f3 la importancia de tener un crecimiento ordenado, para evitar que los problemas relacionados con la mancha urbana, de ah\u00ed la necesidad de contar con esta Agenda Metropolitana y la definici\u00f3n de pol\u00edticas p\u00fablicas para el desarrollo sostenible.<\/p><p>Al hacer uso de la palabra, la presidenta de la Comisi\u00f3n de Zonas Metropolitanas enfatiz\u00f3 que esta Agenda Metropolitana busca dar atenci\u00f3n a siete de cada 10 habitantes que viven en las megal\u00f3polis, de ah\u00ed la importancia de continuar con los proyectos del Segundo Piso de la Cuarta Transformaci\u00f3n enfocados en el bienestar social, ampliaci\u00f3n de la red ferroviaria de pasajeros, y la definici\u00f3n de alternativas que beneficien a las m\u00e1s de 82 millones de personas que viven en las distintas clasificaciones de metr\u00f3polis.Bolet\u00edn 006.<\/p>\t\t\t\t\t\t<\/div>\n\t\t\t\t<\/div>\n\t\t\t\t\t<\/div>\n\t\t<\/div>\n\t\t\t\t\t\t\t<\/div>\n\t\t<\/section>\n\t\t\t\t\t\t\t<\/div>\n\t\t","protected":false},"excerpt":{"rendered":"<p>*Agenda Metropolitana contribuir\u00e1 en el ordenamiento territorial y desarrollo urbano *Senado y Congreso del Estado har\u00e1n sinergia en temas fundamentales *Agenda de Transformaci\u00f3n Social en beneficio de quienes habitan en las megal\u00f3polis Pachuca de Soto, Hgo., 17 de octubre de 2024.-La necesidad de replantear la posibilidad de asentamientos humanos, del ordenamiento territorial y desarrollo urbano, [&hellip;]<\/p>\n","protected":false},"author":1,"featured_media":59411,"comment_status":"closed","ping_status":"closed","sticky":false,"template":"","format":"standard","meta":[],"categories":[3],"tags":[],"_links":{"self":[{"href":"https:\/\/www.diarionoti7.com.mx\/index.php?rest_route=\/wp\/v2\/posts\/59409"}],"collection":[{"href":"https:\/\/www.diarionoti7.com.mx\/index.php?rest_route=\/wp\/v2\/posts"}],"about":[{"href":"https:\/\/www.diarionoti7.com.mx\/index.php?rest_route=\/wp\/v2\/types\/post"}],"author":[{"embeddable":true,"href":"https:\/\/www.diarionoti7.com.mx\/index.php?rest_route=\/wp\/v2\/users\/1"}],"replies":[{"embeddable":true,"href":"https:\/\/www.diarionoti7.com.mx\/index.php?rest_route=%2Fwp%2Fv2%2Fcomments&post=59409"}],"version-history":[{"count":4,"href":"https:\/\/www.diarionoti7.com.mx\/index.php?rest_route=\/wp\/v2\/posts\/59409\/revisions"}],"predecessor-version":[{"id":59414,"href":"https:\/\/www.diarionoti7.com.mx\/index.php?rest_route=\/wp\/v2\/posts\/59409\/revisions\/59414"}],"wp:featuredmedia":[{"embeddable":true,"href":"https:\/\/www.diarionoti7.com.mx\/index.php?rest_route=\/wp\/v2\/media\/59411"}],"wp:attachment":[{"href":"https:\/\/www.diarionoti7.com.mx\/index.php?rest_route=%2Fwp%2Fv2%2Fmedia&parent=59409"}],"wp:term":[{"taxonomy":"category","embeddable":true,"href":"https:\/\/www.diarionoti7.com.mx\/index.php?rest_route=%2Fwp%2Fv2%2Fcategories&post=59409"},{"taxonomy":"post_tag","embeddable":true,"href":"https:\/\/www.diarionoti7.com.mx\/index.php?rest_route=%2Fwp%2Fv2%2Ftags&post=59409"}],"curies":[{"name":"wp","href":"https:\/\/api.w.org\/{rel}","templated":true}]}}