{"id":5939,"date":"2023-04-06T17:07:27","date_gmt":"2023-04-06T17:07:27","guid":{"rendered":"https:\/\/www.diarionoti7.com.mx\/?p=5939"},"modified":"2023-04-06T17:08:59","modified_gmt":"2023-04-06T17:08:59","slug":"gobierno-del-estado-decreto-que-se-divide-en-cinco-macroregiones-hidalgo-para-aplicar-el-plan-estatal-de-desarrollo","status":"publish","type":"post","link":"https:\/\/www.diarionoti7.com.mx\/?p=5939","title":{"rendered":"Gobierno del Estado Decret\u00f3 que se Divide en Cinco Macroregiones Hidalgo Para Aplicar el Plan Estatal de Desarrollo"},"content":{"rendered":"\t\t<div data-elementor-type=\"wp-post\" data-elementor-id=\"5939\" class=\"elementor elementor-5939\">\n\t\t\t\t\t\t\t\t\t<section class=\"elementor-section elementor-top-section elementor-element elementor-element-51c23a4c elementor-section-boxed elementor-section-height-default elementor-section-height-default\" data-id=\"51c23a4c\" data-element_type=\"section\">\n\t\t\t\t\t\t<div class=\"elementor-container elementor-column-gap-default\">\n\t\t\t\t\t<div class=\"elementor-column elementor-col-100 elementor-top-column elementor-element elementor-element-7d2e0b6e\" data-id=\"7d2e0b6e\" data-element_type=\"column\">\n\t\t\t<div class=\"elementor-widget-wrap elementor-element-populated\">\n\t\t\t\t\t\t\t\t<div class=\"elementor-element elementor-element-2f2290cd elementor-widget elementor-widget-text-editor\" data-id=\"2f2290cd\" data-element_type=\"widget\" data-widget_type=\"text-editor.default\">\n\t\t\t\t<div class=\"elementor-widget-container\">\n\t\t\t<style>\/*! elementor - v3.10.2 - 29-01-2023 *\/\n.elementor-widget-text-editor.elementor-drop-cap-view-stacked .elementor-drop-cap{background-color:#818a91;color:#fff}.elementor-widget-text-editor.elementor-drop-cap-view-framed .elementor-drop-cap{color:#818a91;border:3px solid;background-color:transparent}.elementor-widget-text-editor:not(.elementor-drop-cap-view-default) .elementor-drop-cap{margin-top:8px}.elementor-widget-text-editor:not(.elementor-drop-cap-view-default) .elementor-drop-cap-letter{width:1em;height:1em}.elementor-widget-text-editor .elementor-drop-cap{float:left;text-align:center;line-height:1;font-size:50px}.elementor-widget-text-editor .elementor-drop-cap-letter{display:inline-block}<\/style>\t\t\t\t<p><strong>*La\u00a0 divisi\u00f3n forma parte de una de las estrategias del Plan Estatal de Desarrollo para detonar el crecimiento del Estado a trav\u00e9s del impulso de aquellas actividades que van acorde a la viocaci\u00f3n y \u00a0caracter\u00edsticas de cada regi\u00f3n.<\/strong><\/p><p><strong>Pachuca, Hgo 5 de abril 2023.- <\/strong>En un el decreto publicado en el\u00a0<a href=\"https:\/\/twitter.com\/poficialhgo\">Peri\u00f3dico Oficial del Estado<\/a>, se establece\u00a0 que para tener una mejor de planeaci\u00f3n y coordinaci\u00f3n de las acciones a implementar, considerando la heterogeneidad social, econ\u00f3mica y medio ambiente la entidad<\/p><p>El Gobierno del Estado dividi\u00f3 a la entidad cinco macrorregiones, 12 regiones y 25 microrregiones, la \u00a0divisi\u00f3n forma parte de una de las estrategias del Plan Estatal de Desarrollo para detonar el crecimiento del Estado a trav\u00e9s del impulso de aquellas actividades que van acorde a las caracter\u00edsticas de cada regi\u00f3n.<\/p><p>Adem\u00e1s, establece que con esta estructura de dar\u00e1 un mejor aprovechamiento de los grandes potenciales existentes en cada una de las regiones, acorde a su vocaci\u00f3n natural y la generaci\u00f3n de mayores oportunidades para el desarrollo de todas las regiones del Estado a trav\u00e9s de acciones concretas para eliminar los rezagos existentes beneficiando a las zonas menos favorecidas.<\/p><p>En el caso de las macrorregiones, Pachuca, Tula, Tulancingo, Huejutla e Ixmiquilpan, cada una integrada por municipios conurbados.<\/p><p>En tanto que la divisi\u00f3n por regiones se hace en 12 apartados considerando de igual forma un municipio articulador e integr\u00e1ndose con municipios cercanos a \u00e9ste, siendo Tula, Tulancingo, Pachuca, Huehutla, Mineral de la Reforma, Tizayuca, Actopan, Ixmiquilpan, Zacualtip\u00e1n, Apan, Huichapan y Jacala.<\/p><p>El nivel microrregional, se divide en veinticinco regiones, considerando caracter\u00edsticas econ\u00f3micas, sociales, f\u00edsicas, ambientales, pol\u00edticas, culturales, entre otras, las cuales estar\u00e1n identificadas por n\u00fameros subsecuentes, quedando la uno integrada por Ajacuba, Tetepango, Tezontepec de Aldama, Tlahuelilpan y Tlaxcoapan; la dos por Atitalaquia, Atotonilco de Tula, Tepeji del R\u00edo de Ocampo, Tepetitl\u00e1n y Tula de Allende<\/p><p>En la tres esta Acatl\u00e1n, Metepec, Santiago Tulantepec de Lugo Guerrero y Tulancingo de Bravo; en la cuatro Acaxochitl\u00e1n, Cuautepec de Hinojosa y Singuilucan; la cinco por Agua Blanca de Iturbide, Huehuetla, San Bartolo Tutotepec, Tenango de Doria; la seis por Pachuca, San Agust\u00edn Tlaxiaca y Zapotl\u00e1n de Ju\u00e1rez, entre otras.<\/p><p>\u00a0<\/p>\t\t\t\t\t\t<\/div>\n\t\t\t\t<\/div>\n\t\t\t\t\t<\/div>\n\t\t<\/div>\n\t\t\t\t\t\t\t<\/div>\n\t\t<\/section>\n\t\t\t\t\t\t\t<\/div>\n\t\t","protected":false},"excerpt":{"rendered":"<p>*La\u00a0 divisi\u00f3n forma parte de una de las estrategias del Plan Estatal de Desarrollo para detonar el crecimiento del Estado a trav\u00e9s del impulso de aquellas actividades que van acorde a la viocaci\u00f3n y \u00a0caracter\u00edsticas de cada regi\u00f3n. Pachuca, Hgo 5 de abril 2023.- En un el decreto publicado en el\u00a0Peri\u00f3dico Oficial del Estado, se [&hellip;]<\/p>\n","protected":false},"author":1,"featured_media":5941,"comment_status":"closed","ping_status":"closed","sticky":false,"template":"","format":"standard","meta":[],"categories":[7],"tags":[],"_links":{"self":[{"href":"https:\/\/www.diarionoti7.com.mx\/index.php?rest_route=\/wp\/v2\/posts\/5939"}],"collection":[{"href":"https:\/\/www.diarionoti7.com.mx\/index.php?rest_route=\/wp\/v2\/posts"}],"about":[{"href":"https:\/\/www.diarionoti7.com.mx\/index.php?rest_route=\/wp\/v2\/types\/post"}],"author":[{"embeddable":true,"href":"https:\/\/www.diarionoti7.com.mx\/index.php?rest_route=\/wp\/v2\/users\/1"}],"replies":[{"embeddable":true,"href":"https:\/\/www.diarionoti7.com.mx\/index.php?rest_route=%2Fwp%2Fv2%2Fcomments&post=5939"}],"version-history":[{"count":4,"href":"https:\/\/www.diarionoti7.com.mx\/index.php?rest_route=\/wp\/v2\/posts\/5939\/revisions"}],"predecessor-version":[{"id":5944,"href":"https:\/\/www.diarionoti7.com.mx\/index.php?rest_route=\/wp\/v2\/posts\/5939\/revisions\/5944"}],"wp:featuredmedia":[{"embeddable":true,"href":"https:\/\/www.diarionoti7.com.mx\/index.php?rest_route=\/wp\/v2\/media\/5941"}],"wp:attachment":[{"href":"https:\/\/www.diarionoti7.com.mx\/index.php?rest_route=%2Fwp%2Fv2%2Fmedia&parent=5939"}],"wp:term":[{"taxonomy":"category","embeddable":true,"href":"https:\/\/www.diarionoti7.com.mx\/index.php?rest_route=%2Fwp%2Fv2%2Fcategories&post=5939"},{"taxonomy":"post_tag","embeddable":true,"href":"https:\/\/www.diarionoti7.com.mx\/index.php?rest_route=%2Fwp%2Fv2%2Ftags&post=5939"}],"curies":[{"name":"wp","href":"https:\/\/api.w.org\/{rel}","templated":true}]}}