{"id":5933,"date":"2023-04-06T17:06:43","date_gmt":"2023-04-06T17:06:43","guid":{"rendered":"https:\/\/www.diarionoti7.com.mx\/?p=5933"},"modified":"2023-04-06T17:07:18","modified_gmt":"2023-04-06T17:07:18","slug":"asumio-ma-del-refugio-garcia-lopez-la-vocalia-ejecutiva-de-la-junta-local-ejecutiva-del-ine-en-hidalgo","status":"publish","type":"post","link":"https:\/\/www.diarionoti7.com.mx\/?p=5933","title":{"rendered":"Asumio  Ma. del Refugio Garc\u00eda L\u00f3pez, la  Vocalia Ejecutiva de la Junta Local Ejecutiva del INE en Hidalgo"},"content":{"rendered":"\t\t<div data-elementor-type=\"wp-post\" data-elementor-id=\"5933\" class=\"elementor elementor-5933\">\n\t\t\t\t\t\t\t\t\t<section class=\"elementor-section elementor-top-section elementor-element elementor-element-51c23a4c elementor-section-boxed elementor-section-height-default elementor-section-height-default\" data-id=\"51c23a4c\" data-element_type=\"section\">\n\t\t\t\t\t\t<div class=\"elementor-container elementor-column-gap-default\">\n\t\t\t\t\t<div class=\"elementor-column elementor-col-100 elementor-top-column elementor-element elementor-element-7d2e0b6e\" data-id=\"7d2e0b6e\" data-element_type=\"column\">\n\t\t\t<div class=\"elementor-widget-wrap elementor-element-populated\">\n\t\t\t\t\t\t\t\t<div class=\"elementor-element elementor-element-2f2290cd elementor-widget elementor-widget-text-editor\" data-id=\"2f2290cd\" data-element_type=\"widget\" data-widget_type=\"text-editor.default\">\n\t\t\t\t<div class=\"elementor-widget-container\">\n\t\t\t<style>\/*! elementor - v3.10.2 - 29-01-2023 *\/\n.elementor-widget-text-editor.elementor-drop-cap-view-stacked .elementor-drop-cap{background-color:#818a91;color:#fff}.elementor-widget-text-editor.elementor-drop-cap-view-framed .elementor-drop-cap{color:#818a91;border:3px solid;background-color:transparent}.elementor-widget-text-editor:not(.elementor-drop-cap-view-default) .elementor-drop-cap{margin-top:8px}.elementor-widget-text-editor:not(.elementor-drop-cap-view-default) .elementor-drop-cap-letter{width:1em;height:1em}.elementor-widget-text-editor .elementor-drop-cap{float:left;text-align:center;line-height:1;font-size:50px}.elementor-widget-text-editor .elementor-drop-cap-letter{display:inline-block}<\/style>\t\t\t\t<p><strong>Pachuca, Hgo., 5 de Abril de 2023.-<\/strong> \u201cNuestro instituto es una construcci\u00f3n plural y din\u00e1mica que ha logrado superar los enormes retos que representa la organizaci\u00f3n de elecciones federales y locales, as\u00ed como los ejercicios de participaci\u00f3n ciudadana, siendo el desarrollo de los procesos electorales la ocasi\u00f3n m\u00e1s propicia para evidenciar los altos est\u00e1ndares de eficiencia y efectividad con las que se preparan las jornadas comiciales, libres, secretas y directas\u201d, se\u00f1al\u00f3\u00a0 Ma. del Refugio Garc\u00eda L\u00f3pez \u00a0al asumir el cargo de \u00a0Vocal Ejecutiva de la Junta Local Ejecutiva del INE en Hidalgo<\/p><p>El acto protocolario se realiz\u00f3 este mi\u00e9rcoles durante la sexta sesi\u00f3n extraordinaria, en la que estuvieron presentes los representantes de los partidos pol\u00edticos y los titulares de las 7 Juntas Distritales Ejecutivas.<\/p><p>Ma. del Refugio Garc\u00eda L\u00f3pez, nueva presidenta de la Junta Local Ejecutiva sustituye a Jos\u00e9 Luis Ashane Bulos, quien dej\u00f3 el encargo a finales del mes de diciembre del a\u00f1o 2022.<\/p><p>Ma. del Refugio Garc\u00eda, \u00a0despu\u00e9s de declarar formalmente instalada la sesi\u00f3n extraordinaria y la orden del d\u00eda, rindi\u00f3 protesta la nueva vocal Ejecutiva, quien tambi\u00e9n ha fungido como responsable del Servicio Profesional Electoral del INE.<\/p><p>En su mensaje resalt\u00f3 que desde su fundaci\u00f3n y desde la reforma constitucional del a\u00f1o 2014, el INE ha contribuido a garantizar los derechos pol\u00edtico-electorales de la ciudadan\u00eda a trav\u00e9s de la organizaci\u00f3n de elecciones libres y aut\u00e9nticas, ya que cuenta con un cuerpo de profesionales que constituyen la columna vertebral de la autoridad electoral que opera a lo largo y ancho del pa\u00eds.<\/p><p>Declar\u00f3 asimismo que la vinculaci\u00f3n con los organismos locales ha tenido tambi\u00e9n una evoluci\u00f3n interinstitucional toda vez que durante la realizaci\u00f3n de los procesos se ha fortalecido el Servicio Profesional del Sistema de los organismos p\u00fablicos locales, lo que significado que la coordinaci\u00f3n y comunicaci\u00f3n entre el funcionariado de los organismos p\u00fablicos locales y del propio INE sea cada vez mejor.<\/p><p>Ma. del Refugio Garc\u00eda fue acompa\u00f1ada durante la sesi\u00f3n extraordinaria , por los consejeros de la Junta Ejecutiva Local del INE, Aquiles Hern\u00e1ndez Ch\u00e1vez, Fernando Pedro Correa Iglesias, Leticia Mart\u00ednez Santos, Belinda Autla Marr\u00f3n, y el secretario general Juan Carlos Mendoza Meza, as\u00ed como por Ana Alicia Hoyo Chalit, vocal del Registro Federal de Electores (RFE)<\/p><p>Como invitados especiales estuvieron los representantes de los partidos pol\u00edticos PRI, PAN, PRD, Morena, PVEM y PT con registro nacional, Sergio Z\u00fa\u00f1iga Hern\u00e1ndez, fiscal especializado en Delitos Electorales; el encargado del despacho de la Procuradur\u00eda General de Justicia del Estado de Hidalgo (PGJEH), Santiago Nieto Castillo, y Nahim, Villanueva Manzur, representante de Rosa Amparo Mart\u00ednez, presidenta del TEEH.<\/p><p>Asistieron al acto protocolario Mar\u00eda Magdalena Gonz\u00e1lez Escalona, presidenta del Consejo General del Instituto Estatal Electoral de Hidalgo (IEEH), junto con sus compa\u00f1eras y compa\u00f1eros Laura Aracely Lozada N\u00e1jera, Cristian Uziel Garc\u00eda Reys, Miriam Sara\u00ed Pacheco Mart\u00ednez, Gabriela Gonz\u00e1lez Morales, Guillermo Corrales y Alfredo Alcal\u00e1 Monta\u00f1o, y la secretaria ejecutiva del IEEH, Martha Alicia Hern\u00e1ndez Hern\u00e1ndez.<\/p><p>\u00a0<\/p>\t\t\t\t\t\t<\/div>\n\t\t\t\t<\/div>\n\t\t\t\t\t<\/div>\n\t\t<\/div>\n\t\t\t\t\t\t\t<\/div>\n\t\t<\/section>\n\t\t\t\t\t\t\t<\/div>\n\t\t","protected":false},"excerpt":{"rendered":"<p>Pachuca, Hgo., 5 de Abril de 2023.- \u201cNuestro instituto es una construcci\u00f3n plural y din\u00e1mica que ha logrado superar los enormes retos que representa la organizaci\u00f3n de elecciones federales y locales, as\u00ed como los ejercicios de participaci\u00f3n ciudadana, siendo el desarrollo de los procesos electorales la ocasi\u00f3n m\u00e1s propicia para evidenciar los altos est\u00e1ndares de [&hellip;]<\/p>\n","protected":false},"author":1,"featured_media":5935,"comment_status":"closed","ping_status":"closed","sticky":false,"template":"","format":"standard","meta":[],"categories":[7],"tags":[],"_links":{"self":[{"href":"https:\/\/www.diarionoti7.com.mx\/index.php?rest_route=\/wp\/v2\/posts\/5933"}],"collection":[{"href":"https:\/\/www.diarionoti7.com.mx\/index.php?rest_route=\/wp\/v2\/posts"}],"about":[{"href":"https:\/\/www.diarionoti7.com.mx\/index.php?rest_route=\/wp\/v2\/types\/post"}],"author":[{"embeddable":true,"href":"https:\/\/www.diarionoti7.com.mx\/index.php?rest_route=\/wp\/v2\/users\/1"}],"replies":[{"embeddable":true,"href":"https:\/\/www.diarionoti7.com.mx\/index.php?rest_route=%2Fwp%2Fv2%2Fcomments&post=5933"}],"version-history":[{"count":4,"href":"https:\/\/www.diarionoti7.com.mx\/index.php?rest_route=\/wp\/v2\/posts\/5933\/revisions"}],"predecessor-version":[{"id":5938,"href":"https:\/\/www.diarionoti7.com.mx\/index.php?rest_route=\/wp\/v2\/posts\/5933\/revisions\/5938"}],"wp:featuredmedia":[{"embeddable":true,"href":"https:\/\/www.diarionoti7.com.mx\/index.php?rest_route=\/wp\/v2\/media\/5935"}],"wp:attachment":[{"href":"https:\/\/www.diarionoti7.com.mx\/index.php?rest_route=%2Fwp%2Fv2%2Fmedia&parent=5933"}],"wp:term":[{"taxonomy":"category","embeddable":true,"href":"https:\/\/www.diarionoti7.com.mx\/index.php?rest_route=%2Fwp%2Fv2%2Fcategories&post=5933"},{"taxonomy":"post_tag","embeddable":true,"href":"https:\/\/www.diarionoti7.com.mx\/index.php?rest_route=%2Fwp%2Fv2%2Ftags&post=5933"}],"curies":[{"name":"wp","href":"https:\/\/api.w.org\/{rel}","templated":true}]}}