{"id":59319,"date":"2024-10-17T09:07:34","date_gmt":"2024-10-17T09:07:34","guid":{"rendered":"https:\/\/www.diarionoti7.com.mx\/?p=59319"},"modified":"2024-10-17T19:09:14","modified_gmt":"2024-10-17T19:09:14","slug":"hidalgo-esta-en-la-agenda-nacional-julio-menchaca","status":"publish","type":"post","link":"https:\/\/www.diarionoti7.com.mx\/?p=59319","title":{"rendered":"\u201c\u00a1Hidalgo est\u00e1 en la agenda nacional!\u201d: Julio Menchaca"},"content":{"rendered":"\t\t<div data-elementor-type=\"wp-post\" data-elementor-id=\"59319\" class=\"elementor elementor-59319\">\n\t\t\t\t\t\t\t\t\t<section class=\"elementor-section elementor-top-section elementor-element elementor-element-c09b8f0 elementor-section-boxed elementor-section-height-default elementor-section-height-default\" data-id=\"c09b8f0\" data-element_type=\"section\">\n\t\t\t\t\t\t<div class=\"elementor-container elementor-column-gap-default\">\n\t\t\t\t\t<div class=\"elementor-column elementor-col-100 elementor-top-column elementor-element elementor-element-955a561\" data-id=\"955a561\" data-element_type=\"column\">\n\t\t\t<div class=\"elementor-widget-wrap elementor-element-populated\">\n\t\t\t\t\t\t\t\t<div class=\"elementor-element elementor-element-0ce869c elementor-widget elementor-widget-text-editor\" data-id=\"0ce869c\" data-element_type=\"widget\" data-widget_type=\"text-editor.default\">\n\t\t\t\t<div class=\"elementor-widget-container\">\n\t\t\t<style>\/*! elementor - v3.10.2 - 29-01-2023 *\/\n.elementor-widget-text-editor.elementor-drop-cap-view-stacked .elementor-drop-cap{background-color:#818a91;color:#fff}.elementor-widget-text-editor.elementor-drop-cap-view-framed .elementor-drop-cap{color:#818a91;border:3px solid;background-color:transparent}.elementor-widget-text-editor:not(.elementor-drop-cap-view-default) .elementor-drop-cap{margin-top:8px}.elementor-widget-text-editor:not(.elementor-drop-cap-view-default) .elementor-drop-cap-letter{width:1em;height:1em}.elementor-widget-text-editor .elementor-drop-cap{float:left;text-align:center;line-height:1;font-size:50px}.elementor-widget-text-editor .elementor-drop-cap-letter{display:inline-block}<\/style>\t\t\t\t<p><strong>Pachuca de Soto, Hgo., 16 de octubre de 2024.- <\/strong>Con el objetivo de dar seguimiento a los 100 compromisos de la presidenta de M\u00e9xico, Claudia Sheinbaum Pardo, el gobernador de Hidalgo, Julio Menchaca Salazar, acudi\u00f3 a Palacio Nacional para sostener una reuni\u00f3n con distintas dependencias estatales y federales.<\/p><p>\u201cEn los primeros 16 d\u00edas de gobierno, la presidenta Sheinbaum Pardo ya nos convoc\u00f3 a darle continuidad a los compromisos que hizo para todo el pa\u00eds, pero particularmente para Hidalgo. \u00a1Hidalgo est\u00e1 presente en la agenda nacional!\u201d, remarc\u00f3.<\/p><p>Tras participar en el encuentro, el mandatario hidalguense record\u00f3 que, de esta centena de acuerdos, seis impactan directamente a la entidad, entre los que se encuentran la construcci\u00f3n de los trenes de pasajeros M\u00e9xico-Pachuca y M\u00e9xico-Quer\u00e9taro.<\/p>\t\t\t\t\t\t<\/div>\n\t\t\t\t<\/div>\n\t\t\t\t\t<\/div>\n\t\t<\/div>\n\t\t\t\t\t\t\t<\/div>\n\t\t<\/section>\n\t\t\t\t\t\t\t<\/div>\n\t\t","protected":false},"excerpt":{"rendered":"<p>Pachuca de Soto, Hgo., 16 de octubre de 2024.- Con el objetivo de dar seguimiento a los 100 compromisos de la presidenta de M\u00e9xico, Claudia Sheinbaum Pardo, el gobernador de Hidalgo, Julio Menchaca Salazar, acudi\u00f3 a Palacio Nacional para sostener una reuni\u00f3n con distintas dependencias estatales y federales. \u201cEn los primeros 16 d\u00edas de gobierno, [&hellip;]<\/p>\n","protected":false},"author":1,"featured_media":59321,"comment_status":"closed","ping_status":"closed","sticky":false,"template":"","format":"standard","meta":[],"categories":[7],"tags":[],"_links":{"self":[{"href":"https:\/\/www.diarionoti7.com.mx\/index.php?rest_route=\/wp\/v2\/posts\/59319"}],"collection":[{"href":"https:\/\/www.diarionoti7.com.mx\/index.php?rest_route=\/wp\/v2\/posts"}],"about":[{"href":"https:\/\/www.diarionoti7.com.mx\/index.php?rest_route=\/wp\/v2\/types\/post"}],"author":[{"embeddable":true,"href":"https:\/\/www.diarionoti7.com.mx\/index.php?rest_route=\/wp\/v2\/users\/1"}],"replies":[{"embeddable":true,"href":"https:\/\/www.diarionoti7.com.mx\/index.php?rest_route=%2Fwp%2Fv2%2Fcomments&post=59319"}],"version-history":[{"count":4,"href":"https:\/\/www.diarionoti7.com.mx\/index.php?rest_route=\/wp\/v2\/posts\/59319\/revisions"}],"predecessor-version":[{"id":59324,"href":"https:\/\/www.diarionoti7.com.mx\/index.php?rest_route=\/wp\/v2\/posts\/59319\/revisions\/59324"}],"wp:featuredmedia":[{"embeddable":true,"href":"https:\/\/www.diarionoti7.com.mx\/index.php?rest_route=\/wp\/v2\/media\/59321"}],"wp:attachment":[{"href":"https:\/\/www.diarionoti7.com.mx\/index.php?rest_route=%2Fwp%2Fv2%2Fmedia&parent=59319"}],"wp:term":[{"taxonomy":"category","embeddable":true,"href":"https:\/\/www.diarionoti7.com.mx\/index.php?rest_route=%2Fwp%2Fv2%2Fcategories&post=59319"},{"taxonomy":"post_tag","embeddable":true,"href":"https:\/\/www.diarionoti7.com.mx\/index.php?rest_route=%2Fwp%2Fv2%2Ftags&post=59319"}],"curies":[{"name":"wp","href":"https:\/\/api.w.org\/{rel}","templated":true}]}}