{"id":59290,"date":"2024-10-17T08:41:47","date_gmt":"2024-10-17T08:41:47","guid":{"rendered":"https:\/\/www.diarionoti7.com.mx\/?p=59290"},"modified":"2024-10-17T18:42:32","modified_gmt":"2024-10-17T18:42:32","slug":"desfile-de-catrinas-durante-la-ultima-semana-de-feria","status":"publish","type":"post","link":"https:\/\/www.diarionoti7.com.mx\/?p=59290","title":{"rendered":"Desfile de Catrinas Durante la \u00daltima Semana de Feria"},"content":{"rendered":"\t\t<div data-elementor-type=\"wp-post\" data-elementor-id=\"59290\" class=\"elementor elementor-59290\">\n\t\t\t\t\t\t\t\t\t<section class=\"elementor-section elementor-top-section elementor-element elementor-element-c09b8f0 elementor-section-boxed elementor-section-height-default elementor-section-height-default\" data-id=\"c09b8f0\" data-element_type=\"section\">\n\t\t\t\t\t\t<div class=\"elementor-container elementor-column-gap-default\">\n\t\t\t\t\t<div class=\"elementor-column elementor-col-100 elementor-top-column elementor-element elementor-element-955a561\" data-id=\"955a561\" data-element_type=\"column\">\n\t\t\t<div class=\"elementor-widget-wrap elementor-element-populated\">\n\t\t\t\t\t\t\t\t<div class=\"elementor-element elementor-element-0ce869c elementor-widget elementor-widget-text-editor\" data-id=\"0ce869c\" data-element_type=\"widget\" data-widget_type=\"text-editor.default\">\n\t\t\t\t<div class=\"elementor-widget-container\">\n\t\t\t<style>\/*! elementor - v3.10.2 - 29-01-2023 *\/\n.elementor-widget-text-editor.elementor-drop-cap-view-stacked .elementor-drop-cap{background-color:#818a91;color:#fff}.elementor-widget-text-editor.elementor-drop-cap-view-framed .elementor-drop-cap{color:#818a91;border:3px solid;background-color:transparent}.elementor-widget-text-editor:not(.elementor-drop-cap-view-default) .elementor-drop-cap{margin-top:8px}.elementor-widget-text-editor:not(.elementor-drop-cap-view-default) .elementor-drop-cap-letter{width:1em;height:1em}.elementor-widget-text-editor .elementor-drop-cap{float:left;text-align:center;line-height:1;font-size:50px}.elementor-widget-text-editor .elementor-drop-cap-letter{display:inline-block}<\/style>\t\t\t\t<p><strong>Pachuca, Hgo., 16 de octubre de 2024.- <\/strong>En su \u00faltima semana, la Feria de San Francisco Pachuca Hidalgo 2024 contempla diversas actividades con motivo del D\u00eda de Muertos, una de ellas es el Desfile de Catrinas que se presentar\u00e1 hasta el 20 de octubre.<\/p><p>El desfile tiene lugar todos los d\u00edas cerca de las 7:00 p. m., y recorre las principales \u00e1reas de la Feria que \u201cLate con Orgullo\u201d, como el Teatro del Pueblo, la zona gastron\u00f3mica, los foros art\u00edsticos, la velaria A del acceso principal y concluye en la velaria B de la explanada ubicada frente al Palenque.<\/p><p>De igual forma, tambi\u00e9n contempla concursos de disfraces con las personas que asistan personificadas de catrinas y catrines, quienes participar\u00e1n por diferentes premios, como cristaler\u00eda, cobijas, flores de cempas\u00fachil, entre otros.<\/p><p>El concurso de disfraces se realizar\u00e1 a lo largo de la semana en la velaria B, donde un jurado calificador, acompa\u00f1ado del p\u00fablico presente, decidir\u00e1 los primeros lugares.<\/p><p>El Desfile de Catrinas est\u00e1 acompa\u00f1ado por la comparsa de personajes, m\u00fasicos, zanqueros y dragones chinos que durante la semana recorren las zonas de la feria.<\/p><p>De esta forma, la Feria de San Francisco Pachuca Hidalgo 2024 invita a disfrutar de las atracciones y espect\u00e1culos, en los \u00faltimos d\u00edas de esta fiesta, la m\u00e1s grande de todos los hidalguenses.<\/p>\t\t\t\t\t\t<\/div>\n\t\t\t\t<\/div>\n\t\t\t\t\t<\/div>\n\t\t<\/div>\n\t\t\t\t\t\t\t<\/div>\n\t\t<\/section>\n\t\t\t\t\t\t\t<\/div>\n\t\t","protected":false},"excerpt":{"rendered":"<p>Pachuca, Hgo., 16 de octubre de 2024.- En su \u00faltima semana, la Feria de San Francisco Pachuca Hidalgo 2024 contempla diversas actividades con motivo del D\u00eda de Muertos, una de ellas es el Desfile de Catrinas que se presentar\u00e1 hasta el 20 de octubre. El desfile tiene lugar todos los d\u00edas cerca de las 7:00 [&hellip;]<\/p>\n","protected":false},"author":1,"featured_media":59292,"comment_status":"closed","ping_status":"closed","sticky":false,"template":"","format":"standard","meta":[],"categories":[7],"tags":[],"_links":{"self":[{"href":"https:\/\/www.diarionoti7.com.mx\/index.php?rest_route=\/wp\/v2\/posts\/59290"}],"collection":[{"href":"https:\/\/www.diarionoti7.com.mx\/index.php?rest_route=\/wp\/v2\/posts"}],"about":[{"href":"https:\/\/www.diarionoti7.com.mx\/index.php?rest_route=\/wp\/v2\/types\/post"}],"author":[{"embeddable":true,"href":"https:\/\/www.diarionoti7.com.mx\/index.php?rest_route=\/wp\/v2\/users\/1"}],"replies":[{"embeddable":true,"href":"https:\/\/www.diarionoti7.com.mx\/index.php?rest_route=%2Fwp%2Fv2%2Fcomments&post=59290"}],"version-history":[{"count":4,"href":"https:\/\/www.diarionoti7.com.mx\/index.php?rest_route=\/wp\/v2\/posts\/59290\/revisions"}],"predecessor-version":[{"id":59295,"href":"https:\/\/www.diarionoti7.com.mx\/index.php?rest_route=\/wp\/v2\/posts\/59290\/revisions\/59295"}],"wp:featuredmedia":[{"embeddable":true,"href":"https:\/\/www.diarionoti7.com.mx\/index.php?rest_route=\/wp\/v2\/media\/59292"}],"wp:attachment":[{"href":"https:\/\/www.diarionoti7.com.mx\/index.php?rest_route=%2Fwp%2Fv2%2Fmedia&parent=59290"}],"wp:term":[{"taxonomy":"category","embeddable":true,"href":"https:\/\/www.diarionoti7.com.mx\/index.php?rest_route=%2Fwp%2Fv2%2Fcategories&post=59290"},{"taxonomy":"post_tag","embeddable":true,"href":"https:\/\/www.diarionoti7.com.mx\/index.php?rest_route=%2Fwp%2Fv2%2Ftags&post=59290"}],"curies":[{"name":"wp","href":"https:\/\/api.w.org\/{rel}","templated":true}]}}