{"id":59163,"date":"2024-10-16T08:25:20","date_gmt":"2024-10-16T08:25:20","guid":{"rendered":"https:\/\/www.diarionoti7.com.mx\/?p=59163"},"modified":"2024-10-16T19:26:09","modified_gmt":"2024-10-16T19:26:09","slug":"presidenta-claudia-sheinbaum-celebra-inversion-inicial-de-empresas-estadounidenses-en-mexico-por-mas-de-20-mil-mdd-para-2025","status":"publish","type":"post","link":"https:\/\/www.diarionoti7.com.mx\/?p=59163","title":{"rendered":"Presidenta Claudia Sheinbaum Celebra Inversi\u00f3n Inicial de Empresas Estadounidenses en M\u00e9xico Por M\u00e1s de 20 Mil Mdd Para 2025"},"content":{"rendered":"\t\t<div data-elementor-type=\"wp-post\" data-elementor-id=\"59163\" class=\"elementor elementor-59163\">\n\t\t\t\t\t\t\t\t\t<section class=\"elementor-section elementor-top-section elementor-element elementor-element-c09b8f0 elementor-section-boxed elementor-section-height-default elementor-section-height-default\" data-id=\"c09b8f0\" data-element_type=\"section\">\n\t\t\t\t\t\t<div class=\"elementor-container elementor-column-gap-default\">\n\t\t\t\t\t<div class=\"elementor-column elementor-col-100 elementor-top-column elementor-element elementor-element-955a561\" data-id=\"955a561\" data-element_type=\"column\">\n\t\t\t<div class=\"elementor-widget-wrap elementor-element-populated\">\n\t\t\t\t\t\t\t\t<div class=\"elementor-element elementor-element-0ce869c elementor-widget elementor-widget-text-editor\" data-id=\"0ce869c\" data-element_type=\"widget\" data-widget_type=\"text-editor.default\">\n\t\t\t\t<div class=\"elementor-widget-container\">\n\t\t\t<style>\/*! elementor - v3.10.2 - 29-01-2023 *\/\n.elementor-widget-text-editor.elementor-drop-cap-view-stacked .elementor-drop-cap{background-color:#818a91;color:#fff}.elementor-widget-text-editor.elementor-drop-cap-view-framed .elementor-drop-cap{color:#818a91;border:3px solid;background-color:transparent}.elementor-widget-text-editor:not(.elementor-drop-cap-view-default) .elementor-drop-cap{margin-top:8px}.elementor-widget-text-editor:not(.elementor-drop-cap-view-default) .elementor-drop-cap-letter{width:1em;height:1em}.elementor-widget-text-editor .elementor-drop-cap{float:left;text-align:center;line-height:1;font-size:50px}.elementor-widget-text-editor .elementor-drop-cap-letter{display:inline-block}<\/style>\t\t\t\t<p><strong>Ciudad de M\u00e9xico, a 15 de octubre de 2024.- <\/strong>Cumbre de Alto Nivel entre l\u00edderes y empresarios de ambos pa\u00edses fue una buena reuni\u00f3n; reformas legales en nuestro pa\u00eds fortalecen el Estado de derecho y dan certidumbre a la inversi\u00f3n p\u00fablica, resalt\u00f3<\/p><p>\u201cQue se anuncien semejantes montos dice mucho de cu\u00e1l es la posici\u00f3n, la percepci\u00f3n y la voluntad de los inversionistas, respecto a lo que significa este nuevo gobierno y las posibilidades de M\u00e9xico\u201d: Econom\u00eda<\/p><p>Presidenta de US Chamber of Commerce, Suzanne Clark, y la directora ejecutiva de M\u00e9xico Pacific, Sarah Bairstow, reconocen al Gobierno de M\u00e9xico por abrir paso a inversiones que generen desarrollo con bienestar<\/p><p>La Presidenta Constitucional de los Estados Unidos Mexicanos, Claudia Sheinbaum Pardo, anunci\u00f3 la inversi\u00f3n inicial de m\u00e1s de 20 mil millones de d\u00f3lares (mdd) en el pa\u00eds para 2025, como parte de los resultados de la Cumbre de Alto Nivel entre l\u00edderes y empresarios de M\u00e9xico y Estados Unidos, que se realiz\u00f3 en Palacio Nacional, donde estuvieron presentes 240 directores y directoras de empresas de ambas naciones.<\/p><p>\u201cVenimos de una reuni\u00f3n muy importante y muy productiva de empresarios, empresarias, de Estados Unidos y M\u00e9xico, que coordina la C\u00e1mara de Comercio de Estados Unidos y el Consejo Coordinador Empresarial, y hablamos de la importancia, la fortaleza del tratado comercial con Estados Unidos y Canad\u00e1, y de la importancia de la inversi\u00f3n extranjera en M\u00e9xico y, al mismo tiempo, de la inversi\u00f3n privada conjugada con inversi\u00f3n p\u00fablica y el desarrollo del pa\u00eds\u2019\u2019.<\/p><p>\u201cSe anunciaron al menos cuatro inversiones importantes de alrededor de 20 mil millones de d\u00f3lares en nuestro pa\u00eds para el a\u00f1o 2025\u201d, agreg\u00f3. Se inform\u00f3 que las principales inversiones que llegar\u00e1n a M\u00e9xico en 2025 son las de M\u00e9xico Pacific, con 15 mil mdd; Royal Caribbean Group, mil 500 mdd; Amazon, seis mil mdd; y Woodside Energy, 10 mil 400 mdd, para el desarrollo de un dep\u00f3sito de combustibles de recursos f\u00f3siles que se realizar\u00e1 en Petr\u00f3leos Mexicanos (Pemex).<\/p><p>Celebr\u00f3 que dichos negocios se realizar\u00e1n en diferentes partes del pa\u00eds, como es el caso de Quintana Roo, que recibir\u00e1 en el puerto Mahahual la inversi\u00f3n de Royal Caribbean Group en materia tur\u00edstica. \u201cEl sur de Quintana Roo requiere desarrollo, es una inversi\u00f3n tur\u00edstica que va a estar vinculada con el Tren Maya y todo el desarrollo tur\u00edstico que se est\u00e1 haciendo en el sureste\u2019\u2019.<\/p><p>Destac\u00f3 que durante el encuentro se habl\u00f3 de la importancia de fortalecer el Tratado entre M\u00e9xico, Estados Unidos y Canad\u00e1 (T-MEC), como una relaci\u00f3n comercial complementaria para generar desarrollo en toda la regi\u00f3n.<\/p><p>\u201cEl tratado comercial, el T-MEC, entre Canad\u00e1, Estados Unidos y M\u00e9xico, nos complementa, no genera competencia entre nosotros, es un esquema de complementariedad y adem\u00e1s nos fortalece para seguir mejorando la econom\u00eda de todo el continente y poder generar todav\u00eda un polo, un bloque de desarrollo muy importante\u2019\u2019.<\/p><p>Enfatiz\u00f3 que las y los empresarios nacionales y de Estados Unidos celebraron la pr\u00f3xima creaci\u00f3n de la Agencia de Transformaci\u00f3n Digital, que permitir\u00e1 disminuir los tr\u00e1mites para la inversi\u00f3n privada en M\u00e9xico.<\/p><p>Adem\u00e1s, inform\u00f3 que, en un ambiente de cooperaci\u00f3n y di\u00e1logo, se crear\u00e1n diferentes mesas de trabajo para que los inversionistas tengan certeza de que las reformas propuestas recientemente no representan ning\u00fan tipo de riesgo.<\/p><p>\u201cPlanteamos mesas de trabajo a trav\u00e9s de la Secretar\u00eda de Econom\u00eda sobre la reforma al Poder Judicial, sobre la reforma el\u00e9ctrica, todas las reformas que hemos planteado. Claro que ninguna de estas reformas representa un problema para la inversi\u00f3n en M\u00e9xico, todo lo contrario: se va a fortalecer lo que llamamos el Estado de derecho\u201d.<\/p><p>El secretario de Econom\u00eda, Marcelo Ebrard Casaubon, destac\u00f3 que la inversi\u00f3n confirmada de 20 mil mdd para 2025 puede crecer en los pr\u00f3ximos meses a 30 mil mdd.<\/p><p>\u201cEl que se anuncien semejantes montos en una CEO Dialogue, en una primera reuni\u00f3n con la presidenta, dice mucho de cu\u00e1l es la posici\u00f3n, la percepci\u00f3n, la voluntad de los inversionistas, particularmente en Estados Unidos, respecto a lo que significa este nuevo gobierno y las posibilidades de M\u00e9xico; es una muy buena noticia\u201d, dijo.<\/p><p>\u00a0<\/p>\t\t\t\t\t\t<\/div>\n\t\t\t\t<\/div>\n\t\t\t\t\t<\/div>\n\t\t<\/div>\n\t\t\t\t\t\t\t<\/div>\n\t\t<\/section>\n\t\t\t\t\t\t\t<\/div>\n\t\t","protected":false},"excerpt":{"rendered":"<p>Ciudad de M\u00e9xico, a 15 de octubre de 2024.- Cumbre de Alto Nivel entre l\u00edderes y empresarios de ambos pa\u00edses fue una buena reuni\u00f3n; reformas legales en nuestro pa\u00eds fortalecen el Estado de derecho y dan certidumbre a la inversi\u00f3n p\u00fablica, resalt\u00f3 \u201cQue se anuncien semejantes montos dice mucho de cu\u00e1l es la posici\u00f3n, la [&hellip;]<\/p>\n","protected":false},"author":1,"featured_media":59165,"comment_status":"closed","ping_status":"closed","sticky":false,"template":"","format":"standard","meta":[],"categories":[3],"tags":[],"_links":{"self":[{"href":"https:\/\/www.diarionoti7.com.mx\/index.php?rest_route=\/wp\/v2\/posts\/59163"}],"collection":[{"href":"https:\/\/www.diarionoti7.com.mx\/index.php?rest_route=\/wp\/v2\/posts"}],"about":[{"href":"https:\/\/www.diarionoti7.com.mx\/index.php?rest_route=\/wp\/v2\/types\/post"}],"author":[{"embeddable":true,"href":"https:\/\/www.diarionoti7.com.mx\/index.php?rest_route=\/wp\/v2\/users\/1"}],"replies":[{"embeddable":true,"href":"https:\/\/www.diarionoti7.com.mx\/index.php?rest_route=%2Fwp%2Fv2%2Fcomments&post=59163"}],"version-history":[{"count":4,"href":"https:\/\/www.diarionoti7.com.mx\/index.php?rest_route=\/wp\/v2\/posts\/59163\/revisions"}],"predecessor-version":[{"id":59168,"href":"https:\/\/www.diarionoti7.com.mx\/index.php?rest_route=\/wp\/v2\/posts\/59163\/revisions\/59168"}],"wp:featuredmedia":[{"embeddable":true,"href":"https:\/\/www.diarionoti7.com.mx\/index.php?rest_route=\/wp\/v2\/media\/59165"}],"wp:attachment":[{"href":"https:\/\/www.diarionoti7.com.mx\/index.php?rest_route=%2Fwp%2Fv2%2Fmedia&parent=59163"}],"wp:term":[{"taxonomy":"category","embeddable":true,"href":"https:\/\/www.diarionoti7.com.mx\/index.php?rest_route=%2Fwp%2Fv2%2Fcategories&post=59163"},{"taxonomy":"post_tag","embeddable":true,"href":"https:\/\/www.diarionoti7.com.mx\/index.php?rest_route=%2Fwp%2Fv2%2Ftags&post=59163"}],"curies":[{"name":"wp","href":"https:\/\/api.w.org\/{rel}","templated":true}]}}