{"id":5915,"date":"2023-04-06T17:04:04","date_gmt":"2023-04-06T17:04:04","guid":{"rendered":"https:\/\/www.diarionoti7.com.mx\/?p=5915"},"modified":"2023-04-06T17:04:42","modified_gmt":"2023-04-06T17:04:42","slug":"se-accidento-el-edil-de-santiago-de-anaya-con-su-equipo-de-trabajo","status":"publish","type":"post","link":"https:\/\/www.diarionoti7.com.mx\/?p=5915","title":{"rendered":"Se Accident\u00f3 el Edil de Santiago de Anaya con su Equipo de Trabajo"},"content":{"rendered":"\t\t<div data-elementor-type=\"wp-post\" data-elementor-id=\"5915\" class=\"elementor elementor-5915\">\n\t\t\t\t\t\t\t\t\t<section class=\"elementor-section elementor-top-section elementor-element elementor-element-51c23a4c elementor-section-boxed elementor-section-height-default elementor-section-height-default\" data-id=\"51c23a4c\" data-element_type=\"section\">\n\t\t\t\t\t\t<div class=\"elementor-container elementor-column-gap-default\">\n\t\t\t\t\t<div class=\"elementor-column elementor-col-100 elementor-top-column elementor-element elementor-element-7d2e0b6e\" data-id=\"7d2e0b6e\" data-element_type=\"column\">\n\t\t\t<div class=\"elementor-widget-wrap elementor-element-populated\">\n\t\t\t\t\t\t\t\t<div class=\"elementor-element elementor-element-2f2290cd elementor-widget elementor-widget-text-editor\" data-id=\"2f2290cd\" data-element_type=\"widget\" data-widget_type=\"text-editor.default\">\n\t\t\t\t<div class=\"elementor-widget-container\">\n\t\t\t<style>\/*! elementor - v3.10.2 - 29-01-2023 *\/\n.elementor-widget-text-editor.elementor-drop-cap-view-stacked .elementor-drop-cap{background-color:#818a91;color:#fff}.elementor-widget-text-editor.elementor-drop-cap-view-framed .elementor-drop-cap{color:#818a91;border:3px solid;background-color:transparent}.elementor-widget-text-editor:not(.elementor-drop-cap-view-default) .elementor-drop-cap{margin-top:8px}.elementor-widget-text-editor:not(.elementor-drop-cap-view-default) .elementor-drop-cap-letter{width:1em;height:1em}.elementor-widget-text-editor .elementor-drop-cap{float:left;text-align:center;line-height:1;font-size:50px}.elementor-widget-text-editor .elementor-drop-cap-letter{display:inline-block}<\/style>\t\t\t\t<p><strong>Pachuca, Hgo. 5 de abril 2023.- <\/strong>El presidente municipal de Santiago Tulantepec, Dante C\u00e1rdenas Flores, se accident\u00f3 a la altura de la comunidad de Francisco Villa, en el municipio de San Salvador junto a su equipo de trabajo,.<\/p><p>La camioneta \u00a0y sus ocupantes fueron rescatados por Protecci\u00f3n Civil y el mando Coordinado del gobierno municipal, inform\u00f3 el alcalde Armando Azpeitia D\u00edaz.<\/p><p>Los ocupantes del vehiculo al momento fueron internados en el hospital de Actopan, mientras que el edil de Santiago Tulantepec, fue trasladado al Hospital General de Pachuca, y posteriormente al Hospital General de Tulancingo, donde se reporta est\u00e1 estable.<\/p><p>El lugar del accidente fue acordonado por elementos de Protecci\u00f3n Civil y la camioneta color blanco fue remolcada por un gr\u00faa.<\/p><p>\u00a0<\/p>\t\t\t\t\t\t<\/div>\n\t\t\t\t<\/div>\n\t\t\t\t\t<\/div>\n\t\t<\/div>\n\t\t\t\t\t\t\t<\/div>\n\t\t<\/section>\n\t\t\t\t\t\t\t<\/div>\n\t\t","protected":false},"excerpt":{"rendered":"<p>Pachuca, Hgo. 5 de abril 2023.- El presidente municipal de Santiago Tulantepec, Dante C\u00e1rdenas Flores, se accident\u00f3 a la altura de la comunidad de Francisco Villa, en el municipio de San Salvador junto a su equipo de trabajo,. La camioneta \u00a0y sus ocupantes fueron rescatados por Protecci\u00f3n Civil y el mando Coordinado del gobierno municipal, [&hellip;]<\/p>\n","protected":false},"author":1,"featured_media":5917,"comment_status":"closed","ping_status":"closed","sticky":false,"template":"","format":"standard","meta":[],"categories":[9],"tags":[],"_links":{"self":[{"href":"https:\/\/www.diarionoti7.com.mx\/index.php?rest_route=\/wp\/v2\/posts\/5915"}],"collection":[{"href":"https:\/\/www.diarionoti7.com.mx\/index.php?rest_route=\/wp\/v2\/posts"}],"about":[{"href":"https:\/\/www.diarionoti7.com.mx\/index.php?rest_route=\/wp\/v2\/types\/post"}],"author":[{"embeddable":true,"href":"https:\/\/www.diarionoti7.com.mx\/index.php?rest_route=\/wp\/v2\/users\/1"}],"replies":[{"embeddable":true,"href":"https:\/\/www.diarionoti7.com.mx\/index.php?rest_route=%2Fwp%2Fv2%2Fcomments&post=5915"}],"version-history":[{"count":4,"href":"https:\/\/www.diarionoti7.com.mx\/index.php?rest_route=\/wp\/v2\/posts\/5915\/revisions"}],"predecessor-version":[{"id":5920,"href":"https:\/\/www.diarionoti7.com.mx\/index.php?rest_route=\/wp\/v2\/posts\/5915\/revisions\/5920"}],"wp:featuredmedia":[{"embeddable":true,"href":"https:\/\/www.diarionoti7.com.mx\/index.php?rest_route=\/wp\/v2\/media\/5917"}],"wp:attachment":[{"href":"https:\/\/www.diarionoti7.com.mx\/index.php?rest_route=%2Fwp%2Fv2%2Fmedia&parent=5915"}],"wp:term":[{"taxonomy":"category","embeddable":true,"href":"https:\/\/www.diarionoti7.com.mx\/index.php?rest_route=%2Fwp%2Fv2%2Fcategories&post=5915"},{"taxonomy":"post_tag","embeddable":true,"href":"https:\/\/www.diarionoti7.com.mx\/index.php?rest_route=%2Fwp%2Fv2%2Ftags&post=5915"}],"curies":[{"name":"wp","href":"https:\/\/api.w.org\/{rel}","templated":true}]}}