{"id":5909,"date":"2023-04-06T17:03:02","date_gmt":"2023-04-06T17:03:02","guid":{"rendered":"https:\/\/www.diarionoti7.com.mx\/?p=5909"},"modified":"2023-04-06T17:03:53","modified_gmt":"2023-04-06T17:03:53","slug":"dictan-prision-preventiva-a-ex-subsecretario-de-la-seph-debe-dar-cuenta-de-140-millones-de-pesos-del-erario-publico","status":"publish","type":"post","link":"https:\/\/www.diarionoti7.com.mx\/?p=5909","title":{"rendered":"Dictan Prisi\u00f3n Preventiva a Ex Subsecretario de la SEPH, Debe dar Cuenta de 140 Millones de Pesos del Erario P\u00fcblico"},"content":{"rendered":"\t\t<div data-elementor-type=\"wp-post\" data-elementor-id=\"5909\" class=\"elementor elementor-5909\">\n\t\t\t\t\t\t\t\t\t<section class=\"elementor-section elementor-top-section elementor-element elementor-element-51c23a4c elementor-section-boxed elementor-section-height-default elementor-section-height-default\" data-id=\"51c23a4c\" data-element_type=\"section\">\n\t\t\t\t\t\t<div class=\"elementor-container elementor-column-gap-default\">\n\t\t\t\t\t<div class=\"elementor-column elementor-col-100 elementor-top-column elementor-element elementor-element-7d2e0b6e\" data-id=\"7d2e0b6e\" data-element_type=\"column\">\n\t\t\t<div class=\"elementor-widget-wrap elementor-element-populated\">\n\t\t\t\t\t\t\t\t<div class=\"elementor-element elementor-element-2f2290cd elementor-widget elementor-widget-text-editor\" data-id=\"2f2290cd\" data-element_type=\"widget\" data-widget_type=\"text-editor.default\">\n\t\t\t\t<div class=\"elementor-widget-container\">\n\t\t\t<style>\/*! elementor - v3.10.2 - 29-01-2023 *\/\n.elementor-widget-text-editor.elementor-drop-cap-view-stacked .elementor-drop-cap{background-color:#818a91;color:#fff}.elementor-widget-text-editor.elementor-drop-cap-view-framed .elementor-drop-cap{color:#818a91;border:3px solid;background-color:transparent}.elementor-widget-text-editor:not(.elementor-drop-cap-view-default) .elementor-drop-cap{margin-top:8px}.elementor-widget-text-editor:not(.elementor-drop-cap-view-default) .elementor-drop-cap-letter{width:1em;height:1em}.elementor-widget-text-editor .elementor-drop-cap{float:left;text-align:center;line-height:1;font-size:50px}.elementor-widget-text-editor .elementor-drop-cap-letter{display:inline-block}<\/style>\t\t\t\t<p><strong>Pachuca, Hgo. 5 de abril 2023.- <\/strong>Un juez de control dict\u00f3 prisi\u00f3n preventiva al ex subsecretario de Finanzas y Administraci\u00f3n de la\u00a0<a href=\"https:\/\/twitter.com\/SEPHidalgo\">Secretar\u00eda de Educaci\u00f3n P\u00fablica de Hidalgo<\/a>\u00a0(SEPH), P. M. C. acusado por el delito de peculado por la cantidad de 140 millones de pesos.<\/p><p>Esto luego de que la madrugada de este mi\u00e9rcoles fue detenido en la ciudad de Pachuca por elementos de la Polic\u00eda de Investigaci\u00f3n. Durante su audiencia inicial se acogi\u00f3 a la duplicidad de t\u00e9rmino constitucional de 144 horas, y se fij\u00f3 una nueva audiencia para el 10 de abril a las 12:00 horas.<\/p><p>La captura\u00a0 se realiz\u00f3 a las 4:10 a.m. en su domicilio ubicado en privada Real del Monte en zona Plateada, seg\u00fan el registro nacional de detenciones del gobierno de M\u00e9xico.<\/p><p>Horas m\u00e1s tarde el jefe del despacho de la Procuradur\u00eda General de Justicia de Hidalgo (PGJEH), Santiago Nieto Castillo, confirm\u00f3 la detenci\u00f3n de P.M.C. por hechos que la ley sanciona como peculado por 140 millones de pesos.<\/p><p>El encargado de la PGJEH inform\u00f3 en su cuenta de Twitter que personal ministerial ejecut\u00f3 en Pachuca de Soto un cateo en el que se logr\u00f3 la aprehensi\u00f3n del ex funcionario del gobierno de Omar Fayad Meneses.<\/p><p>\u201cCon esta detenci\u00f3n pasamos a un segundo nivel de funcionarios involucrados con la Estafa Maestra. De los presidentes municipales a los servidores p\u00fablicos estatales\u201d, se\u00f1al\u00f3 Nieto Castillo en su misma red social.<\/p><p>Posteriormente la Procuradur\u00eda General de Justicia del Estado de Hidalgo dio a conocer que el Ministerio P\u00fablico solicit\u00f3 a la autoridad judicial fecha y hora de la audiencia inicial la cual se program\u00f3 a las 11 horas y despu\u00e9s de un receso se reanud\u00f3 a las 13:00 horas para la imputaci\u00f3n al ex subsecretario de Finanzas y Administraci\u00f3n de la SEPH.<\/p><p>El ex funcionario es acusado de desviar tal monto bajo el argumento de contratar a una empresa -la cual ten\u00eda dos domicilios falsos- para la recuperaci\u00f3n de informaci\u00f3n tras un supuesto hackeo que sufri\u00f3 la SEPH, pero de lo cual no hay elementos que acrediten tal servicio, seg\u00fan la PGJEH.<\/p><p>Fue en octubre de 2022, cuando el Secretario de Educaci\u00f3n P\u00fablica en Hidalgo, Natividad Castrej\u00f3n Valdez, dio a conocer que en la pasada administraci\u00f3n estatal, se pagaron 144 millones de pesos a una empresa que curiosamente fue constituida previamente al ataque cibern\u00e9tico que supuestamente ocurri\u00f3 con datos de la SEPH.<\/p><p>\u00a0<\/p>\t\t\t\t\t\t<\/div>\n\t\t\t\t<\/div>\n\t\t\t\t\t<\/div>\n\t\t<\/div>\n\t\t\t\t\t\t\t<\/div>\n\t\t<\/section>\n\t\t\t\t\t\t\t<\/div>\n\t\t","protected":false},"excerpt":{"rendered":"<p>Pachuca, Hgo. 5 de abril 2023.- Un juez de control dict\u00f3 prisi\u00f3n preventiva al ex subsecretario de Finanzas y Administraci\u00f3n de la\u00a0Secretar\u00eda de Educaci\u00f3n P\u00fablica de Hidalgo\u00a0(SEPH), P. M. C. acusado por el delito de peculado por la cantidad de 140 millones de pesos. Esto luego de que la madrugada de este mi\u00e9rcoles fue detenido [&hellip;]<\/p>\n","protected":false},"author":1,"featured_media":5911,"comment_status":"closed","ping_status":"closed","sticky":false,"template":"","format":"standard","meta":[],"categories":[22],"tags":[],"_links":{"self":[{"href":"https:\/\/www.diarionoti7.com.mx\/index.php?rest_route=\/wp\/v2\/posts\/5909"}],"collection":[{"href":"https:\/\/www.diarionoti7.com.mx\/index.php?rest_route=\/wp\/v2\/posts"}],"about":[{"href":"https:\/\/www.diarionoti7.com.mx\/index.php?rest_route=\/wp\/v2\/types\/post"}],"author":[{"embeddable":true,"href":"https:\/\/www.diarionoti7.com.mx\/index.php?rest_route=\/wp\/v2\/users\/1"}],"replies":[{"embeddable":true,"href":"https:\/\/www.diarionoti7.com.mx\/index.php?rest_route=%2Fwp%2Fv2%2Fcomments&post=5909"}],"version-history":[{"count":4,"href":"https:\/\/www.diarionoti7.com.mx\/index.php?rest_route=\/wp\/v2\/posts\/5909\/revisions"}],"predecessor-version":[{"id":5914,"href":"https:\/\/www.diarionoti7.com.mx\/index.php?rest_route=\/wp\/v2\/posts\/5909\/revisions\/5914"}],"wp:featuredmedia":[{"embeddable":true,"href":"https:\/\/www.diarionoti7.com.mx\/index.php?rest_route=\/wp\/v2\/media\/5911"}],"wp:attachment":[{"href":"https:\/\/www.diarionoti7.com.mx\/index.php?rest_route=%2Fwp%2Fv2%2Fmedia&parent=5909"}],"wp:term":[{"taxonomy":"category","embeddable":true,"href":"https:\/\/www.diarionoti7.com.mx\/index.php?rest_route=%2Fwp%2Fv2%2Fcategories&post=5909"},{"taxonomy":"post_tag","embeddable":true,"href":"https:\/\/www.diarionoti7.com.mx\/index.php?rest_route=%2Fwp%2Fv2%2Ftags&post=5909"}],"curies":[{"name":"wp","href":"https:\/\/api.w.org\/{rel}","templated":true}]}}