{"id":5891,"date":"2023-04-05T17:49:55","date_gmt":"2023-04-05T17:49:55","guid":{"rendered":"https:\/\/www.diarionoti7.com.mx\/?p=5891"},"modified":"2023-04-05T17:50:56","modified_gmt":"2023-04-05T17:50:56","slug":"julio-menchaca-veto-la-ley-de-presupuesto-y-contabilidad","status":"publish","type":"post","link":"https:\/\/www.diarionoti7.com.mx\/?p=5891","title":{"rendered":"Julio Menchaca Veto  la Ley de Presupuesto y Contabilidad"},"content":{"rendered":"\t\t<div data-elementor-type=\"wp-post\" data-elementor-id=\"5891\" class=\"elementor elementor-5891\">\n\t\t\t\t\t\t\t\t\t<section class=\"elementor-section elementor-top-section elementor-element elementor-element-51c23a4c elementor-section-boxed elementor-section-height-default elementor-section-height-default\" data-id=\"51c23a4c\" data-element_type=\"section\">\n\t\t\t\t\t\t<div class=\"elementor-container elementor-column-gap-default\">\n\t\t\t\t\t<div class=\"elementor-column elementor-col-100 elementor-top-column elementor-element elementor-element-7d2e0b6e\" data-id=\"7d2e0b6e\" data-element_type=\"column\">\n\t\t\t<div class=\"elementor-widget-wrap elementor-element-populated\">\n\t\t\t\t\t\t\t\t<div class=\"elementor-element elementor-element-2f2290cd elementor-widget elementor-widget-text-editor\" data-id=\"2f2290cd\" data-element_type=\"widget\" data-widget_type=\"text-editor.default\">\n\t\t\t\t<div class=\"elementor-widget-container\">\n\t\t\t<style>\/*! elementor - v3.10.2 - 29-01-2023 *\/\n.elementor-widget-text-editor.elementor-drop-cap-view-stacked .elementor-drop-cap{background-color:#818a91;color:#fff}.elementor-widget-text-editor.elementor-drop-cap-view-framed .elementor-drop-cap{color:#818a91;border:3px solid;background-color:transparent}.elementor-widget-text-editor:not(.elementor-drop-cap-view-default) .elementor-drop-cap{margin-top:8px}.elementor-widget-text-editor:not(.elementor-drop-cap-view-default) .elementor-drop-cap-letter{width:1em;height:1em}.elementor-widget-text-editor .elementor-drop-cap{float:left;text-align:center;line-height:1;font-size:50px}.elementor-widget-text-editor .elementor-drop-cap-letter{display:inline-block}<\/style>\t\t\t\t<p><strong>*<\/strong> <strong>No puede haber algo que obstaculice o amarre el gasto por una disposici\u00f3n legal y est\u00e1 dentro de las facultades constitucionales que permiten al Ejecutivo hacer ese veto\u201d<\/strong><\/p><p><strong>Pachuca, Hgo. 4 de abril 202.- <\/strong>Luego vetar una adici\u00f3n a la Ley de Presupuesto y Contabilidad, Julio Menchaca Salazar, titular del Poder Ejecutivo de Hidalgo,\u00a0explic\u00f3 que su decisi\u00f3n no fue por mezquindad, al contrario, se deben contemplar diversos factores para disponer de los recursos para atender a la poblaci\u00f3n.<\/p><p>Tras firmar un convenio con la Secretar\u00eda de la Funci\u00f3n P\u00fablica, el ejecutivo indic\u00f3 que el veto obedeci\u00f3 a tres factores muy claros y entendibles; el primero porque est\u00e1n sujetos a una variaci\u00f3n del presupuesto, es decir, cuando se disminuyen las partidas tienen que reducirse todos los presupuestos para que alcance el presupuesto.<\/p><p>Como segunda raz\u00f3n, refiri\u00f3 que la adici\u00f3n se contrapone a la Ley de Presupuesto y Contabilidad Gubernamental, la cual establece la disposici\u00f3n del Ejecutivo para hacer las transferencias adecuadas.<\/p><p>La otra, dijo, se debe considerar una situaci\u00f3n emergente, como la pandemia o la inundaci\u00f3n de Tula, en donde se tiene que hacer un reajuste del presupuesto y reorientar el gasto para atender dichas emergencias.<\/p><p>\u201cNo es ninguna situaci\u00f3n de mezquindad. Estoy convencido y por eso, en el presupuesto de este a\u00f1o, se aumentaron las partidas sensibles para la poblaci\u00f3n y estamos haciendo que sean progresivas; pero no puede haber algo que obstaculice o amarre el gasto por una disposici\u00f3n legal y est\u00e1 dentro de las facultades constitucionales que permiten al Ejecutivo hacer ese veto\u201d, reiter\u00f3.<\/p><p>Agreg\u00f3 que, el veto a la reforma aprobada por el Congreso de Hidalgo, no es una falta de respeto a dicho Poder; sin embargo, reconoci\u00f3 que hubo una falta de comunicaci\u00f3n, pues el Legislativo no solicit\u00f3 la apreciaci\u00f3n t\u00e9cnica de la Secretar\u00eda de Finanzas estatal.<\/p><p>\u201cSoy respetuoso, ellos est\u00e1n ejerciendo su trabajo y yo el m\u00edo. Estar\u00e1 a consideraci\u00f3n del Congreso ese veto y seguramente lo revisar\u00e1n y coincidir\u00e1n con nosotros, no es ninguna otra cosa m\u00e1s que el poder distinguir lo que hab\u00edamos platicado, la disposici\u00f3n de recursos para una emergencia, posibilidad de la reducci\u00f3n del gasto p\u00fablico, como a veces sucede y no pod\u00eda ser inamovible esto; y la contraposici\u00f3n que existe con otras disposiciones legales\u201d<\/p>\t\t\t\t\t\t<\/div>\n\t\t\t\t<\/div>\n\t\t\t\t\t<\/div>\n\t\t<\/div>\n\t\t\t\t\t\t\t<\/div>\n\t\t<\/section>\n\t\t\t\t\t\t\t<\/div>\n\t\t","protected":false},"excerpt":{"rendered":"<p>* No puede haber algo que obstaculice o amarre el gasto por una disposici\u00f3n legal y est\u00e1 dentro de las facultades constitucionales que permiten al Ejecutivo hacer ese veto\u201d Pachuca, Hgo. 4 de abril 202.- Luego vetar una adici\u00f3n a la Ley de Presupuesto y Contabilidad, Julio Menchaca Salazar, titular del Poder Ejecutivo de Hidalgo,\u00a0explic\u00f3 [&hellip;]<\/p>\n","protected":false},"author":1,"featured_media":5893,"comment_status":"closed","ping_status":"closed","sticky":false,"template":"","format":"standard","meta":[],"categories":[7],"tags":[],"_links":{"self":[{"href":"https:\/\/www.diarionoti7.com.mx\/index.php?rest_route=\/wp\/v2\/posts\/5891"}],"collection":[{"href":"https:\/\/www.diarionoti7.com.mx\/index.php?rest_route=\/wp\/v2\/posts"}],"about":[{"href":"https:\/\/www.diarionoti7.com.mx\/index.php?rest_route=\/wp\/v2\/types\/post"}],"author":[{"embeddable":true,"href":"https:\/\/www.diarionoti7.com.mx\/index.php?rest_route=\/wp\/v2\/users\/1"}],"replies":[{"embeddable":true,"href":"https:\/\/www.diarionoti7.com.mx\/index.php?rest_route=%2Fwp%2Fv2%2Fcomments&post=5891"}],"version-history":[{"count":4,"href":"https:\/\/www.diarionoti7.com.mx\/index.php?rest_route=\/wp\/v2\/posts\/5891\/revisions"}],"predecessor-version":[{"id":5896,"href":"https:\/\/www.diarionoti7.com.mx\/index.php?rest_route=\/wp\/v2\/posts\/5891\/revisions\/5896"}],"wp:featuredmedia":[{"embeddable":true,"href":"https:\/\/www.diarionoti7.com.mx\/index.php?rest_route=\/wp\/v2\/media\/5893"}],"wp:attachment":[{"href":"https:\/\/www.diarionoti7.com.mx\/index.php?rest_route=%2Fwp%2Fv2%2Fmedia&parent=5891"}],"wp:term":[{"taxonomy":"category","embeddable":true,"href":"https:\/\/www.diarionoti7.com.mx\/index.php?rest_route=%2Fwp%2Fv2%2Fcategories&post=5891"},{"taxonomy":"post_tag","embeddable":true,"href":"https:\/\/www.diarionoti7.com.mx\/index.php?rest_route=%2Fwp%2Fv2%2Ftags&post=5891"}],"curies":[{"name":"wp","href":"https:\/\/api.w.org\/{rel}","templated":true}]}}