{"id":58710,"date":"2024-10-12T09:22:07","date_gmt":"2024-10-12T09:22:07","guid":{"rendered":"https:\/\/www.diarionoti7.com.mx\/?p=58710"},"modified":"2024-10-12T16:22:48","modified_gmt":"2024-10-12T16:22:48","slug":"uthh-imparte-jornadas-vocacionales-en-instituciones-de-educacion-media-superior-de-la-region","status":"publish","type":"post","link":"https:\/\/www.diarionoti7.com.mx\/?p=58710","title":{"rendered":"UTHH Imparte Jornadas Vocacionales en Instituciones de Educaci\u00f3n Media Superior de la Regi\u00f3n"},"content":{"rendered":"\t\t<div data-elementor-type=\"wp-post\" data-elementor-id=\"58710\" class=\"elementor elementor-58710\">\n\t\t\t\t\t\t\t\t\t<section class=\"elementor-section elementor-top-section elementor-element elementor-element-c09b8f0 elementor-section-boxed elementor-section-height-default elementor-section-height-default\" data-id=\"c09b8f0\" data-element_type=\"section\">\n\t\t\t\t\t\t<div class=\"elementor-container elementor-column-gap-default\">\n\t\t\t\t\t<div class=\"elementor-column elementor-col-100 elementor-top-column elementor-element elementor-element-955a561\" data-id=\"955a561\" data-element_type=\"column\">\n\t\t\t<div class=\"elementor-widget-wrap elementor-element-populated\">\n\t\t\t\t\t\t\t\t<div class=\"elementor-element elementor-element-0ce869c elementor-widget elementor-widget-text-editor\" data-id=\"0ce869c\" data-element_type=\"widget\" data-widget_type=\"text-editor.default\">\n\t\t\t\t<div class=\"elementor-widget-container\">\n\t\t\t<style>\/*! elementor - v3.10.2 - 29-01-2023 *\/\n.elementor-widget-text-editor.elementor-drop-cap-view-stacked .elementor-drop-cap{background-color:#818a91;color:#fff}.elementor-widget-text-editor.elementor-drop-cap-view-framed .elementor-drop-cap{color:#818a91;border:3px solid;background-color:transparent}.elementor-widget-text-editor:not(.elementor-drop-cap-view-default) .elementor-drop-cap{margin-top:8px}.elementor-widget-text-editor:not(.elementor-drop-cap-view-default) .elementor-drop-cap-letter{width:1em;height:1em}.elementor-widget-text-editor .elementor-drop-cap{float:left;text-align:center;line-height:1;font-size:50px}.elementor-widget-text-editor .elementor-drop-cap-letter{display:inline-block}<\/style>\t\t\t\t<p><strong>Pachuca, Hgo., 11 de octubre de 2024.-<\/strong>Con el objetivo de acercar la oferta educativa a las y los estudiantes, as\u00ed como ofrecer una orientaci\u00f3n en la toma de decisiones para su futuro profesional, la Universidad Tecnol\u00f3gica de la Huasteca Hidalguense (UTHH) lleva a cabo Jornadas Vocacionales en diversas instituciones de educaci\u00f3n media superior de la regi\u00f3n.<\/p><p>Esta estrategia se ha implementado en siete planteles de bachillerato, dando atenci\u00f3n a 851 estudiantes.<\/p><p>Durante estas actividades, los interesados tienen la oportunidad de conocer en detalle la amplia gama de programas acad\u00e9micos que ofrece la UTHH, ya que se hace la invitaci\u00f3n a que elijan alguna de las 10 carreras profesionales que ofrece esta casa de estudios.<\/p><p>De igual forma, el personal de la UTHH expone los objetivos de la instituci\u00f3n, la cual centra sus esfuerzos en la formaci\u00f3n de profesionales altamente capacitados que puedan insertarse exitosamente en el mercado laboral, tanto a nivel local como nacional e internacional.<\/p><p>Asimismo, les informan sobre las \u00e1reas de trabajo en las que podr\u00edan desempe\u00f1arse al finalizar su formaci\u00f3n profesional, destacando la importancia de que su elecci\u00f3n de carrera est\u00e9 en sinton\u00eda con las demandas actuales del sector productivo y las tendencias del mercado.<\/p><p>Otro aspecto relevante que se presenta es la infraestructura de la UTHH, dise\u00f1ada para proporcionar un ambiente de aprendizaje adecuado, con laboratorios, talleres especializados y \u00e1reas de investigaci\u00f3n. Todo esto refuerza la capacidad de la universidad para brindar una formaci\u00f3n de excelencia y actualizada.<\/p><p>Estas Jornadas Vocacionales concluyen en el mes de noviembre y son una oportunidad clave para que las y los j\u00f3venes estudiantes tomen decisiones informadas sobre su futuro, basadas en una comprensi\u00f3n clara de las opciones educativas disponibles y el impacto de una elecci\u00f3n vocacional adecuada.<\/p>\t\t\t\t\t\t<\/div>\n\t\t\t\t<\/div>\n\t\t\t\t\t<\/div>\n\t\t<\/div>\n\t\t\t\t\t\t\t<\/div>\n\t\t<\/section>\n\t\t\t\t\t\t\t<\/div>\n\t\t","protected":false},"excerpt":{"rendered":"<p>Pachuca, Hgo., 11 de octubre de 2024.-Con el objetivo de acercar la oferta educativa a las y los estudiantes, as\u00ed como ofrecer una orientaci\u00f3n en la toma de decisiones para su futuro profesional, la Universidad Tecnol\u00f3gica de la Huasteca Hidalguense (UTHH) lleva a cabo Jornadas Vocacionales en diversas instituciones de educaci\u00f3n media superior de la [&hellip;]<\/p>\n","protected":false},"author":1,"featured_media":58712,"comment_status":"closed","ping_status":"closed","sticky":false,"template":"","format":"standard","meta":[],"categories":[4],"tags":[],"_links":{"self":[{"href":"https:\/\/www.diarionoti7.com.mx\/index.php?rest_route=\/wp\/v2\/posts\/58710"}],"collection":[{"href":"https:\/\/www.diarionoti7.com.mx\/index.php?rest_route=\/wp\/v2\/posts"}],"about":[{"href":"https:\/\/www.diarionoti7.com.mx\/index.php?rest_route=\/wp\/v2\/types\/post"}],"author":[{"embeddable":true,"href":"https:\/\/www.diarionoti7.com.mx\/index.php?rest_route=\/wp\/v2\/users\/1"}],"replies":[{"embeddable":true,"href":"https:\/\/www.diarionoti7.com.mx\/index.php?rest_route=%2Fwp%2Fv2%2Fcomments&post=58710"}],"version-history":[{"count":4,"href":"https:\/\/www.diarionoti7.com.mx\/index.php?rest_route=\/wp\/v2\/posts\/58710\/revisions"}],"predecessor-version":[{"id":58715,"href":"https:\/\/www.diarionoti7.com.mx\/index.php?rest_route=\/wp\/v2\/posts\/58710\/revisions\/58715"}],"wp:featuredmedia":[{"embeddable":true,"href":"https:\/\/www.diarionoti7.com.mx\/index.php?rest_route=\/wp\/v2\/media\/58712"}],"wp:attachment":[{"href":"https:\/\/www.diarionoti7.com.mx\/index.php?rest_route=%2Fwp%2Fv2%2Fmedia&parent=58710"}],"wp:term":[{"taxonomy":"category","embeddable":true,"href":"https:\/\/www.diarionoti7.com.mx\/index.php?rest_route=%2Fwp%2Fv2%2Fcategories&post=58710"},{"taxonomy":"post_tag","embeddable":true,"href":"https:\/\/www.diarionoti7.com.mx\/index.php?rest_route=%2Fwp%2Fv2%2Ftags&post=58710"}],"curies":[{"name":"wp","href":"https:\/\/api.w.org\/{rel}","templated":true}]}}