{"id":579,"date":"2023-01-17T18:08:24","date_gmt":"2023-01-17T18:08:24","guid":{"rendered":"https:\/\/www.smthemebazar.com\/newsify\/ricardo-ferreira-switches-soccer-allegiance-to-canada-copy\/"},"modified":"2023-02-08T21:42:05","modified_gmt":"2023-02-08T21:42:05","slug":"inhide-pone-manos-a-la-obra-rumbo-a-nacionales-conade-2023","status":"publish","type":"post","link":"https:\/\/www.diarionoti7.com.mx\/?p=579","title":{"rendered":"INHIDE Pone Manos a La Obra Rumbo a Nacionales Conade 2023"},"content":{"rendered":"\t\t<div data-elementor-type=\"wp-post\" data-elementor-id=\"579\" class=\"elementor elementor-579\">\n\t\t\t\t\t\t\t\t\t<section class=\"elementor-section elementor-top-section elementor-element elementor-element-69c7761e elementor-section-boxed elementor-section-height-default elementor-section-height-default\" data-id=\"69c7761e\" data-element_type=\"section\">\n\t\t\t\t\t\t<div class=\"elementor-container elementor-column-gap-default\">\n\t\t\t\t\t<div class=\"elementor-column elementor-col-100 elementor-top-column elementor-element elementor-element-38264601\" data-id=\"38264601\" data-element_type=\"column\">\n\t\t\t<div class=\"elementor-widget-wrap elementor-element-populated\">\n\t\t\t\t\t\t\t\t<div class=\"elementor-element elementor-element-2b749421 elementor-widget elementor-widget-text-editor\" data-id=\"2b749421\" data-element_type=\"widget\" data-widget_type=\"text-editor.default\">\n\t\t\t\t<div class=\"elementor-widget-container\">\n\t\t\t<style>\/*! elementor - v3.10.2 - 29-01-2023 *\/\n.elementor-widget-text-editor.elementor-drop-cap-view-stacked .elementor-drop-cap{background-color:#818a91;color:#fff}.elementor-widget-text-editor.elementor-drop-cap-view-framed .elementor-drop-cap{color:#818a91;border:3px solid;background-color:transparent}.elementor-widget-text-editor:not(.elementor-drop-cap-view-default) .elementor-drop-cap{margin-top:8px}.elementor-widget-text-editor:not(.elementor-drop-cap-view-default) .elementor-drop-cap-letter{width:1em;height:1em}.elementor-widget-text-editor .elementor-drop-cap{float:left;text-align:center;line-height:1;font-size:50px}.elementor-widget-text-editor .elementor-drop-cap-letter{display:inline-block}<\/style>\t\t\t\t<p><strong>&#8211; Hidalgo se posiciona en la regi\u00f3n cinco junto a los estados de Oaxaca, Puebla, Tlaxcala y Veracruz. &#8211; Los Nacionales CONADE se efectuar\u00e1n entre los meses de mayo, junio y julio.<\/strong><\/p>\n<p style=\"text-align: justify;\">Teniendo el objetivo de superar las 64 medallas obtenidas en 2022, el Instituto Hidalguense del Deporte (INHIDE), pone manos a la obra en las convocatorias rumbo a las etapas estatales, reuni\u00e9ndose con cada uno de los presidentes de asociaciones deportivas para definir los procesos, actividades y estrategias previas a la etapa nacional.\u00a0<\/p>\n<p style=\"text-align: justify;\">Con nuevos ajustes por parte de la Comisi\u00f3n Nacional de Cultura F\u00edsica y Deporte (CONADE), se ha hecho p\u00fablica la nueva convocatoria al evento multideportivo \u201cNacionales CONADE 2023\u201d, donde se confirma a Hidalgo dentro de la regi\u00f3n cinco junto a los estados de Oaxaca, Puebla, Tlaxcala y Veracruz.\u00a0<\/p>\n<p style=\"text-align: justify;\">Teniendo como sede principal a Tabasco, as\u00ed como las subsedes de Nayarit, Morelos, Aguascalientes y Jalisco para la justa nacional, ser\u00e1 en el mes de abril cuando se desarrollen todas las competencias como nacionales clasificatorios, regionales y macro regionales, adem\u00e1s de la inscripci\u00f3n a la etapa nacional y reuni\u00f3n t\u00e9cnica. Con fechas por confirmar, en la etapa macro regional, Hidalgo se enfrentar\u00e1 ante Campeche, Chiapas, Oaxaca, Puebla, Quintana Roo, Tabasco, Tlaxcala, Veracruz, Yucat\u00e1n, la Universidad Nacional Aut\u00f3noma de M\u00e9xico (UNAM) y el Instituto Mexicano del Seguro Social.\u00a0<\/p>\n<p style=\"text-align: justify;\">Asimismo, las disciplinas que buscar\u00e1n su boleto a la justa por ranking nacional ser\u00e1n, charrer\u00eda, tiro con arco y rodeo, mientras que por ranking nacional y estatal solo ser\u00e1 golf, los dem\u00e1s deportes desarrollar\u00e1n las etapas regionales y macro regionales para su clasificaci\u00f3n.<\/p>\t\t\t\t\t\t<\/div>\n\t\t\t\t<\/div>\n\t\t\t\t\t<\/div>\n\t\t<\/div>\n\t\t\t\t\t\t\t<\/div>\n\t\t<\/section>\n\t\t\t\t\t\t\t<\/div>\n\t\t","protected":false},"excerpt":{"rendered":"<p>&#8211; Hidalgo se posiciona en la regi\u00f3n cinco junto a los estados de Oaxaca, Puebla, Tlaxcala y Veracruz. &#8211; Los Nacionales CONADE se efectuar\u00e1n entre los meses de mayo, junio y julio. Teniendo el objetivo de superar las 64 medallas obtenidas en 2022, el Instituto Hidalguense del Deporte (INHIDE), pone manos a la obra en [&hellip;]<\/p>\n","protected":false},"author":1,"featured_media":1180,"comment_status":"closed","ping_status":"closed","sticky":false,"template":"","format":"video","meta":[],"categories":[8],"tags":[],"_links":{"self":[{"href":"https:\/\/www.diarionoti7.com.mx\/index.php?rest_route=\/wp\/v2\/posts\/579"}],"collection":[{"href":"https:\/\/www.diarionoti7.com.mx\/index.php?rest_route=\/wp\/v2\/posts"}],"about":[{"href":"https:\/\/www.diarionoti7.com.mx\/index.php?rest_route=\/wp\/v2\/types\/post"}],"author":[{"embeddable":true,"href":"https:\/\/www.diarionoti7.com.mx\/index.php?rest_route=\/wp\/v2\/users\/1"}],"replies":[{"embeddable":true,"href":"https:\/\/www.diarionoti7.com.mx\/index.php?rest_route=%2Fwp%2Fv2%2Fcomments&post=579"}],"version-history":[{"count":5,"href":"https:\/\/www.diarionoti7.com.mx\/index.php?rest_route=\/wp\/v2\/posts\/579\/revisions"}],"predecessor-version":[{"id":1183,"href":"https:\/\/www.diarionoti7.com.mx\/index.php?rest_route=\/wp\/v2\/posts\/579\/revisions\/1183"}],"wp:featuredmedia":[{"embeddable":true,"href":"https:\/\/www.diarionoti7.com.mx\/index.php?rest_route=\/wp\/v2\/media\/1180"}],"wp:attachment":[{"href":"https:\/\/www.diarionoti7.com.mx\/index.php?rest_route=%2Fwp%2Fv2%2Fmedia&parent=579"}],"wp:term":[{"taxonomy":"category","embeddable":true,"href":"https:\/\/www.diarionoti7.com.mx\/index.php?rest_route=%2Fwp%2Fv2%2Fcategories&post=579"},{"taxonomy":"post_tag","embeddable":true,"href":"https:\/\/www.diarionoti7.com.mx\/index.php?rest_route=%2Fwp%2Fv2%2Ftags&post=579"}],"curies":[{"name":"wp","href":"https:\/\/api.w.org\/{rel}","templated":true}]}}