{"id":57746,"date":"2024-10-04T08:10:09","date_gmt":"2024-10-04T08:10:09","guid":{"rendered":"https:\/\/www.diarionoti7.com.mx\/?p=57746"},"modified":"2024-10-04T19:16:32","modified_gmt":"2024-10-04T19:16:32","slug":"instalacion-de-la-junta-de-gobierno-en-pachuca","status":"publish","type":"post","link":"https:\/\/www.diarionoti7.com.mx\/?p=57746","title":{"rendered":"Instalaci\u00f3n de La Junta de Gobierno en Pachuca"},"content":{"rendered":"\t\t<div data-elementor-type=\"wp-post\" data-elementor-id=\"57746\" class=\"elementor elementor-57746\">\n\t\t\t\t\t\t\t\t\t<section class=\"elementor-section elementor-top-section elementor-element elementor-element-c09b8f0 elementor-section-boxed elementor-section-height-default elementor-section-height-default\" data-id=\"c09b8f0\" data-element_type=\"section\">\n\t\t\t\t\t\t<div class=\"elementor-container elementor-column-gap-default\">\n\t\t\t\t\t<div class=\"elementor-column elementor-col-100 elementor-top-column elementor-element elementor-element-955a561\" data-id=\"955a561\" data-element_type=\"column\">\n\t\t\t<div class=\"elementor-widget-wrap elementor-element-populated\">\n\t\t\t\t\t\t\t\t<div class=\"elementor-element elementor-element-0ce869c elementor-widget elementor-widget-text-editor\" data-id=\"0ce869c\" data-element_type=\"widget\" data-widget_type=\"text-editor.default\">\n\t\t\t\t<div class=\"elementor-widget-container\">\n\t\t\t<style>\/*! elementor - v3.10.2 - 29-01-2023 *\/\n.elementor-widget-text-editor.elementor-drop-cap-view-stacked .elementor-drop-cap{background-color:#818a91;color:#fff}.elementor-widget-text-editor.elementor-drop-cap-view-framed .elementor-drop-cap{color:#818a91;border:3px solid;background-color:transparent}.elementor-widget-text-editor:not(.elementor-drop-cap-view-default) .elementor-drop-cap{margin-top:8px}.elementor-widget-text-editor:not(.elementor-drop-cap-view-default) .elementor-drop-cap-letter{width:1em;height:1em}.elementor-widget-text-editor .elementor-drop-cap{float:left;text-align:center;line-height:1;font-size:50px}.elementor-widget-text-editor .elementor-drop-cap-letter{display:inline-block}<\/style>\t\t\t\t<p><strong>-En <\/strong><a href=\"https:\/\/www.facebook.com\/hashtag\/pachuca?__eep__=6&amp;__cft__%5b0%5d=AZXTAv6CNaqymfGa9k_2-c-ttRy95tDSUI2AamnAEvU3fO2t1mf5Aw57pmHVIpnBQkpEejdslawJzmUscKL7NBtliiddHGZ75ulm2Y3B3rRQLItNsVJeQHx787V_WH8L2ntGy0uzACyyCkres1hXLghFwKD1tkYY1KVQ-F19JRUGzVKrKvMcazkivX-ka4p7hKY&amp;__tn__=*NK-R\"><strong>Pachuca<\/strong><\/a> <a href=\"https:\/\/www.facebook.com\/hashtag\/capitaldelatransformaci%C3%B3n?__eep__=6&amp;__cft__%5b0%5d=AZXTAv6CNaqymfGa9k_2-c-ttRy95tDSUI2AamnAEvU3fO2t1mf5Aw57pmHVIpnBQkpEejdslawJzmUscKL7NBtliiddHGZ75ulm2Y3B3rRQLItNsVJeQHx787V_WH8L2ntGy0uzACyyCkres1hXLghFwKD1tkYY1KVQ-F19JRUGzVKrKvMcazkivX-ka4p7hKY&amp;__tn__=*NK-R\"><strong>Capital de La Transformaci\u00f3n<\/strong><\/a><strong> d<\/strong><strong>esarrollaremos todo el potencial de la juventud! <\/strong><\/p><p><strong>-Instalamos la Junta de Gobierno para generar acciones y proyectos que impulsen su talento y bienestar. Sabemos que, con esta visi\u00f3n, las y los j\u00f3venes podr\u00e1n vivir dignamente en la ciudad que los vio crecer<\/strong><\/p><p><strong>\u00a0 -Jorge Reyes asever\u00f3 que se trabaja en Pachuca para la creaci\u00f3n de entornos saludables<\/strong><\/p><p><strong>Pachuca, Hgo., 3 de Octubre 2024.- <\/strong>El presidente de Pachuca, Jorge Reyes instal\u00f3 la Junta de Gobierno del Instituto Municipal para la Prevenci\u00f3n de Adicciones (IMPA) y present\u00f3 ante los integrantes de la misma, a Tania Amaraini Canales Legorreta como directora de este organismo.<\/p><p>En su mensaje, el alcalde indic\u00f3 que se trabaja en el municipio para la creaci\u00f3n de entornos saludables para todos sus habitantes, por ello, es importante fortalecer las acciones de prevenci\u00f3n entre los j\u00f3venes y adolescentes principalmente, para evitar que caigan en el mundo de las adicciones.<\/p><p>Manifest\u00f3 que se tienen diversos proyectos, entre ellos, la creaci\u00f3n una red m\u00e9dica para dar mayor atenci\u00f3n de salud.<\/p><p>Jorge Reyes asever\u00f3 que en Pachuca se dar\u00e1n las condiciones necesarias de bienestar para lograr entre todos la Capital de la Transformaci\u00f3n.<\/p><p>En su oportunidad, Canales Legorreta dio a conocer un panorama de c\u00f3mo se encuentra el IMPA y dijo que se buscan optimizar las instalaciones.<\/p><p>Inform\u00f3 que se lanzar\u00e1 un programa que se llama ChatIMPA Amigo con la finalidad tener interacci\u00f3n con los pachuque\u00f1os a trav\u00e9s de las redes sociales y n\u00fameros telef\u00f3nicos para sacar consultas y recibir orientaciones.<\/p>\t\t\t\t\t\t<\/div>\n\t\t\t\t<\/div>\n\t\t\t\t\t<\/div>\n\t\t<\/div>\n\t\t\t\t\t\t\t<\/div>\n\t\t<\/section>\n\t\t\t\t\t\t\t<\/div>\n\t\t","protected":false},"excerpt":{"rendered":"<p>-En Pachuca Capital de La Transformaci\u00f3n desarrollaremos todo el potencial de la juventud! -Instalamos la Junta de Gobierno para generar acciones y proyectos que impulsen su talento y bienestar. Sabemos que, con esta visi\u00f3n, las y los j\u00f3venes podr\u00e1n vivir dignamente en la ciudad que los vio crecer \u00a0 -Jorge Reyes asever\u00f3 que se trabaja [&hellip;]<\/p>\n","protected":false},"author":1,"featured_media":57748,"comment_status":"closed","ping_status":"closed","sticky":false,"template":"","format":"standard","meta":[],"categories":[9],"tags":[],"_links":{"self":[{"href":"https:\/\/www.diarionoti7.com.mx\/index.php?rest_route=\/wp\/v2\/posts\/57746"}],"collection":[{"href":"https:\/\/www.diarionoti7.com.mx\/index.php?rest_route=\/wp\/v2\/posts"}],"about":[{"href":"https:\/\/www.diarionoti7.com.mx\/index.php?rest_route=\/wp\/v2\/types\/post"}],"author":[{"embeddable":true,"href":"https:\/\/www.diarionoti7.com.mx\/index.php?rest_route=\/wp\/v2\/users\/1"}],"replies":[{"embeddable":true,"href":"https:\/\/www.diarionoti7.com.mx\/index.php?rest_route=%2Fwp%2Fv2%2Fcomments&post=57746"}],"version-history":[{"count":4,"href":"https:\/\/www.diarionoti7.com.mx\/index.php?rest_route=\/wp\/v2\/posts\/57746\/revisions"}],"predecessor-version":[{"id":57751,"href":"https:\/\/www.diarionoti7.com.mx\/index.php?rest_route=\/wp\/v2\/posts\/57746\/revisions\/57751"}],"wp:featuredmedia":[{"embeddable":true,"href":"https:\/\/www.diarionoti7.com.mx\/index.php?rest_route=\/wp\/v2\/media\/57748"}],"wp:attachment":[{"href":"https:\/\/www.diarionoti7.com.mx\/index.php?rest_route=%2Fwp%2Fv2%2Fmedia&parent=57746"}],"wp:term":[{"taxonomy":"category","embeddable":true,"href":"https:\/\/www.diarionoti7.com.mx\/index.php?rest_route=%2Fwp%2Fv2%2Fcategories&post=57746"},{"taxonomy":"post_tag","embeddable":true,"href":"https:\/\/www.diarionoti7.com.mx\/index.php?rest_route=%2Fwp%2Fv2%2Ftags&post=57746"}],"curies":[{"name":"wp","href":"https:\/\/api.w.org\/{rel}","templated":true}]}}