{"id":57497,"date":"2024-10-01T08:43:16","date_gmt":"2024-10-01T08:43:16","guid":{"rendered":"https:\/\/www.diarionoti7.com.mx\/?p=57497"},"modified":"2024-10-01T14:44:02","modified_gmt":"2024-10-01T14:44:02","slug":"el-almirante-raymundo-pedro-morales-aguiles-es-el-nuevo-titular-de-la-semar","status":"publish","type":"post","link":"https:\/\/www.diarionoti7.com.mx\/?p=57497","title":{"rendered":"El Almirante Raymundo Pedro Morales \u00c1guiles es el Nuevo Titular de La Semar"},"content":{"rendered":"\t\t<div data-elementor-type=\"wp-post\" data-elementor-id=\"57497\" class=\"elementor elementor-57497\">\n\t\t\t\t\t\t\t\t\t<section class=\"elementor-section elementor-top-section elementor-element elementor-element-c09b8f0 elementor-section-boxed elementor-section-height-default elementor-section-height-default\" data-id=\"c09b8f0\" data-element_type=\"section\">\n\t\t\t\t\t\t<div class=\"elementor-container elementor-column-gap-default\">\n\t\t\t\t\t<div class=\"elementor-column elementor-col-100 elementor-top-column elementor-element elementor-element-955a561\" data-id=\"955a561\" data-element_type=\"column\">\n\t\t\t<div class=\"elementor-widget-wrap elementor-element-populated\">\n\t\t\t\t\t\t\t\t<div class=\"elementor-element elementor-element-0ce869c elementor-widget elementor-widget-text-editor\" data-id=\"0ce869c\" data-element_type=\"widget\" data-widget_type=\"text-editor.default\">\n\t\t\t\t<div class=\"elementor-widget-container\">\n\t\t\t<style>\/*! elementor - v3.10.2 - 29-01-2023 *\/\n.elementor-widget-text-editor.elementor-drop-cap-view-stacked .elementor-drop-cap{background-color:#818a91;color:#fff}.elementor-widget-text-editor.elementor-drop-cap-view-framed .elementor-drop-cap{color:#818a91;border:3px solid;background-color:transparent}.elementor-widget-text-editor:not(.elementor-drop-cap-view-default) .elementor-drop-cap{margin-top:8px}.elementor-widget-text-editor:not(.elementor-drop-cap-view-default) .elementor-drop-cap-letter{width:1em;height:1em}.elementor-widget-text-editor .elementor-drop-cap{float:left;text-align:center;line-height:1;font-size:50px}.elementor-widget-text-editor .elementor-drop-cap-letter{display:inline-block}<\/style>\t\t\t\t<p><strong>Ciudad de M\u00e9xico, 1 de Octubre 2024.- <\/strong>El Almirante Raymundo Pedro Morales S\u00e1nchez, es el nuevo Secretario de Marina, en sustituci\u00f3n del Almirante Jos\u00e9 Rafael Ojeda Dur\u00e1n<\/p><p>Durante la ceremonia de entrega-recepci\u00f3n de la Secretar\u00eda de Marina y del mando de armas de la Armada de M\u00e9xico, el secretario garantiz\u00f3 que corresponder\u00e1 \u201ccabalmente\u201d al nombramiento que le dio Sheinbaum y continuar\u00e1 para ayudar a consolidar \u201cesta nueva traves\u00eda para el M\u00e9xico de la esperanza, de la inclusi\u00f3n y de una transformaci\u00f3n que nuestro pueblo decidi\u00f3 emprender y que ahora continuar\u201d.<\/p><p>\u201cContinuaremos dando nuestro total apoyo a los pilares que nos sostienen, la salud de nuestro personal y la de sus familias, la educaci\u00f3n mercante y naval, la industria naval, los buques, la infanter\u00eda de marina y la aeron\u00e1utica naval, el desarrollo tecnol\u00f3gico portuario y aeroportuario, as\u00ed como el corredor interoce\u00e1nico del Istmo de Tehuantepec, todo ello con perspectiva de g\u00e9nero y con un impulso decidido para que la participaci\u00f3n cada vez m\u00e1s destacada de la mujer en el \u00e1mbito institucional\u201d,<\/p><p>Morales S\u00e1nchez Ingres\u00f3 a la Armada de M\u00e9xico como Cadete en la Heroica Escuela Naval el 1\u00b0 de agosto de 1983, egresando en 1987 con el grado de Guardiamarina; en 1989 obtuvo el t\u00edtulo de Ingeniero en Ciencias Navales, con una menci\u00f3n honor\u00edfica.<\/p><p>Su formaci\u00f3n acad\u00e9mica incluye diversos estudios en instituciones nacionales y extranjeras, entre los que destacan: las Maestr\u00edas en Seguridad Nacional y en Administraci\u00f3n Naval, as\u00ed como el Diplomado de Estado Mayor y las especialidades de Mando Naval y de Comunicaciones Navales, en el Centro de Estudios Superiores Navales.<\/p>\t\t\t\t\t\t<\/div>\n\t\t\t\t<\/div>\n\t\t\t\t\t<\/div>\n\t\t<\/div>\n\t\t\t\t\t\t\t<\/div>\n\t\t<\/section>\n\t\t\t\t\t\t\t<\/div>\n\t\t","protected":false},"excerpt":{"rendered":"<p>Ciudad de M\u00e9xico, 1 de Octubre 2024.- El Almirante Raymundo Pedro Morales S\u00e1nchez, es el nuevo Secretario de Marina, en sustituci\u00f3n del Almirante Jos\u00e9 Rafael Ojeda Dur\u00e1n Durante la ceremonia de entrega-recepci\u00f3n de la Secretar\u00eda de Marina y del mando de armas de la Armada de M\u00e9xico, el secretario garantiz\u00f3 que corresponder\u00e1 \u201ccabalmente\u201d al nombramiento [&hellip;]<\/p>\n","protected":false},"author":1,"featured_media":57499,"comment_status":"closed","ping_status":"closed","sticky":false,"template":"","format":"standard","meta":[],"categories":[3],"tags":[],"_links":{"self":[{"href":"https:\/\/www.diarionoti7.com.mx\/index.php?rest_route=\/wp\/v2\/posts\/57497"}],"collection":[{"href":"https:\/\/www.diarionoti7.com.mx\/index.php?rest_route=\/wp\/v2\/posts"}],"about":[{"href":"https:\/\/www.diarionoti7.com.mx\/index.php?rest_route=\/wp\/v2\/types\/post"}],"author":[{"embeddable":true,"href":"https:\/\/www.diarionoti7.com.mx\/index.php?rest_route=\/wp\/v2\/users\/1"}],"replies":[{"embeddable":true,"href":"https:\/\/www.diarionoti7.com.mx\/index.php?rest_route=%2Fwp%2Fv2%2Fcomments&post=57497"}],"version-history":[{"count":4,"href":"https:\/\/www.diarionoti7.com.mx\/index.php?rest_route=\/wp\/v2\/posts\/57497\/revisions"}],"predecessor-version":[{"id":57502,"href":"https:\/\/www.diarionoti7.com.mx\/index.php?rest_route=\/wp\/v2\/posts\/57497\/revisions\/57502"}],"wp:featuredmedia":[{"embeddable":true,"href":"https:\/\/www.diarionoti7.com.mx\/index.php?rest_route=\/wp\/v2\/media\/57499"}],"wp:attachment":[{"href":"https:\/\/www.diarionoti7.com.mx\/index.php?rest_route=%2Fwp%2Fv2%2Fmedia&parent=57497"}],"wp:term":[{"taxonomy":"category","embeddable":true,"href":"https:\/\/www.diarionoti7.com.mx\/index.php?rest_route=%2Fwp%2Fv2%2Fcategories&post=57497"},{"taxonomy":"post_tag","embeddable":true,"href":"https:\/\/www.diarionoti7.com.mx\/index.php?rest_route=%2Fwp%2Fv2%2Ftags&post=57497"}],"curies":[{"name":"wp","href":"https:\/\/api.w.org\/{rel}","templated":true}]}}