{"id":57246,"date":"2024-09-29T09:21:48","date_gmt":"2024-09-29T09:21:48","guid":{"rendered":"https:\/\/www.diarionoti7.com.mx\/?p=57246"},"modified":"2024-09-29T17:23:00","modified_gmt":"2024-09-29T17:23:00","slug":"garantizada-la-seguridad-de-asistentes-a-la-toma-de-protesta-de-claudia-sheinbaum-como-presidenta-de-mexico-ricardo-monreal","status":"publish","type":"post","link":"https:\/\/www.diarionoti7.com.mx\/?p=57246","title":{"rendered":"Garantizada la Seguridad de Asistentes a la Toma de Protesta de Claudia Sheinbaum Como Presidenta de M\u00e9xico: Ricardo Monreal"},"content":{"rendered":"\t\t<div data-elementor-type=\"wp-post\" data-elementor-id=\"57246\" class=\"elementor elementor-57246\">\n\t\t\t\t\t\t\t\t\t<section class=\"elementor-section elementor-top-section elementor-element elementor-element-c09b8f0 elementor-section-boxed elementor-section-height-default elementor-section-height-default\" data-id=\"c09b8f0\" data-element_type=\"section\">\n\t\t\t\t\t\t<div class=\"elementor-container elementor-column-gap-default\">\n\t\t\t\t\t<div class=\"elementor-column elementor-col-100 elementor-top-column elementor-element elementor-element-955a561\" data-id=\"955a561\" data-element_type=\"column\">\n\t\t\t<div class=\"elementor-widget-wrap elementor-element-populated\">\n\t\t\t\t\t\t\t\t<div class=\"elementor-element elementor-element-0ce869c elementor-widget elementor-widget-text-editor\" data-id=\"0ce869c\" data-element_type=\"widget\" data-widget_type=\"text-editor.default\">\n\t\t\t\t<div class=\"elementor-widget-container\">\n\t\t\t<style>\/*! elementor - v3.10.2 - 29-01-2023 *\/\n.elementor-widget-text-editor.elementor-drop-cap-view-stacked .elementor-drop-cap{background-color:#818a91;color:#fff}.elementor-widget-text-editor.elementor-drop-cap-view-framed .elementor-drop-cap{color:#818a91;border:3px solid;background-color:transparent}.elementor-widget-text-editor:not(.elementor-drop-cap-view-default) .elementor-drop-cap{margin-top:8px}.elementor-widget-text-editor:not(.elementor-drop-cap-view-default) .elementor-drop-cap-letter{width:1em;height:1em}.elementor-widget-text-editor .elementor-drop-cap{float:left;text-align:center;line-height:1;font-size:50px}.elementor-widget-text-editor .elementor-drop-cap-letter{display:inline-block}<\/style>\t\t\t\t<p><strong>Ciudad de M\u00e9xico, 28 de septiembre de 2024.-<\/strong> El diputado presidente de la Junta de Coordinaci\u00f3n Pol\u00edtica (Jucopo), Ricardo Monreal \u00c1vila, afirm\u00f3 en conferencia de prensa durante un recorrido para revisar los preparativos de la ceremonia que la seguridad de todas y todos los asistentes a la toma de protesta de Claudia Sheinbaum, el pr\u00f3ximo 1 de octubre, estar\u00e1 garantizada.<\/p><p>El l\u00edder camaral explic\u00f3 que se reforzar\u00e1 la seguridad de la C\u00e1mara de Diputados de manera interna y externa, para dar certeza de que este evento protocolario concurra en orden, la seguridad del Palacio Legislativo estar\u00e1 a cargo de la Secretar\u00eda de la Defensa Nacional (Sedena) y el cuerpo de seguridad de la C\u00e1mara de Diputados, quienes se mantendr\u00e1n en sigilo para mantener la discreci\u00f3n de sus operativos.<\/p><p>Con ello se garantiza \u201cla seguridad de todos los que est\u00e9n aqu\u00ed y todos los que vienen. Hay operativos especiales y son muy cuidadosos y profesionales\u201d.<\/p><p>Sobre la sesi\u00f3n de Congreso General, dijo, se prev\u00e9 iniciar a las nueve horas, con la fijaci\u00f3n de posiciones de los grupos parlamentarios, que durar\u00e1 alrededor de hora y media, en donde no estar\u00e1n el presidente de la Rep\u00fablica ni la presidenta electa, quienes arribar\u00e1n despu\u00e9s.<\/p><p>Aclar\u00f3 que el presidente de la Rep\u00fablica y la presidenta electa ser\u00e1n recibidos por comisiones de cortes\u00eda integradas por seis diputados y seis senadores.<\/p><p>Inform\u00f3 que, para la ceremonia de cambio de poderes en el Palacio Legislativo de San L\u00e1zaro, se han acreditado cerca de 400 medios de comunicaci\u00f3n nacionales e internacionales.<\/p><p>Explic\u00f3 que habr\u00e1 vallas de cadetes \u2014mujeres y hombres\u2014 para el ingreso; una escolta que rendir\u00e1 honores al presidente \u201cque todav\u00eda ingresa como presidente de la Rep\u00fablica y en funciones\u201d, y la presidenta electa saludar\u00e1, pero ella no recibir\u00e1 honores sino hasta que sale ya con la Banda Presidencial.<\/p><p>Monreal \u00c1vila dijo que se calculan cerca mil invitados especiales de la presidenta electa, entre ellos jefes de Estado de otras naciones, personal diplom\u00e1tico, personalidades tanto religiosas como de la sociedad civil; los ministros de la Suprema Corte y su gabinete ya designado, as\u00ed como gobernadores.<\/p><p>Destac\u00f3 que \u201cSer\u00e1 un acontecimiento \u00fanico sin parang\u00f3n porque despu\u00e9s de 200 a\u00f1os ser\u00e1 la primera mujer presidenta de los Estados Unidos Mexicanos\u201d.<\/p><p>Monreal \u00c1vila inform\u00f3 que, en la reuni\u00f3n de la Jucopo, se acord\u00f3 que en la sesi\u00f3n del Pleno del domingo 29 se har\u00e1 el c\u00f3mputo de los congresos locales que aprobaron las reformas constitucionales sobre Guardia Nacional y pueblos ind\u00edgenas y afromexicanos, y enviarlas al Ejecutivo, que podr\u00e1 promulgarlas.<\/p><p>Se prev\u00e9 \u2013 dijo &#8211; que en esa misma sesi\u00f3n se d\u00e9 la primera lectura de dos reformas del paquete que el presidente envi\u00f3 a la C\u00e1mara de Diputados, el pasado 5 de febrero, es para continuar con el proceso de discusi\u00f3n y en su caso aprobaci\u00f3n de las otras reformas constitucionales. Como la ferroviaria, a fin de privilegiar el transporte de pasajeros y de una serie de medidas para que el Estado mexicano pueda usar las v\u00edas f\u00e9rreas.<\/p><p>Otra reforma, ser\u00e1 la energ\u00e9tica, donde se cambia el concepto de empresas productivas del Estado por empresas p\u00fablicas, como es el caso de la Comisi\u00f3n Federal de Electricidad y otras. \u201cEs una reforma energ\u00e9tica pendiente que tenemos y con el dictamen que ya se tiene puede haber modificaciones, dependiendo con lo que la mayor\u00eda calificada considere\u201d.<\/p><p>Respecto a las leyes secundarias de la reforma judicial, inform\u00f3 que ya est\u00e1 trabaj\u00e1ndo, ya se est\u00e1n redactando y se va a determinar d\u00f3nde tiene su origen la ley reglamentaria, o leyes reglamentarias, si en el Senado o en la C\u00e1mara de Diputados, pero se est\u00e1 trabajando para que \u201cestemos en tiempo y aplicarlas debidamente en este proceso in\u00e9dito de la reforma judicial\u201d.<\/p>\t\t\t\t\t\t<\/div>\n\t\t\t\t<\/div>\n\t\t\t\t\t<\/div>\n\t\t<\/div>\n\t\t\t\t\t\t\t<\/div>\n\t\t<\/section>\n\t\t\t\t\t\t\t<\/div>\n\t\t","protected":false},"excerpt":{"rendered":"<p>Ciudad de M\u00e9xico, 28 de septiembre de 2024.- El diputado presidente de la Junta de Coordinaci\u00f3n Pol\u00edtica (Jucopo), Ricardo Monreal \u00c1vila, afirm\u00f3 en conferencia de prensa durante un recorrido para revisar los preparativos de la ceremonia que la seguridad de todas y todos los asistentes a la toma de protesta de Claudia Sheinbaum, el pr\u00f3ximo [&hellip;]<\/p>\n","protected":false},"author":1,"featured_media":55383,"comment_status":"closed","ping_status":"closed","sticky":false,"template":"","format":"standard","meta":[],"categories":[3],"tags":[],"_links":{"self":[{"href":"https:\/\/www.diarionoti7.com.mx\/index.php?rest_route=\/wp\/v2\/posts\/57246"}],"collection":[{"href":"https:\/\/www.diarionoti7.com.mx\/index.php?rest_route=\/wp\/v2\/posts"}],"about":[{"href":"https:\/\/www.diarionoti7.com.mx\/index.php?rest_route=\/wp\/v2\/types\/post"}],"author":[{"embeddable":true,"href":"https:\/\/www.diarionoti7.com.mx\/index.php?rest_route=\/wp\/v2\/users\/1"}],"replies":[{"embeddable":true,"href":"https:\/\/www.diarionoti7.com.mx\/index.php?rest_route=%2Fwp%2Fv2%2Fcomments&post=57246"}],"version-history":[{"count":4,"href":"https:\/\/www.diarionoti7.com.mx\/index.php?rest_route=\/wp\/v2\/posts\/57246\/revisions"}],"predecessor-version":[{"id":57250,"href":"https:\/\/www.diarionoti7.com.mx\/index.php?rest_route=\/wp\/v2\/posts\/57246\/revisions\/57250"}],"wp:featuredmedia":[{"embeddable":true,"href":"https:\/\/www.diarionoti7.com.mx\/index.php?rest_route=\/wp\/v2\/media\/55383"}],"wp:attachment":[{"href":"https:\/\/www.diarionoti7.com.mx\/index.php?rest_route=%2Fwp%2Fv2%2Fmedia&parent=57246"}],"wp:term":[{"taxonomy":"category","embeddable":true,"href":"https:\/\/www.diarionoti7.com.mx\/index.php?rest_route=%2Fwp%2Fv2%2Fcategories&post=57246"},{"taxonomy":"post_tag","embeddable":true,"href":"https:\/\/www.diarionoti7.com.mx\/index.php?rest_route=%2Fwp%2Fv2%2Ftags&post=57246"}],"curies":[{"name":"wp","href":"https:\/\/api.w.org\/{rel}","templated":true}]}}