{"id":57222,"date":"2024-09-29T09:17:15","date_gmt":"2024-09-29T09:17:15","guid":{"rendered":"https:\/\/www.diarionoti7.com.mx\/?p=57222"},"modified":"2024-09-29T17:18:12","modified_gmt":"2024-09-29T17:18:12","slug":"upt-signa-convenio-de-colaboracion-con-el-h-patronato-hidalgo-a-c","status":"publish","type":"post","link":"https:\/\/www.diarionoti7.com.mx\/?p=57222","title":{"rendered":"UPT Signa Convenio de Colaboraci\u00f3n Con El H. Patronato Hidalgo A.C."},"content":{"rendered":"\t\t<div data-elementor-type=\"wp-post\" data-elementor-id=\"57222\" class=\"elementor elementor-57222\">\n\t\t\t\t\t\t\t\t\t<section class=\"elementor-section elementor-top-section elementor-element elementor-element-c09b8f0 elementor-section-boxed elementor-section-height-default elementor-section-height-default\" data-id=\"c09b8f0\" data-element_type=\"section\">\n\t\t\t\t\t\t<div class=\"elementor-container elementor-column-gap-default\">\n\t\t\t\t\t<div class=\"elementor-column elementor-col-100 elementor-top-column elementor-element elementor-element-955a561\" data-id=\"955a561\" data-element_type=\"column\">\n\t\t\t<div class=\"elementor-widget-wrap elementor-element-populated\">\n\t\t\t\t\t\t\t\t<div class=\"elementor-element elementor-element-0ce869c elementor-widget elementor-widget-text-editor\" data-id=\"0ce869c\" data-element_type=\"widget\" data-widget_type=\"text-editor.default\">\n\t\t\t\t<div class=\"elementor-widget-container\">\n\t\t\t<style>\/*! elementor - v3.10.2 - 29-01-2023 *\/\n.elementor-widget-text-editor.elementor-drop-cap-view-stacked .elementor-drop-cap{background-color:#818a91;color:#fff}.elementor-widget-text-editor.elementor-drop-cap-view-framed .elementor-drop-cap{color:#818a91;border:3px solid;background-color:transparent}.elementor-widget-text-editor:not(.elementor-drop-cap-view-default) .elementor-drop-cap{margin-top:8px}.elementor-widget-text-editor:not(.elementor-drop-cap-view-default) .elementor-drop-cap-letter{width:1em;height:1em}.elementor-widget-text-editor .elementor-drop-cap{float:left;text-align:center;line-height:1;font-size:50px}.elementor-widget-text-editor .elementor-drop-cap-letter{display:inline-block}<\/style>\t\t\t\t<p><strong>Tulancingo de Bravo, Hgo., 27 de septiembre de 2024.-<\/strong>En el marco del XXII aniversario de la Universidad Polit\u00e9cnica de Tulancingo (UPT) esta casa de estudios firm\u00f3 un convenio de colaboraci\u00f3n con el H. Patronato Hidalgo A. C, para promover el intercambio de recursos, conocimiento y experiencia, as\u00ed como fomentar la inclusi\u00f3n, permanencia y continuidad del alumnado en su trayecto formativo.<\/p><p>El Presidente del Patronato del Hospital General de Tulancingo, Lorenzo Arroyo M\u00e1rquez, mencion\u00f3 que el convenio permitir\u00e1 fortalecer las relaciones institucionales por medio de la implementaci\u00f3n de acciones, proyectos y programas, adem\u00e1s de propiciar el desarrollo de servicio social, pr\u00e1cticas profesionales, educaci\u00f3n dual y bolsa de trabajo, entre otros.<\/p><p>Por su parte, el Rector de la UPT, Felipe Olimpo Dur\u00e1n Rocha, coment\u00f3 que, con esta vinculaci\u00f3n la universidad contin\u00faa impulsando la innovaci\u00f3n, la investigaci\u00f3n y el bienestar de la comunidad. Agreg\u00f3 que el acuerdo permitir\u00e1 promover la formaci\u00f3n pr\u00e1ctica y profesionalizaci\u00f3n de los estudiantes, adem\u00e1s del desarrollo de programas interdisciplinarios, en pro de la educaci\u00f3n y por supuesto de la sociedad.<\/p><p>Cabe se\u00f1alar que en torno a la firma del convenio se llev\u00f3 a cabo la conferencia \u201cDonaci\u00f3n de \u00d3rganos\u201d, a cargo de la Terapeuta Familiar, Ma. del Rosario Busquets Nosti, quien comparti\u00f3 con los asistentes la importancia de realizar esta noble acci\u00f3n, adem\u00e1s de hablar sobre mitos y realidades del tema; destacando que este acto altruista permite mejorar la calidad de vida y por supuesto la salvaci\u00f3n.<\/p><p>Busquets Nosti, naci\u00f3 en Ciudad de M\u00e9xico, estudi\u00f3 la licenciatura en Psicolog\u00eda en la Universidad An\u00e1huac y la especialidad en Terapia Breve, ha realizado diversos diplomados relacionados con la Terapia Colaborativa, Enfoques Posmodernos, Trastornos de Alimentaci\u00f3n, Tanatolog\u00eda y ha sumado innumerables horas de supervisi\u00f3n cl\u00ednica trabando en diversas \u00e1reas del campo de la educaci\u00f3n y la psicolog\u00eda cl\u00ednica. Es conductora del programa Chayo Contigo.<\/p><p>En el marco del D\u00eda Nacional de la Donaci\u00f3n y Trasplante de \u00d3rganos y Tejidos, Dur\u00e1n Rocha hizo un llamado a la comunidad universitaria a reflexionar sobre la importancia de la donaci\u00f3n de \u00f3rganos, la cual es una acci\u00f3n que otorga esperanza y mejora la calidad de vida de cientos de personas en el Estado y en todo el pa\u00eds.<\/p>\t\t\t\t\t\t<\/div>\n\t\t\t\t<\/div>\n\t\t\t\t\t<\/div>\n\t\t<\/div>\n\t\t\t\t\t\t\t<\/div>\n\t\t<\/section>\n\t\t\t\t\t\t\t<\/div>\n\t\t","protected":false},"excerpt":{"rendered":"<p>Tulancingo de Bravo, Hgo., 27 de septiembre de 2024.-En el marco del XXII aniversario de la Universidad Polit\u00e9cnica de Tulancingo (UPT) esta casa de estudios firm\u00f3 un convenio de colaboraci\u00f3n con el H. Patronato Hidalgo A. C, para promover el intercambio de recursos, conocimiento y experiencia, as\u00ed como fomentar la inclusi\u00f3n, permanencia y continuidad del [&hellip;]<\/p>\n","protected":false},"author":1,"featured_media":57224,"comment_status":"closed","ping_status":"closed","sticky":false,"template":"","format":"standard","meta":[],"categories":[4],"tags":[],"_links":{"self":[{"href":"https:\/\/www.diarionoti7.com.mx\/index.php?rest_route=\/wp\/v2\/posts\/57222"}],"collection":[{"href":"https:\/\/www.diarionoti7.com.mx\/index.php?rest_route=\/wp\/v2\/posts"}],"about":[{"href":"https:\/\/www.diarionoti7.com.mx\/index.php?rest_route=\/wp\/v2\/types\/post"}],"author":[{"embeddable":true,"href":"https:\/\/www.diarionoti7.com.mx\/index.php?rest_route=\/wp\/v2\/users\/1"}],"replies":[{"embeddable":true,"href":"https:\/\/www.diarionoti7.com.mx\/index.php?rest_route=%2Fwp%2Fv2%2Fcomments&post=57222"}],"version-history":[{"count":4,"href":"https:\/\/www.diarionoti7.com.mx\/index.php?rest_route=\/wp\/v2\/posts\/57222\/revisions"}],"predecessor-version":[{"id":57227,"href":"https:\/\/www.diarionoti7.com.mx\/index.php?rest_route=\/wp\/v2\/posts\/57222\/revisions\/57227"}],"wp:featuredmedia":[{"embeddable":true,"href":"https:\/\/www.diarionoti7.com.mx\/index.php?rest_route=\/wp\/v2\/media\/57224"}],"wp:attachment":[{"href":"https:\/\/www.diarionoti7.com.mx\/index.php?rest_route=%2Fwp%2Fv2%2Fmedia&parent=57222"}],"wp:term":[{"taxonomy":"category","embeddable":true,"href":"https:\/\/www.diarionoti7.com.mx\/index.php?rest_route=%2Fwp%2Fv2%2Fcategories&post=57222"},{"taxonomy":"post_tag","embeddable":true,"href":"https:\/\/www.diarionoti7.com.mx\/index.php?rest_route=%2Fwp%2Fv2%2Ftags&post=57222"}],"curies":[{"name":"wp","href":"https:\/\/api.w.org\/{rel}","templated":true}]}}