{"id":57112,"date":"2024-09-28T08:56:15","date_gmt":"2024-09-28T08:56:15","guid":{"rendered":"https:\/\/www.diarionoti7.com.mx\/?p=57112"},"modified":"2024-09-28T15:57:22","modified_gmt":"2024-09-28T15:57:22","slug":"zonas-metropolitanas-de-hidalgo-requieren-atencion-puntual-hilda-miranda","status":"publish","type":"post","link":"https:\/\/www.diarionoti7.com.mx\/?p=57112","title":{"rendered":"Zonas Metropolitanas de Hidalgo Requieren Atenci\u00f3n Puntual: Hilda Miranda"},"content":{"rendered":"\t\t<div data-elementor-type=\"wp-post\" data-elementor-id=\"57112\" class=\"elementor elementor-57112\">\n\t\t\t\t\t\t\t\t\t<section class=\"elementor-section elementor-top-section elementor-element elementor-element-c09b8f0 elementor-section-boxed elementor-section-height-default elementor-section-height-default\" data-id=\"c09b8f0\" data-element_type=\"section\">\n\t\t\t\t\t\t<div class=\"elementor-container elementor-column-gap-default\">\n\t\t\t\t\t<div class=\"elementor-column elementor-col-100 elementor-top-column elementor-element elementor-element-955a561\" data-id=\"955a561\" data-element_type=\"column\">\n\t\t\t<div class=\"elementor-widget-wrap elementor-element-populated\">\n\t\t\t\t\t\t\t\t<div class=\"elementor-element elementor-element-0ce869c elementor-widget elementor-widget-text-editor\" data-id=\"0ce869c\" data-element_type=\"widget\" data-widget_type=\"text-editor.default\">\n\t\t\t\t<div class=\"elementor-widget-container\">\n\t\t\t<style>\/*! elementor - v3.10.2 - 29-01-2023 *\/\n.elementor-widget-text-editor.elementor-drop-cap-view-stacked .elementor-drop-cap{background-color:#818a91;color:#fff}.elementor-widget-text-editor.elementor-drop-cap-view-framed .elementor-drop-cap{color:#818a91;border:3px solid;background-color:transparent}.elementor-widget-text-editor:not(.elementor-drop-cap-view-default) .elementor-drop-cap{margin-top:8px}.elementor-widget-text-editor:not(.elementor-drop-cap-view-default) .elementor-drop-cap-letter{width:1em;height:1em}.elementor-widget-text-editor .elementor-drop-cap{float:left;text-align:center;line-height:1;font-size:50px}.elementor-widget-text-editor .elementor-drop-cap-letter{display:inline-block}<\/style>\t\t\t\t<p><strong>*Instalan Comisi\u00f3n de Asuntos Urbanos y Metropolitanos<\/strong><\/p><p><strong>*De suma importancia dise\u00f1ar pol\u00edticas p\u00fablicas que promuevan un desarrollo urbano<\/strong><\/p><p><strong>Pachuca, Hgo., 27 de septiembre de 2024<\/strong>.- Las distintas problem\u00e1ticas que presentan las metr\u00f3polis del pa\u00eds requieren la implementaci\u00f3n de pol\u00edticas p\u00fablicas con sentido social, afirm\u00f3 la presidenta de la Comisi\u00f3n Parlamentaria de Asuntos Urbanos y Metropolitanos en el Congreso del Estado.<\/p><p>Durante la instalaci\u00f3n de la Primera Comisi\u00f3n Permanente, se\u00f1al\u00f3 que una de las principales responsabilidades es abordar los desaf\u00edos y oportunidades que tienen los municipios que conforman las Zonas Metropolitanas del estado de Hidalgo.<\/p><p>Durante la instalaci\u00f3n formal de la Comisi\u00f3n, dijo, es importante el mejorar la calidad de vida de los hidalguenses a trav\u00e9s de soluciones efectivas a mediano y largo plazo.<\/p><p>Mencion\u00f3 que al ser las ciudades un motor de desarrollo econ\u00f3mico de innovaci\u00f3n y cultura por mencionar algunos rubros, los conflictos que presentan a diario c\u00f3mo es la contaminaci\u00f3n, falta de infraestructura adecuada, entre otros, deben tener una respuesta clara ante el crecimiento de la mancha urbana.<\/p><p>\u00abLa labor de esta comisi\u00f3n es de suma importancia para dise\u00f1ar pol\u00edticas p\u00fablicas que promueven un desarrollo urbano sostenible y equitativo. Por ello habremos de trabajar a trav\u00e9s de cinco ejes clave\u00bb.<\/p><p>El primero de ellos refiere la planificaci\u00f3n urbana que servir\u00e1 en la promoci\u00f3n de planes urbanos interurbanos que integren aspectos econ\u00f3micos sociales y ambientales; el segundo est\u00e1 centrado en la movilidad y transporte p\u00fablico, en el que se impulsar\u00e1n los trabajos legislativos de manera conjunta con autoridades gubernamentales y locales a fin de mejorar la infraestructura adem\u00e1s de fomentar alternativas sostenibles que reduzcan los niveles de congesti\u00f3n vehicular.<\/p><p>El tercer punto se refiere a vivienda digna, en el que ser\u00e1 de suma importancia trabajar con pol\u00edticas p\u00fablicas sociales que garanticen el acceso a desarrollos habitacionales dignos, adem\u00e1s del combate a la desigualdad habitacional.<\/p><p>El cuarto eje, destaca la importancia de contar con los criterios normativos en materia de espacios p\u00fablicos que permitan su recuperaci\u00f3n, mejoramiento y conservaci\u00f3n, es decir, sean accesibles y seguros para todos.<\/p><p>Por \u00faltimo, se buscar\u00e1 el apoyo a la innovaci\u00f3n para implementar tecnolog\u00edas disponibles que mejoren la gesti\u00f3n urbana y la calidad de vida de los habitantes, todo ello tendr\u00e1 que realizarse a trav\u00e9s de la participaci\u00f3n ciudadana y de forma conjunta con los gobiernos estatal y municipales.<\/p><p>Al respecto, el presidente de la Junta de Gobierno Andr\u00e9s Vel\u00e1zquez V\u00e1zquez, quien acudi\u00f3 a la instalaci\u00f3n coment\u00f3 que los 29 municipios que forman parte de las Zonas Metropolitanas requieren de una atenci\u00f3n focalizada en distintos aspectos, de ah\u00ed la importancia de trabajar con los \u00f3rdenes de gobierno.<\/p><p>\u201cHidalgo cuenta con 29 municipios que forman parte de la Zona Metropolitana del Valle de M\u00e9xico, en los cuales concentran el 50 % de la poblaci\u00f3n del estado con una superficie del 25 % del territorio\u201d. Puntualiz\u00f3 que los planes de acci\u00f3n por aterrizar en Hidalgo, beneficiar\u00e1n a 23 millones de habitantes de la Zona Metropolitana del Valle de M\u00e9xico.<\/p><p>En su momento, Bertha Miranda Rodr\u00edguez, subsecretaria de Desarrollo Pol\u00edtico sostuvo que, el trabajo colaborativo debe enfocarse en planear la prevenci\u00f3n de riesgos que pudieran darse a futuro.<\/p><p>\u201cEs importante que a la par, coordinar acciones con la Agenda 2030. Recordemos no olvidar que debe prevalecer el inter\u00e9s del pueblo sobre cualquier otro inter\u00e9s, es decir, priorizar los intereses de la gente\u201d, se\u00f1al\u00f3.<\/p><p>Al acto protocolario acudieron representantes de la Senador de Morena por el Edomex, Mariela Guti\u00e9rrez Escalante, as\u00ed como la alcaldesa de Santiago Tulantepec, Mar\u00eda Yanet Fern\u00e1ndez Fern\u00e1ndez.<\/p><p>La Comisi\u00f3n de Asuntos Urbanos y Metropolitanos qued\u00f3 integrada de la siguiente manera:<\/p><ul><li>Presidenta: Hilda Miranda Miranda<\/li><li>Secretario: Avelino Tovar Iglesias<\/li><li>Secretaria: Alhely Medina Hern\u00e1ndez<\/li><li>Vocal: Jorge Arg\u00fcelles Salazar<\/li><\/ul><p>Vocal: Francisco Javier T\u00e9llez S\u00e1nchez<\/p>\t\t\t\t\t\t<\/div>\n\t\t\t\t<\/div>\n\t\t\t\t\t<\/div>\n\t\t<\/div>\n\t\t\t\t\t\t\t<\/div>\n\t\t<\/section>\n\t\t\t\t\t\t\t<\/div>\n\t\t","protected":false},"excerpt":{"rendered":"<p>*Instalan Comisi\u00f3n de Asuntos Urbanos y Metropolitanos *De suma importancia dise\u00f1ar pol\u00edticas p\u00fablicas que promuevan un desarrollo urbano Pachuca, Hgo., 27 de septiembre de 2024.- Las distintas problem\u00e1ticas que presentan las metr\u00f3polis del pa\u00eds requieren la implementaci\u00f3n de pol\u00edticas p\u00fablicas con sentido social, afirm\u00f3 la presidenta de la Comisi\u00f3n Parlamentaria de Asuntos Urbanos y Metropolitanos [&hellip;]<\/p>\n","protected":false},"author":1,"featured_media":57114,"comment_status":"closed","ping_status":"closed","sticky":false,"template":"","format":"standard","meta":[],"categories":[9],"tags":[],"_links":{"self":[{"href":"https:\/\/www.diarionoti7.com.mx\/index.php?rest_route=\/wp\/v2\/posts\/57112"}],"collection":[{"href":"https:\/\/www.diarionoti7.com.mx\/index.php?rest_route=\/wp\/v2\/posts"}],"about":[{"href":"https:\/\/www.diarionoti7.com.mx\/index.php?rest_route=\/wp\/v2\/types\/post"}],"author":[{"embeddable":true,"href":"https:\/\/www.diarionoti7.com.mx\/index.php?rest_route=\/wp\/v2\/users\/1"}],"replies":[{"embeddable":true,"href":"https:\/\/www.diarionoti7.com.mx\/index.php?rest_route=%2Fwp%2Fv2%2Fcomments&post=57112"}],"version-history":[{"count":4,"href":"https:\/\/www.diarionoti7.com.mx\/index.php?rest_route=\/wp\/v2\/posts\/57112\/revisions"}],"predecessor-version":[{"id":57117,"href":"https:\/\/www.diarionoti7.com.mx\/index.php?rest_route=\/wp\/v2\/posts\/57112\/revisions\/57117"}],"wp:featuredmedia":[{"embeddable":true,"href":"https:\/\/www.diarionoti7.com.mx\/index.php?rest_route=\/wp\/v2\/media\/57114"}],"wp:attachment":[{"href":"https:\/\/www.diarionoti7.com.mx\/index.php?rest_route=%2Fwp%2Fv2%2Fmedia&parent=57112"}],"wp:term":[{"taxonomy":"category","embeddable":true,"href":"https:\/\/www.diarionoti7.com.mx\/index.php?rest_route=%2Fwp%2Fv2%2Fcategories&post=57112"},{"taxonomy":"post_tag","embeddable":true,"href":"https:\/\/www.diarionoti7.com.mx\/index.php?rest_route=%2Fwp%2Fv2%2Ftags&post=57112"}],"curies":[{"name":"wp","href":"https:\/\/api.w.org\/{rel}","templated":true}]}}