{"id":57094,"date":"2024-09-28T08:52:03","date_gmt":"2024-09-28T08:52:03","guid":{"rendered":"https:\/\/www.diarionoti7.com.mx\/?p=57094"},"modified":"2024-09-28T15:52:54","modified_gmt":"2024-09-28T15:52:54","slug":"cae-la-barda-de-una-construccion-antigua-el-barrio-el-atoron","status":"publish","type":"post","link":"https:\/\/www.diarionoti7.com.mx\/?p=57094","title":{"rendered":"Cae La Barda de Una Construcci\u00f3n Antigua El Barrio El Ator\u00f3n"},"content":{"rendered":"\t\t<div data-elementor-type=\"wp-post\" data-elementor-id=\"57094\" class=\"elementor elementor-57094\">\n\t\t\t\t\t\t\t\t\t<section class=\"elementor-section elementor-top-section elementor-element elementor-element-c09b8f0 elementor-section-boxed elementor-section-height-default elementor-section-height-default\" data-id=\"c09b8f0\" data-element_type=\"section\">\n\t\t\t\t\t\t<div class=\"elementor-container elementor-column-gap-default\">\n\t\t\t\t\t<div class=\"elementor-column elementor-col-100 elementor-top-column elementor-element elementor-element-955a561\" data-id=\"955a561\" data-element_type=\"column\">\n\t\t\t<div class=\"elementor-widget-wrap elementor-element-populated\">\n\t\t\t\t\t\t\t\t<div class=\"elementor-element elementor-element-0ce869c elementor-widget elementor-widget-text-editor\" data-id=\"0ce869c\" data-element_type=\"widget\" data-widget_type=\"text-editor.default\">\n\t\t\t\t<div class=\"elementor-widget-container\">\n\t\t\t<style>\/*! elementor - v3.10.2 - 29-01-2023 *\/\n.elementor-widget-text-editor.elementor-drop-cap-view-stacked .elementor-drop-cap{background-color:#818a91;color:#fff}.elementor-widget-text-editor.elementor-drop-cap-view-framed .elementor-drop-cap{color:#818a91;border:3px solid;background-color:transparent}.elementor-widget-text-editor:not(.elementor-drop-cap-view-default) .elementor-drop-cap{margin-top:8px}.elementor-widget-text-editor:not(.elementor-drop-cap-view-default) .elementor-drop-cap-letter{width:1em;height:1em}.elementor-widget-text-editor .elementor-drop-cap{float:left;text-align:center;line-height:1;font-size:50px}.elementor-widget-text-editor .elementor-drop-cap-letter{display:inline-block}<\/style>\t\t\t\t<p><strong>*<\/strong><strong>Se ubica en la calle San Mart\u00edn esquina con Doria sin que resultar\u00e1n personas lesionadas.<\/strong><\/p><p><strong>Pachuca, Hgo., 27 de septiembre de 2024.-<\/strong>La barda de una construcci\u00f3n antigua en la calle San Mart\u00edn esquina con Doria en el barrio El Ator\u00f3n, colaps\u00f3 sin que resultar\u00e1n personas lesionadas.<\/p><p>A trav\u00e9s del n\u00famero de emergencias 9-1-1, vecinos reportaron que se hab\u00eda ca\u00eddo parte de esta edificaci\u00f3n. Durante este hecho, se afectaron tres postes.<\/p><p>Al lugar acudieron unidades de Bomberos municipal, Gesti\u00f3n de Riesgos y de la Polic\u00eda Preventiva, para la valoraci\u00f3n de da\u00f1os.<\/p><p>La Direcci\u00f3n de Protecci\u00f3n Civil junto con la Secretar\u00eda de Obras P\u00fablicas realizar\u00e1n la evaluaci\u00f3n de reducci\u00f3n de riesgos, mientras tanto, se acordonar\u00e1 la zona y se mantendr\u00e1 un espacio preventivo.<\/p>\t\t\t\t\t\t<\/div>\n\t\t\t\t<\/div>\n\t\t\t\t\t<\/div>\n\t\t<\/div>\n\t\t\t\t\t\t\t<\/div>\n\t\t<\/section>\n\t\t\t\t\t\t\t<\/div>\n\t\t","protected":false},"excerpt":{"rendered":"<p>*Se ubica en la calle San Mart\u00edn esquina con Doria sin que resultar\u00e1n personas lesionadas. Pachuca, Hgo., 27 de septiembre de 2024.-La barda de una construcci\u00f3n antigua en la calle San Mart\u00edn esquina con Doria en el barrio El Ator\u00f3n, colaps\u00f3 sin que resultar\u00e1n personas lesionadas. A trav\u00e9s del n\u00famero de emergencias 9-1-1, vecinos reportaron [&hellip;]<\/p>\n","protected":false},"author":1,"featured_media":57096,"comment_status":"closed","ping_status":"closed","sticky":false,"template":"","format":"standard","meta":[],"categories":[22],"tags":[],"_links":{"self":[{"href":"https:\/\/www.diarionoti7.com.mx\/index.php?rest_route=\/wp\/v2\/posts\/57094"}],"collection":[{"href":"https:\/\/www.diarionoti7.com.mx\/index.php?rest_route=\/wp\/v2\/posts"}],"about":[{"href":"https:\/\/www.diarionoti7.com.mx\/index.php?rest_route=\/wp\/v2\/types\/post"}],"author":[{"embeddable":true,"href":"https:\/\/www.diarionoti7.com.mx\/index.php?rest_route=\/wp\/v2\/users\/1"}],"replies":[{"embeddable":true,"href":"https:\/\/www.diarionoti7.com.mx\/index.php?rest_route=%2Fwp%2Fv2%2Fcomments&post=57094"}],"version-history":[{"count":4,"href":"https:\/\/www.diarionoti7.com.mx\/index.php?rest_route=\/wp\/v2\/posts\/57094\/revisions"}],"predecessor-version":[{"id":57099,"href":"https:\/\/www.diarionoti7.com.mx\/index.php?rest_route=\/wp\/v2\/posts\/57094\/revisions\/57099"}],"wp:featuredmedia":[{"embeddable":true,"href":"https:\/\/www.diarionoti7.com.mx\/index.php?rest_route=\/wp\/v2\/media\/57096"}],"wp:attachment":[{"href":"https:\/\/www.diarionoti7.com.mx\/index.php?rest_route=%2Fwp%2Fv2%2Fmedia&parent=57094"}],"wp:term":[{"taxonomy":"category","embeddable":true,"href":"https:\/\/www.diarionoti7.com.mx\/index.php?rest_route=%2Fwp%2Fv2%2Fcategories&post=57094"},{"taxonomy":"post_tag","embeddable":true,"href":"https:\/\/www.diarionoti7.com.mx\/index.php?rest_route=%2Fwp%2Fv2%2Ftags&post=57094"}],"curies":[{"name":"wp","href":"https:\/\/api.w.org\/{rel}","templated":true}]}}