{"id":57061,"date":"2024-09-27T09:41:35","date_gmt":"2024-09-27T09:41:35","guid":{"rendered":"https:\/\/www.diarionoti7.com.mx\/?p=57061"},"modified":"2024-09-27T17:48:41","modified_gmt":"2024-09-27T17:48:41","slug":"la-feria-san-francisco-pachuca-hidalgo-2024-abrio-sus-puertas-a-los-visitantes","status":"publish","type":"post","link":"https:\/\/www.diarionoti7.com.mx\/?p=57061","title":{"rendered":"La Feria San Francisco Pachuca Hidalgo 2024 abri\u00f3 sus puertas a los visitantes"},"content":{"rendered":"\t\t<div data-elementor-type=\"wp-post\" data-elementor-id=\"57061\" class=\"elementor elementor-57061\">\n\t\t\t\t\t\t\t\t\t<section class=\"elementor-section elementor-top-section elementor-element elementor-element-c09b8f0 elementor-section-boxed elementor-section-height-default elementor-section-height-default\" data-id=\"c09b8f0\" data-element_type=\"section\">\n\t\t\t\t\t\t<div class=\"elementor-container elementor-column-gap-default\">\n\t\t\t\t\t<div class=\"elementor-column elementor-col-100 elementor-top-column elementor-element elementor-element-955a561\" data-id=\"955a561\" data-element_type=\"column\">\n\t\t\t<div class=\"elementor-widget-wrap elementor-element-populated\">\n\t\t\t\t\t\t\t\t<div class=\"elementor-element elementor-element-0ce869c elementor-widget elementor-widget-text-editor\" data-id=\"0ce869c\" data-element_type=\"widget\" data-widget_type=\"text-editor.default\">\n\t\t\t\t<div class=\"elementor-widget-container\">\n\t\t\t<style>\/*! elementor - v3.10.2 - 29-01-2023 *\/\n.elementor-widget-text-editor.elementor-drop-cap-view-stacked .elementor-drop-cap{background-color:#818a91;color:#fff}.elementor-widget-text-editor.elementor-drop-cap-view-framed .elementor-drop-cap{color:#818a91;border:3px solid;background-color:transparent}.elementor-widget-text-editor:not(.elementor-drop-cap-view-default) .elementor-drop-cap{margin-top:8px}.elementor-widget-text-editor:not(.elementor-drop-cap-view-default) .elementor-drop-cap-letter{width:1em;height:1em}.elementor-widget-text-editor .elementor-drop-cap{float:left;text-align:center;line-height:1;font-size:50px}.elementor-widget-text-editor .elementor-drop-cap-letter{display:inline-block}<\/style>\t\t\t\t<p><strong>Pachuca, Hgo., 26 de septiembre de 2024.-<\/strong>La Feria San Francisco Pachuca Hidalgo edici\u00f3n 2024 abri\u00f3 sus puertas a los primeros visitantes, quienes llegaron con gran emoci\u00f3n al recinto ferial, a partir de las 13:00 horas, e ingresaron por la entrada principal tras pasar por el filtro de seguridad.<\/p><p>Jimena Gonz\u00e1lez, originaria de Pachuca, fue la primera persona en acceder a la feria, con el objetivo de ver a Gabito Ballesteros, artista que se presentar\u00e1 esta noche en el Teatro del Pueblo, en su primer d\u00eda de actividades.<\/p><p>Acompa\u00f1ada de su amigo Luis Eduardo Ba\u00f1os, Jimena expres\u00f3: \u201cGabito Ballesteros fue el m\u00e1ximo motivo de venir tan temprano a la feria, desde que supe la fecha, ya sab\u00eda que ten\u00eda que estar aqu\u00ed, pues es la segunda vez que lo ver\u00e9. No importan las horas que tenga que esperar, he estado en otras ciudades tambi\u00e9n esperando el concierto\u201d, afirm\u00f3.<\/p><p>Tanto Jimena como Luis Eduardo hicieron una invitaci\u00f3n en general para que la gente asista a la feria y disfrute de los artistas en el Teatro del Pueblo y en el Palenque.<\/p><p>Del 26 de septiembre al 20 de octubre, la Feria San Francisco Pachuca Hidalgo ofrecer\u00e1 diversas actividades a los visitantes, entre ellas el Megadomo de las Estrellas, especialmente construido para ofrecer una experiencia m\u00e1s c\u00f3moda a los hidalguenses y turistas que disfrutar\u00e1n de 25 conciertos, lucha libre, y espect\u00e1culos infantiles.<\/p><p>Mientras que el Palenque tendr\u00e1 18 fechas con artistas internacionales, y ser\u00e1 el grupo Bronco quien, este jueves iniciar\u00e1 con las presentaciones art\u00edsticas.<\/p><p>Asimismo, podr\u00e1 apreciarse la exposici\u00f3n \u201cEl Rostro del Autor\u201d, conformada por 60 fotograf\u00edas de los autores mexicanos contempor\u00e1neos m\u00e1s destacados, incluyendo hidalguenses; en tanto que el Callej\u00f3n del Agua ser\u00e1 el escenario de la muestra de gran formato denominada \u201cArte Perr\u00f3n\u201d, con la participaci\u00f3n de artistas pl\u00e1sticos locales.<\/p><p>El costo de los boletos es de 60 pesos para adultos y 40 pesos para adultos mayores e infancias, mientras que las personas con discapacidad entrar\u00e1n gratis, a trav\u00e9s del m\u00f3dulo de la Comisi\u00f3n de Derechos Humanos del Estado de Hidalgo (CDHEH).<\/p><p>Las taquillas estar\u00e1n abiertas de lunes a viernes de 12:00 a 01:00 horas, s\u00e1bados de 11:00 a 01:00 horas y domingos de 10:00 a 01:00 horas. El estacionamiento principal de la feria tiene un costo de 80 pesos y un horario de 11:00 a 03:00 horas.<\/p><p>La Operadora de Eventos del Estado de Hidalgo (OEEH) extiende una invitaci\u00f3n para asistir a la Feria de San Francisco Pachuca Hidalgo 2024, para que, en un ambiente familiar y seguro, disfruten de las tradiciones y cultura de nuestra entidad, en una celebraci\u00f3n que ya se ha consolidado como una de las mejores del pa\u00eds.<\/p>\t\t\t\t\t\t<\/div>\n\t\t\t\t<\/div>\n\t\t\t\t\t<\/div>\n\t\t<\/div>\n\t\t\t\t\t\t\t<\/div>\n\t\t<\/section>\n\t\t\t\t\t\t\t<\/div>\n\t\t","protected":false},"excerpt":{"rendered":"<p>Pachuca, Hgo., 26 de septiembre de 2024.-La Feria San Francisco Pachuca Hidalgo edici\u00f3n 2024 abri\u00f3 sus puertas a los primeros visitantes, quienes llegaron con gran emoci\u00f3n al recinto ferial, a partir de las 13:00 horas, e ingresaron por la entrada principal tras pasar por el filtro de seguridad. Jimena Gonz\u00e1lez, originaria de Pachuca, fue la [&hellip;]<\/p>\n","protected":false},"author":1,"featured_media":57064,"comment_status":"closed","ping_status":"closed","sticky":false,"template":"","format":"standard","meta":[],"categories":[9],"tags":[],"_links":{"self":[{"href":"https:\/\/www.diarionoti7.com.mx\/index.php?rest_route=\/wp\/v2\/posts\/57061"}],"collection":[{"href":"https:\/\/www.diarionoti7.com.mx\/index.php?rest_route=\/wp\/v2\/posts"}],"about":[{"href":"https:\/\/www.diarionoti7.com.mx\/index.php?rest_route=\/wp\/v2\/types\/post"}],"author":[{"embeddable":true,"href":"https:\/\/www.diarionoti7.com.mx\/index.php?rest_route=\/wp\/v2\/users\/1"}],"replies":[{"embeddable":true,"href":"https:\/\/www.diarionoti7.com.mx\/index.php?rest_route=%2Fwp%2Fv2%2Fcomments&post=57061"}],"version-history":[{"count":4,"href":"https:\/\/www.diarionoti7.com.mx\/index.php?rest_route=\/wp\/v2\/posts\/57061\/revisions"}],"predecessor-version":[{"id":57067,"href":"https:\/\/www.diarionoti7.com.mx\/index.php?rest_route=\/wp\/v2\/posts\/57061\/revisions\/57067"}],"wp:featuredmedia":[{"embeddable":true,"href":"https:\/\/www.diarionoti7.com.mx\/index.php?rest_route=\/wp\/v2\/media\/57064"}],"wp:attachment":[{"href":"https:\/\/www.diarionoti7.com.mx\/index.php?rest_route=%2Fwp%2Fv2%2Fmedia&parent=57061"}],"wp:term":[{"taxonomy":"category","embeddable":true,"href":"https:\/\/www.diarionoti7.com.mx\/index.php?rest_route=%2Fwp%2Fv2%2Fcategories&post=57061"},{"taxonomy":"post_tag","embeddable":true,"href":"https:\/\/www.diarionoti7.com.mx\/index.php?rest_route=%2Fwp%2Fv2%2Ftags&post=57061"}],"curies":[{"name":"wp","href":"https:\/\/api.w.org\/{rel}","templated":true}]}}