{"id":57049,"date":"2024-09-27T09:38:18","date_gmt":"2024-09-27T09:38:18","guid":{"rendered":"https:\/\/www.diarionoti7.com.mx\/?p=57049"},"modified":"2024-09-27T17:39:23","modified_gmt":"2024-09-27T17:39:23","slug":"guardia-nacional-es-esencial-para-asegurar-la-paz-en-el-pais-alhely-medina","status":"publish","type":"post","link":"https:\/\/www.diarionoti7.com.mx\/?p=57049","title":{"rendered":"*\u201cGuardia Nacional es esencial para asegurar la paz en el pa\u00eds\u201d: Alhely Medina*"},"content":{"rendered":"\t\t<div data-elementor-type=\"wp-post\" data-elementor-id=\"57049\" class=\"elementor elementor-57049\">\n\t\t\t\t\t\t\t\t\t<section class=\"elementor-section elementor-top-section elementor-element elementor-element-c09b8f0 elementor-section-boxed elementor-section-height-default elementor-section-height-default\" data-id=\"c09b8f0\" data-element_type=\"section\">\n\t\t\t\t\t\t<div class=\"elementor-container elementor-column-gap-default\">\n\t\t\t\t\t<div class=\"elementor-column elementor-col-100 elementor-top-column elementor-element elementor-element-955a561\" data-id=\"955a561\" data-element_type=\"column\">\n\t\t\t<div class=\"elementor-widget-wrap elementor-element-populated\">\n\t\t\t\t\t\t\t\t<div class=\"elementor-element elementor-element-0ce869c elementor-widget elementor-widget-text-editor\" data-id=\"0ce869c\" data-element_type=\"widget\" data-widget_type=\"text-editor.default\">\n\t\t\t\t<div class=\"elementor-widget-container\">\n\t\t\t<style>\/*! elementor - v3.10.2 - 29-01-2023 *\/\n.elementor-widget-text-editor.elementor-drop-cap-view-stacked .elementor-drop-cap{background-color:#818a91;color:#fff}.elementor-widget-text-editor.elementor-drop-cap-view-framed .elementor-drop-cap{color:#818a91;border:3px solid;background-color:transparent}.elementor-widget-text-editor:not(.elementor-drop-cap-view-default) .elementor-drop-cap{margin-top:8px}.elementor-widget-text-editor:not(.elementor-drop-cap-view-default) .elementor-drop-cap-letter{width:1em;height:1em}.elementor-widget-text-editor .elementor-drop-cap{float:left;text-align:center;line-height:1;font-size:50px}.elementor-widget-text-editor .elementor-drop-cap-letter{display:inline-block}<\/style>\t\t\t\t<p><strong>*La diputada por el distrito local 01 de Zimap\u00e1n indic\u00f3 que es necesario contar con un cuerpo de seguridad fortalecido para Hidalgo y M\u00e9xico <\/strong><\/p><p><strong>Ciudad de M\u00e9xico; 26 de septiembre de 2024.-<\/strong>La diputada local y presidenta de la Comisi\u00f3n de Gobernaci\u00f3n en el Congreso de Hidalgo, Alhely Medina, respald\u00f3 la reforma constitucional a la Guardia Nacional para su adscripci\u00f3n a la Secretar\u00eda de la Defensa Nacional (Sedena) con lo que dijo, se asegura el fortalecimiento de la estrategia de seguridad para el estado y el pa\u00eds.<\/p><p>La legisladora hidalguense coincidi\u00f3 en que lejos de ser un simple cambio administrativo, la reforma representa una transformaci\u00f3n estructural que puede generar impactos positivos en la seguridad p\u00fablica de M\u00e9xico luego de d\u00e9cadas de estrategias fallidas.<\/p><p>\u201cLa experiencia acumulada por el ej\u00e9rcito, junto con el fortalecimiento institucional de la Guardia Nacional, son elementos esenciales para asegurar la paz y la seguridad en el pa\u00eds\u201d, expres\u00f3.<\/p><p>Durante su participaci\u00f3n en la Comisi\u00f3n de Legislaci\u00f3n y Puntos Constitucionales de la LXVI Legislatura, Alhely Medina expres\u00f3 que la disciplina militar debe ser vista como ventaja operativa para la Guardia, tomando el ejemplo y experiencia internacional.<\/p><p>\u201cEl modelo propuesto por esta reforma no es inusual en el contexto internacional. Pa\u00edses como Francia (con su Gendarmer\u00eda), Italia (con los Carabinieri) y Espa\u00f1a (con la Guardia Civil) han demostrado el \u00e9xito de fuerzas de seguridad bajo una tutela militar. Estos modelos h\u00edbridos, que combinan la disciplina militar con funciones civiles, han sido efectivos en la implementaci\u00f3n de estrategias de seguridad p\u00fablica que requieren de una coordinaci\u00f3n eficiente y respuestas inmediatas ante la delincuencia organizada\u201d.<\/p><p>Coincidi\u00f3 que, en M\u00e9xico, las fuerzas armadas ya poseen una vasta experiencia en estas tareas, y su profesionalismo, junto con su preparaci\u00f3n en seguridad p\u00fablica, resulta crucial en la lucha contra el crimen organizado.<\/p><p>Se espera que este viernes se suba a tribuna del Congreso local el Dictamen que aprueba la Minuta con proyecto de decreto por el que se reforman y adicionan los art\u00edculos 13, 16, 21, 32, 55, 73, 76, 78, 82, 89, 123 y 129 de la Constituci\u00f3n Pol\u00edtica de los Estados Unidos Mexicanos, en materia de Guardia Nacional.<\/p>\t\t\t\t\t\t<\/div>\n\t\t\t\t<\/div>\n\t\t\t\t\t<\/div>\n\t\t<\/div>\n\t\t\t\t\t\t\t<\/div>\n\t\t<\/section>\n\t\t\t\t\t\t\t<\/div>\n\t\t","protected":false},"excerpt":{"rendered":"<p>*La diputada por el distrito local 01 de Zimap\u00e1n indic\u00f3 que es necesario contar con un cuerpo de seguridad fortalecido para Hidalgo y M\u00e9xico Ciudad de M\u00e9xico; 26 de septiembre de 2024.-La diputada local y presidenta de la Comisi\u00f3n de Gobernaci\u00f3n en el Congreso de Hidalgo, Alhely Medina, respald\u00f3 la reforma constitucional a la Guardia [&hellip;]<\/p>\n","protected":false},"author":1,"featured_media":57051,"comment_status":"closed","ping_status":"closed","sticky":false,"template":"","format":"standard","meta":[],"categories":[3],"tags":[],"_links":{"self":[{"href":"https:\/\/www.diarionoti7.com.mx\/index.php?rest_route=\/wp\/v2\/posts\/57049"}],"collection":[{"href":"https:\/\/www.diarionoti7.com.mx\/index.php?rest_route=\/wp\/v2\/posts"}],"about":[{"href":"https:\/\/www.diarionoti7.com.mx\/index.php?rest_route=\/wp\/v2\/types\/post"}],"author":[{"embeddable":true,"href":"https:\/\/www.diarionoti7.com.mx\/index.php?rest_route=\/wp\/v2\/users\/1"}],"replies":[{"embeddable":true,"href":"https:\/\/www.diarionoti7.com.mx\/index.php?rest_route=%2Fwp%2Fv2%2Fcomments&post=57049"}],"version-history":[{"count":4,"href":"https:\/\/www.diarionoti7.com.mx\/index.php?rest_route=\/wp\/v2\/posts\/57049\/revisions"}],"predecessor-version":[{"id":57054,"href":"https:\/\/www.diarionoti7.com.mx\/index.php?rest_route=\/wp\/v2\/posts\/57049\/revisions\/57054"}],"wp:featuredmedia":[{"embeddable":true,"href":"https:\/\/www.diarionoti7.com.mx\/index.php?rest_route=\/wp\/v2\/media\/57051"}],"wp:attachment":[{"href":"https:\/\/www.diarionoti7.com.mx\/index.php?rest_route=%2Fwp%2Fv2%2Fmedia&parent=57049"}],"wp:term":[{"taxonomy":"category","embeddable":true,"href":"https:\/\/www.diarionoti7.com.mx\/index.php?rest_route=%2Fwp%2Fv2%2Fcategories&post=57049"},{"taxonomy":"post_tag","embeddable":true,"href":"https:\/\/www.diarionoti7.com.mx\/index.php?rest_route=%2Fwp%2Fv2%2Ftags&post=57049"}],"curies":[{"name":"wp","href":"https:\/\/api.w.org\/{rel}","templated":true}]}}