{"id":56982,"date":"2024-09-27T09:15:43","date_gmt":"2024-09-27T09:15:43","guid":{"rendered":"https:\/\/www.diarionoti7.com.mx\/?p=56982"},"modified":"2024-09-27T17:16:21","modified_gmt":"2024-09-27T17:16:21","slug":"feria-anual-canada-aviacion-2024","status":"publish","type":"post","link":"https:\/\/www.diarionoti7.com.mx\/?p=56982","title":{"rendered":"Feria Anual Ca\u00f1ada Aviaci\u00f3n 2024"},"content":{"rendered":"\t\t<div data-elementor-type=\"wp-post\" data-elementor-id=\"56982\" class=\"elementor elementor-56982\">\n\t\t\t\t\t\t\t\t\t<section class=\"elementor-section elementor-top-section elementor-element elementor-element-c09b8f0 elementor-section-boxed elementor-section-height-default elementor-section-height-default\" data-id=\"c09b8f0\" data-element_type=\"section\">\n\t\t\t\t\t\t<div class=\"elementor-container elementor-column-gap-default\">\n\t\t\t\t\t<div class=\"elementor-column elementor-col-100 elementor-top-column elementor-element elementor-element-955a561\" data-id=\"955a561\" data-element_type=\"column\">\n\t\t\t<div class=\"elementor-widget-wrap elementor-element-populated\">\n\t\t\t\t\t\t\t\t<div class=\"elementor-element elementor-element-0ce869c elementor-widget elementor-widget-text-editor\" data-id=\"0ce869c\" data-element_type=\"widget\" data-widget_type=\"text-editor.default\">\n\t\t\t\t<div class=\"elementor-widget-container\">\n\t\t\t<style>\/*! elementor - v3.10.2 - 29-01-2023 *\/\n.elementor-widget-text-editor.elementor-drop-cap-view-stacked .elementor-drop-cap{background-color:#818a91;color:#fff}.elementor-widget-text-editor.elementor-drop-cap-view-framed .elementor-drop-cap{color:#818a91;border:3px solid;background-color:transparent}.elementor-widget-text-editor:not(.elementor-drop-cap-view-default) .elementor-drop-cap{margin-top:8px}.elementor-widget-text-editor:not(.elementor-drop-cap-view-default) .elementor-drop-cap-letter{width:1em;height:1em}.elementor-widget-text-editor .elementor-drop-cap{float:left;text-align:center;line-height:1;font-size:50px}.elementor-widget-text-editor .elementor-drop-cap-letter{display:inline-block}<\/style>\t\t\t\t<p><strong>Pachuca, Hgo., 26 de septiembre de 2024.- <\/strong>A tan solo 10 minutos de Actopan, en la colonia Ca\u00f1ada Aviaci\u00f3n, se celebrar\u00e1 la tradicional Feria Anual en honor a la Virgen de Santa Teresa de \u00c1vila, del 13 al 15 de octubre. Este evento, que forma parte de la comunidad desde hace m\u00e1s de 40 a\u00f1os, re\u00fane a familias y visitantes en torno a una amplia gama de actividades religiosas, culturales, deportivas y recreativas.<\/p><p>La feria se llevar\u00e1 a cabo en el centro de la comunidad, donde se encuentra la emblem\u00e1tica Iglesia de Santa Teresa de \u00c1vila, un lugar clave para las celebraciones religiosas que acompa\u00f1an las festividades.<\/p><p>Arturo Cruz, presidente del comit\u00e9 organizador de la feria, se\u00f1al\u00f3: \u201cEl dinero recaudado por la compra de boletos ser\u00e1 destinado a una rifa entre los asistentes, con un premio total de 75 mil pesos. Esta iniciativa busca agradecer a quienes participan y contribuyen al \u00e9xito del evento\u201d.<\/p><p>Adem\u00e1s, se contar\u00e1 con una muestra gastron\u00f3mica destinada a conservar la cocina tradicional, utilizando ingredientes y m\u00e9todos de preparaci\u00f3n de anta\u00f1o. Dentro de esta muestra, se llevar\u00e1 a cabo un concurso cuya inscripci\u00f3n ser\u00e1 completamente gratuita.<\/p><p>El programa incluye emocionantes eventos como jaripeos, rodeos, concursos, rifas, presentaciones de imitadores y vibrantes bailes a cargo de reconocidos grupos musicales. Durante estos tres d\u00edas, la comunidad celebrar\u00e1 con entusiasmo y fervor su patrimonio cultural, manteniendo viva una tradici\u00f3n que ha unido a generaciones.<\/p><p>La Feria Anual de Ca\u00f1ada Aviaci\u00f3n se ha consolidado como una celebraci\u00f3n imprescindible en la regi\u00f3n, atrayendo a visitantes de diversas localidades, quienes disfrutan de una experiencia \u00fanica que combina fe, entretenimiento y tradici\u00f3n.<\/p>\t\t\t\t\t\t<\/div>\n\t\t\t\t<\/div>\n\t\t\t\t\t<\/div>\n\t\t<\/div>\n\t\t\t\t\t\t\t<\/div>\n\t\t<\/section>\n\t\t\t\t\t\t\t<\/div>\n\t\t","protected":false},"excerpt":{"rendered":"<p>Pachuca, Hgo., 26 de septiembre de 2024.- A tan solo 10 minutos de Actopan, en la colonia Ca\u00f1ada Aviaci\u00f3n, se celebrar\u00e1 la tradicional Feria Anual en honor a la Virgen de Santa Teresa de \u00c1vila, del 13 al 15 de octubre. Este evento, que forma parte de la comunidad desde hace m\u00e1s de 40 a\u00f1os, [&hellip;]<\/p>\n","protected":false},"author":1,"featured_media":56984,"comment_status":"closed","ping_status":"closed","sticky":false,"template":"","format":"standard","meta":[],"categories":[9],"tags":[],"_links":{"self":[{"href":"https:\/\/www.diarionoti7.com.mx\/index.php?rest_route=\/wp\/v2\/posts\/56982"}],"collection":[{"href":"https:\/\/www.diarionoti7.com.mx\/index.php?rest_route=\/wp\/v2\/posts"}],"about":[{"href":"https:\/\/www.diarionoti7.com.mx\/index.php?rest_route=\/wp\/v2\/types\/post"}],"author":[{"embeddable":true,"href":"https:\/\/www.diarionoti7.com.mx\/index.php?rest_route=\/wp\/v2\/users\/1"}],"replies":[{"embeddable":true,"href":"https:\/\/www.diarionoti7.com.mx\/index.php?rest_route=%2Fwp%2Fv2%2Fcomments&post=56982"}],"version-history":[{"count":4,"href":"https:\/\/www.diarionoti7.com.mx\/index.php?rest_route=\/wp\/v2\/posts\/56982\/revisions"}],"predecessor-version":[{"id":56987,"href":"https:\/\/www.diarionoti7.com.mx\/index.php?rest_route=\/wp\/v2\/posts\/56982\/revisions\/56987"}],"wp:featuredmedia":[{"embeddable":true,"href":"https:\/\/www.diarionoti7.com.mx\/index.php?rest_route=\/wp\/v2\/media\/56984"}],"wp:attachment":[{"href":"https:\/\/www.diarionoti7.com.mx\/index.php?rest_route=%2Fwp%2Fv2%2Fmedia&parent=56982"}],"wp:term":[{"taxonomy":"category","embeddable":true,"href":"https:\/\/www.diarionoti7.com.mx\/index.php?rest_route=%2Fwp%2Fv2%2Fcategories&post=56982"},{"taxonomy":"post_tag","embeddable":true,"href":"https:\/\/www.diarionoti7.com.mx\/index.php?rest_route=%2Fwp%2Fv2%2Ftags&post=56982"}],"curies":[{"name":"wp","href":"https:\/\/api.w.org\/{rel}","templated":true}]}}