{"id":56976,"date":"2024-09-27T09:14:25","date_gmt":"2024-09-27T09:14:25","guid":{"rendered":"https:\/\/www.diarionoti7.com.mx\/?p=56976"},"modified":"2024-09-27T17:15:31","modified_gmt":"2024-09-27T17:15:31","slug":"fue-publicada-la-convocatoria-publica-para-seleccion-de-titular-el-organo-interno-de-control","status":"publish","type":"post","link":"https:\/\/www.diarionoti7.com.mx\/?p=56976","title":{"rendered":"Fue Publicada La Convocatoria P\u00fablica para Selecci\u00f3n de Titular el \u00d3rgano Interno de Control"},"content":{"rendered":"\t\t<div data-elementor-type=\"wp-post\" data-elementor-id=\"56976\" class=\"elementor elementor-56976\">\n\t\t\t\t\t\t\t\t\t<section class=\"elementor-section elementor-top-section elementor-element elementor-element-c09b8f0 elementor-section-boxed elementor-section-height-default elementor-section-height-default\" data-id=\"c09b8f0\" data-element_type=\"section\">\n\t\t\t\t\t\t<div class=\"elementor-container elementor-column-gap-default\">\n\t\t\t\t\t<div class=\"elementor-column elementor-col-100 elementor-top-column elementor-element elementor-element-955a561\" data-id=\"955a561\" data-element_type=\"column\">\n\t\t\t<div class=\"elementor-widget-wrap elementor-element-populated\">\n\t\t\t\t\t\t\t\t<div class=\"elementor-element elementor-element-0ce869c elementor-widget elementor-widget-text-editor\" data-id=\"0ce869c\" data-element_type=\"widget\" data-widget_type=\"text-editor.default\">\n\t\t\t\t<div class=\"elementor-widget-container\">\n\t\t\t<style>\/*! elementor - v3.10.2 - 29-01-2023 *\/\n.elementor-widget-text-editor.elementor-drop-cap-view-stacked .elementor-drop-cap{background-color:#818a91;color:#fff}.elementor-widget-text-editor.elementor-drop-cap-view-framed .elementor-drop-cap{color:#818a91;border:3px solid;background-color:transparent}.elementor-widget-text-editor:not(.elementor-drop-cap-view-default) .elementor-drop-cap{margin-top:8px}.elementor-widget-text-editor:not(.elementor-drop-cap-view-default) .elementor-drop-cap-letter{width:1em;height:1em}.elementor-widget-text-editor .elementor-drop-cap{float:left;text-align:center;line-height:1;font-size:50px}.elementor-widget-text-editor .elementor-drop-cap-letter{display:inline-block}<\/style>\t\t\t\t<p><strong>Tulancingo, Hgo., 26 de septiembre de 2024.-<\/strong>Luis Edmundo Aguilar Aranda, secretario general municipal inform\u00f3 que, fue publicada en la p\u00e1gina oficial del municipio, la convocatoria p\u00fablica abierta que contiene requisitos, plazos y bases para seleccionar al titular del \u00f3rgano interno de control, para el periodo 2024 &#8211; 2027 y que puede ser consultada en el link https:\/\/www.facebook.com\/PresidenciaTulancingo?locale=es_LA<\/p><p>Con esta acci\u00f3n se apertura el proceso que constar\u00e1 de diversos plazos, a fin de que, a m\u00e1s tardar el pr\u00f3ximo 20 de octubre el nuevo titular del \u00f3rgano interno de control tome posesi\u00f3n al cargo.<\/p><p>Se ha previsto que haya una gran participaci\u00f3n de aspirantes que deber\u00e1n contar con experiencia m\u00ednima de dos a\u00f1os en materias jur\u00eddica, de fiscalizaci\u00f3n o administrativa.<\/p><p>En m\u00e1s requisitos, el aspirante que puede ser hombre o mujer deber\u00e1 estar en ejercicio pleno de sus derechos pol\u00edticos y civiles adem\u00e1s de que, no debe ser o haber sido adherente o afiliado a alg\u00fan partido pol\u00edtico, dentro del a\u00f1o anterior a la designaci\u00f3n.<\/p><p>As\u00ed mismo, no desempe\u00f1ar o haber desempe\u00f1ado cargo de direcci\u00f3n nacional, estatal o municipal en alg\u00fan partido pol\u00edtico dentro del a\u00f1o anterior a la designaci\u00f3n.<\/p><p>De igual manera, no haber sido registrado como candidato ni haber desempe\u00f1ado cargo alguno de elecci\u00f3n popular en los \u00faltimos cuatro a\u00f1os anteriores a la designaci\u00f3n.<\/p><p>Tambi\u00e9n, los aspirantes no deben haber sido sancionados por alg\u00fan procedimiento de responsabilidad administrativa, relacionada con el encargo a desempe\u00f1ar adem\u00e1s de que deber\u00e1n presentar, un ensayo en t\u00f3picos de transparencia, rendici\u00f3n de cuentas y combate a la corrupci\u00f3n, el cual permitir\u00e1 analizar su visi\u00f3n sobre esos temas. (Ese ensayo ser\u00e1 turnado a cada uno de los integrantes del Pleno del Ayuntamiento para su estudio).<\/p><p>Los aspirantes deben contar con t\u00edtulo profesional en derecho, contadur\u00eda p\u00fablica o equivalente (con experiencia m\u00ednima de un a\u00f1o), as\u00ed como tener modo honesto de vivir y no contar con inhabilitaci\u00f3n vigente.<\/p><p>Sobre los plazos, la convocatoria especifica que la entrega de documentaci\u00f3n, as\u00ed como del ensayo solicitado ser\u00e1 en oficinas del \u00f3rgano interno de control, ubicadas en el segundo piso de presidencia, con fecha l\u00edmite este 2 de octubre.<\/p><p>Posterior a ello, el 4 de octubre se emitir\u00e1 un informe con el n\u00famero de aspirantes registrados e indicando cu\u00e1ntos de ellos cumplieron los requisitos establecidos en la convocatoria.<\/p><p>El 7 de octubre, se elaborar\u00e1 un calendario con fechas en las que, se llevara a cabo la presentaci\u00f3n individual y defensa de los ensayos y para ello, los aspirantes comparecer\u00e1n ante el pleno del ayuntamiento teniendo programado que sea entre el 8 a 10 de octubre.<\/p><p>La convocatoria tambi\u00e9n especifica que, una vez que el Ayuntamiento haya aprobado el nombramiento de la persona que ocupar\u00e1 el cargo de titular del \u00f3rgano interno de control, deber\u00e1 rendir un informe que, deber\u00e1 ser publicado en la p\u00e1gina electr\u00f3nica del municipio y en los medios que se consideren necesarios para su mayor difusi\u00f3n.<\/p><p>El actual contralor seguir\u00e1 al frente del cargo hasta que se designe a quien le relevar\u00e1.<\/p>\t\t\t\t\t\t<\/div>\n\t\t\t\t<\/div>\n\t\t\t\t\t<\/div>\n\t\t<\/div>\n\t\t\t\t\t\t\t<\/div>\n\t\t<\/section>\n\t\t\t\t\t\t\t<\/div>\n\t\t","protected":false},"excerpt":{"rendered":"<p>Tulancingo, Hgo., 26 de septiembre de 2024.-Luis Edmundo Aguilar Aranda, secretario general municipal inform\u00f3 que, fue publicada en la p\u00e1gina oficial del municipio, la convocatoria p\u00fablica abierta que contiene requisitos, plazos y bases para seleccionar al titular del \u00f3rgano interno de control, para el periodo 2024 &#8211; 2027 y que puede ser consultada en el [&hellip;]<\/p>\n","protected":false},"author":1,"featured_media":56978,"comment_status":"closed","ping_status":"closed","sticky":false,"template":"","format":"standard","meta":[],"categories":[9],"tags":[],"_links":{"self":[{"href":"https:\/\/www.diarionoti7.com.mx\/index.php?rest_route=\/wp\/v2\/posts\/56976"}],"collection":[{"href":"https:\/\/www.diarionoti7.com.mx\/index.php?rest_route=\/wp\/v2\/posts"}],"about":[{"href":"https:\/\/www.diarionoti7.com.mx\/index.php?rest_route=\/wp\/v2\/types\/post"}],"author":[{"embeddable":true,"href":"https:\/\/www.diarionoti7.com.mx\/index.php?rest_route=\/wp\/v2\/users\/1"}],"replies":[{"embeddable":true,"href":"https:\/\/www.diarionoti7.com.mx\/index.php?rest_route=%2Fwp%2Fv2%2Fcomments&post=56976"}],"version-history":[{"count":4,"href":"https:\/\/www.diarionoti7.com.mx\/index.php?rest_route=\/wp\/v2\/posts\/56976\/revisions"}],"predecessor-version":[{"id":56981,"href":"https:\/\/www.diarionoti7.com.mx\/index.php?rest_route=\/wp\/v2\/posts\/56976\/revisions\/56981"}],"wp:featuredmedia":[{"embeddable":true,"href":"https:\/\/www.diarionoti7.com.mx\/index.php?rest_route=\/wp\/v2\/media\/56978"}],"wp:attachment":[{"href":"https:\/\/www.diarionoti7.com.mx\/index.php?rest_route=%2Fwp%2Fv2%2Fmedia&parent=56976"}],"wp:term":[{"taxonomy":"category","embeddable":true,"href":"https:\/\/www.diarionoti7.com.mx\/index.php?rest_route=%2Fwp%2Fv2%2Fcategories&post=56976"},{"taxonomy":"post_tag","embeddable":true,"href":"https:\/\/www.diarionoti7.com.mx\/index.php?rest_route=%2Fwp%2Fv2%2Ftags&post=56976"}],"curies":[{"name":"wp","href":"https:\/\/api.w.org\/{rel}","templated":true}]}}